{"id":74532,"date":"2019-04-11T11:00:05","date_gmt":"2019-04-11T14:00:05","guid":{"rendered":"https:\/\/verde-amarelo.net\/verdeamarelo\/2019\/04\/de-grao-em-grao-o-campo-enche-o-pib-e-preserva-o-ambiente\/"},"modified":"2024-04-25T18:26:41","modified_gmt":"2024-04-25T21:26:41","slug":"de-grao-em-grao-o-campo-enche-o-pib-e-preserva-o-ambiente","status":"publish","type":"post","link":"https:\/\/verde-amarelo.net\/verdeamarelo\/2019\/04\/de-grao-em-grao-o-campo-enche-o-pib-e-preserva-o-ambiente\/","title":{"rendered":"De gr\u00e3o em gr\u00e3o, o campo enche o PIB e preserva o ambiente"},"content":{"rendered":"<blockquote class=\"quote_content\" readability=\"30\">\n<p><span>Jo\u00e3o Guilherme Sabino Ometto*<\/span><\/p>\n<\/blockquote>\n<p><a href=\"http:\/\/www.cargonews.com.br\/wp-content\/uploads\/2019\/04\/Dr-Ometto.jpg\">&#8220;size-medium wp-image-26911 alignright&#8221; src=&#8221;https:\/\/www.truckbrasil.com.br\/wp\/wp-content\/uploads\/2019\/04\/de-grao-em-grao-o-campo-enche-o-pib-e-preserva-o-ambiente.jpg&#8221; alt=&#8221;&#8221; width=&#8221;228&#8243; height=&#8221;300&#8243; srcset=&#8221;https:\/\/www.truckbrasil.com.br\/wp\/wp-content\/uploads\/2019\/04\/de-grao-em-grao-o-campo-enche-o-pib-e-preserva-o-ambiente.jpg 228w, http:\/\/www.cargonews.com.br\/wp-content\/uploads\/2019\/04\/Dr-Ometto-768&#215;1010.jpg 768w, http:\/\/www.cargonews.com.br\/wp-content\/uploads\/2019\/04\/Dr-Ometto-779&#215;1024.jpg 779w, http:\/\/www.cargonews.com.br\/wp-content\/uploads\/2019\/04\/Dr-Ometto.jpg 960w&#8221; sizes=&#8221;(max-width: 228px) 100vw, 228px&#8221;\/><\/a>\u00c9 uma boa not\u00edcia para a economia nacional o an\u00fancio que acaba de ser feito pelo IBGE, de que, em 2019, a safra de gr\u00e3os, abrangendo cereais, leguminosas e oleaginosas, ser\u00e1 3,1% maior do que a de 2018. Ser\u00e3o 233,4 milh\u00f5es de toneladas de soja, milho, feij\u00e3o, arroz e outros produtos para abastecer o mercado interno, aumentar nossas exporta\u00e7\u00f5es, fornecer mat\u00e9ria-prima para a agroind\u00fastria e incrementar a j\u00e1 substantiva participa\u00e7\u00e3o da agropecu\u00e1ria na composi\u00e7\u00e3o do PIB.<\/p>&nbsp;&nbsp;\n<p>Os n\u00fameros, al\u00e9m de indicarem bem-vinda retomada do crescimento da safra de gr\u00e3os, depois da queda de 5,9% no ano passado em rela\u00e7\u00e3o a 2017, refor\u00e7am o significado do agroneg\u00f3cio para o Pa\u00eds e a import\u00e2ncia de que, no novo governo, a atividade seja objeto de pol\u00edticas p\u00fablicas eficazes. Nesse sentido, s\u00e3o animadoras as primeiras sinaliza\u00e7\u00f5es da ministra da Agricultura, Pecu\u00e1ria e Abastecimento, Tereza Cristina, quanto \u00e0s metas de conquistar mais mercados, implementar o cr\u00e9dito, melhorar as estradas para escoamento da produ\u00e7\u00e3o e modernizar a infraestrutura. De fato, precisamos muito desses avan\u00e7os!<br \/>Tamb\u00e9m responde \u00e0 expectativa dos produtores \u2014 e \u00e0 proatividade da maioria deles em cumprir a legisla\u00e7\u00e3o referente \u00e0 vegeta\u00e7\u00e3o e aos mananciais \u2014, a declara\u00e7\u00e3o da ministra de que o Brasil \u00e9 um pa\u00eds com legisla\u00e7\u00e3o ambiental avan\u00e7ada, que soube preservar suas florestas nativas e matas ciliares. Trata-se de refer\u00eancia \u00e0 responsabilidade ambiental dos empres\u00e1rios do agroneg\u00f3cio, pois, obviamente, o Pa\u00eds ainda precisa avan\u00e7ar muito no tocante ao combate ao desmatamento ilegal e nos projetos de redu\u00e7\u00e3o da emiss\u00e3o de gases de efeito-estufa, conforme seus compromissos assumidos no \u00e2mbito do Acordo de Paris. Mas, esta \u00e9 outra quest\u00e3o.<\/p>&nbsp;&nbsp;\n<p>Sobre o fator ambiental nas propriedades rurais, cabe comentar n\u00e3o haver motivo de preocupa\u00e7\u00e3o pela mudan\u00e7a promovida pelo Governo Bolsonaro, de transferir ao Minist\u00e9rio da Agricultura o gerenciamento do Servi\u00e7o Florestal Brasileiro (SFB). A medida gerou alguns questionamentos, pois o organismo, antes vinculado \u00e0 pasta do Meio Ambiente, \u00e9 o respons\u00e1vel pelo Cadastro Ambiental Rural (CAR), que consiste no monitoramento dos im\u00f3veis do campo, coletando informa\u00e7\u00f5es sobre suas condi\u00e7\u00f5es, nascentes e vegeta\u00e7\u00e3o nativa.<\/p>&nbsp;&nbsp;\n<p>Independentemente do \u00f3rg\u00e3o encarregado do monitoramento ambiental das propriedades, os produtores e empres\u00e1rios do agroneg\u00f3cio, em sua grande maioria, s\u00e3o os primeiros interessados na preserva\u00e7\u00e3o. Afinal, sabem que a terra n\u00e3o resiste \u00e0 devasta\u00e7\u00e3o e entendem com clareza o significado do equil\u00edbrio ecol\u00f3gico para que biomas e ecossistemas sejam explorados de modo sustent\u00e1vel para a produ\u00e7\u00e3o agr\u00edcola.<\/p>&nbsp;&nbsp;\n<p>Se queremos um Estado menor e um governo menos intervencionista e mais indutor do desenvolvimento, precisamos valorizar e estimular cada vez mais a responsabilidade dos cidad\u00e3os e da sociedade sobre as suas pr\u00f3prias atividades, sua contribui\u00e7\u00e3o para o crescimento do PIB e sua consci\u00eancia socioambiental. \u00c9 com esse esp\u00edrito que o agroneg\u00f3cio tem se posicionado como forte alicerce da economia brasileira!<\/p>\n<p>*Jo\u00e3o Guilherme Sabino Ometto, engenheiro (Escola de Engenharia de S\u00e3o Carlos \u2013 EESC\/USP), \u00e9 vice-presidente do Conselho de Administra\u00e7\u00e3o da Usina S\u00e3o Martinho e membro da Academia Nacional de Agricultura (ANA).<\/p>&nbsp;&nbsp;\n<p>Assessoria de Imprensa<\/p>\n","protected":false},"excerpt":{"rendered":"<p>Jo\u00e3o Guilherme Sabino Ometto* &#8220;size-medium wp-image-26911 alignright&#8221; src=&#8221;https:\/\/www.truckbrasil.com.br\/wp\/wp-content\/uploads\/2019\/04\/de-grao-em-grao-o-campo-enche-o-pib-e-preserva-o-ambiente.jpg&#8221; alt=&#8221;&#8221; width=&#8221;228&#8243; height=&#8221;300&#8243; srcset=&#8221;https:\/\/www.truckbrasil.com.br\/wp\/wp-content\/uploads\/2019\/04\/de-grao-em-grao-o-campo-enche-o-pib-e-preserva-o-ambiente.jpg 228w, http:\/\/www.cargonews.com.br\/wp-content\/uploads\/2019\/04\/Dr-Ometto-768&#215;1010.jpg 768w,&#8230;<\/p>\n","protected":false},"author":1,"featured_media":0,"comment_status":"open","ping_status":"open","sticky":false,"template":"","format":"standard","meta":{"fifu_image_url":"","fifu_image_alt":"","footnotes":""},"categories":[8717],"tags":[11761,8248,2082,1314,3691,3307,4365,1371,9751,686,7726,2494,1874,1399,735,4437,1335,8621,1846,290,595,3340,2887,3897,734,2549,4022,2009,6531,1388,4088,2457,2036,2397,1286,3538,3248,1626,4255,849,2517,3016,3567,2199,2216,3052,1690,32,1299,2605,2810,2538,3058,7907,8668,1691,1274,8571,1702,1012,1692,779,3439,3572,6618,2100,7542,372,4057,2609,5362,6025,7984,1976],"class_list":["post-74532","post","type-post","status-publish","format-standard","hentry","category-artigos-de-opiniao","tag-11761","tag-abastecimento","tag-acordo","tag-agricultura","tag-agropecuaria","tag-ambiental","tag-anuncio","tag-arroz","tag-artigospib","tag-assessoria","tag-assessoria-de-imprensa","tag-atividades","tag-bem","tag-bolsonaro","tag-brasil","tag-brasileiro","tag-cereais","tag-combate","tag-conselho","tag-credito","tag-crescimento","tag-desenvolvimento","tag-desmatamento","tag-e","tag-economia","tag-ecossistemas","tag-emissao","tag-empresarios","tag-engenharia","tag-escola","tag-estradas","tag-expectativa","tag-exportacoes","tag-feijao","tag-florestal","tag-gases","tag-gerenciamento","tag-governo","tag-graos","tag-ibge","tag-imoveis","tag-imprensa","tag-informacoes","tag-infraestrutura","tag-legislacao","tag-materia-prima","tag-meio-ambiente","tag-mercado","tag-mercados","tag-milho","tag-ministerio","tag-mudanca","tag-noticia","tag-novo-governo","tag-paris","tag-pecuaria","tag-pib","tag-preservacao","tag-presidente","tag-producao","tag-produtores","tag-produtos","tag-projetos","tag-reducao","tag-relacao","tag-retomada","tag-safra","tag-servico","tag-sociedade","tag-soja","tag-terra","tag-truckbrasil","tag-usp","tag-vice-presidente","wpcat-8717-id"],"_links":{"self":[{"href":"https:\/\/verde-amarelo.net\/verdeamarelo\/wp-json\/wp\/v2\/posts\/74532","targetHints":{"allow":["GET"]}}],"collection":[{"href":"https:\/\/verde-amarelo.net\/verdeamarelo\/wp-json\/wp\/v2\/posts"}],"about":[{"href":"https:\/\/verde-amarelo.net\/verdeamarelo\/wp-json\/wp\/v2\/types\/post"}],"author":[{"embeddable":true,"href":"https:\/\/verde-amarelo.net\/verdeamarelo\/wp-json\/wp\/v2\/users\/1"}],"replies":[{"embeddable":true,"href":"https:\/\/verde-amarelo.net\/verdeamarelo\/wp-json\/wp\/v2\/comments?post=74532"}],"version-history":[{"count":0,"href":"https:\/\/verde-amarelo.net\/verdeamarelo\/wp-json\/wp\/v2\/posts\/74532\/revisions"}],"wp:attachment":[{"href":"https:\/\/verde-amarelo.net\/verdeamarelo\/wp-json\/wp\/v2\/media?parent=74532"}],"wp:term":[{"taxonomy":"category","embeddable":true,"href":"https:\/\/verde-amarelo.net\/verdeamarelo\/wp-json\/wp\/v2\/categories?post=74532"},{"taxonomy":"post_tag","embeddable":true,"href":"https:\/\/verde-amarelo.net\/verdeamarelo\/wp-json\/wp\/v2\/tags?post=74532"}],"curies":[{"name":"wp","href":"https:\/\/api.w.org\/{rel}","templated":true}]}}