{"id":74619,"date":"2019-04-24T00:45:09","date_gmt":"2019-04-24T03:45:09","guid":{"rendered":"https:\/\/verde-amarelo.net\/verdeamarelo\/2019\/04\/fiat-argo-trekking-e-a-versao-aventureira-do-hatch-da-marca\/"},"modified":"2019-04-24T00:45:09","modified_gmt":"2019-04-24T03:45:09","slug":"fiat-argo-trekking-e-a-versao-aventureira-do-hatch-da-marca","status":"publish","type":"post","link":"https:\/\/verde-amarelo.net\/verdeamarelo\/2019\/04\/fiat-argo-trekking-e-a-versao-aventureira-do-hatch-da-marca\/","title":{"rendered":"Fiat Argo Trekking \u00e9 a vers\u00e3o \u201caventureira\u201d do hatch da marca"},"content":{"rendered":"<p><a href=\"http:\/\/www.carpointnews.com.br\/2019\/04\/24\/trekking-versao-aventureira\/fiat-argo-trekking-43\/\" rel=\"attachment wp-att-71337\"><img \"alignnone size-full wp-image-71337&#8243; src=&#8221;http:\/\/www.carpointnews.com.br\/wp-content\/uploads\/2019\/04\/Fiat-Argo-Trekking-43.jpg&#8221; alt=&#8221;&#8221; width=&#8221;500&#8243; height=&#8221;312&#8243; srcset=&#8221;http:\/\/www.carpointnews.com.br\/wp-content\/uploads\/2019\/04\/Fiat-Argo-Trekking-43.jpg 500w, http:\/\/www.carpointnews.com.br\/wp-content\/uploads\/2019\/04\/Fiat-Argo-Trekking-43-300&#215;187.jpg 300w, http:\/\/www.carpointnews.com.br\/wp-content\/uploads\/2019\/04\/Fiat-Argo-Trekking-43-180&#215;112.jpg 180w, http:\/\/www.carpointnews.com.br\/wp-content\/uploads\/2019\/04\/Fiat-Argo-Trekking-43-150&#215;94.jpg 150w&#8221; sizes=&#8221;(max-width: 500px) 100vw, 500px&#8221;\/><\/a><\/p>\n<p>O Fiat Argo Trekking chega para integrar a fam\u00edlia, que agora est\u00e1 completa. Esportiva com um toque de aventura, com muita tecnologia, alta qualidade e \u00f3tima performance, a nova vers\u00e3o Trekking traz a robustez e o estilo como diferenciais com acabamento interno e externo superiores aos rivais diretos, melhor comportamento din\u00e2mico da categoria e conforto em piso de terra, al\u00e9m do consagrado motor Firefly 1.3 com pot\u00eancia de 109 cv e torque de 14,2 kgfm, o mais eficiente do mercado em sua cilindrada.<\/p>&nbsp;&nbsp;\n<p>Destaque ainda para as retomadas sem igual nessa faixa de motoriza\u00e7\u00e3o j\u00e1 que a fam\u00edlia Firefly oferece o melhor e mais bem distribu\u00eddo torque do segmento, dando agilidade \u00e0s acelera\u00e7\u00f5es e retomadas de velocidade, sem a necessidade de espremer o pedal do acelerador a todo momento. O propulsor \u00e9 acoplado \u00e0 transmiss\u00e3o manual de cinco marchas com escalonamento preciso que extrai as melhores retomadas e acelera\u00e7\u00f5es, priorizando ainda a diminui\u00e7\u00e3o de consumo e ru\u00eddo.<\/p>&nbsp;&nbsp;\n<p><a href=\"http:\/\/www.carpointnews.com.br\/2019\/04\/24\/trekking-versao-aventureira\/fiat-argo-trekking-41\/\" rel=\"attachment wp-att-71336\"><img \"alignnone size-full wp-image-71336&#8243; src=&#8221;http:\/\/www.carpointnews.com.br\/wp-content\/uploads\/2019\/04\/Fiat-Argo-Trekking-41.jpg&#8221; alt=&#8221;&#8221; width=&#8221;500&#8243; height=&#8221;312&#8243; srcset=&#8221;http:\/\/www.carpointnews.com.br\/wp-content\/uploads\/2019\/04\/Fiat-Argo-Trekking-41.jpg 500w, http:\/\/www.carpointnews.com.br\/wp-content\/uploads\/2019\/04\/Fiat-Argo-Trekking-41-300&#215;187.jpg 300w, http:\/\/www.carpointnews.com.br\/wp-content\/uploads\/2019\/04\/Fiat-Argo-Trekking-41-180&#215;112.jpg 180w, http:\/\/www.carpointnews.com.br\/wp-content\/uploads\/2019\/04\/Fiat-Argo-Trekking-41-150&#215;94.jpg 150w&#8221; sizes=&#8221;(max-width: 500px) 100vw, 500px&#8221;\/><\/a><\/p>\n<p>Com suspens\u00e3o elevada e o maior v\u00e3o livre da categoria (ground clearance) \u2013 210 mm, o novo Fiat Argo Trekking est\u00e1 agora 40 mm mais alto em rela\u00e7\u00e3o \u00e0 vers\u00e3o Drive 1.3. Ele traz ainda outros componentes desenvolvidos para garantir sua caracter\u00edstica aventureira, fruto de quase 25 mil horas de desenvolvimento da Engenharia, focadas principalmente na estabilidade, no conforto ao rodar e no comportamento din\u00e2mico, o melhor da categoria. Equipado com novos pneus 205\/60R15 91H S-ATR WL, com banda de rodagem para uso misto e montados exclusivamente para a vers\u00e3o Trekking, proporciona o m\u00e1ximo de desempenho e, mesmo com perfil mais alto, assegura mais conforto e robustez para o ve\u00edculo, gra\u00e7as ao extenso trabalho de engenharia que revisitou toda a elastocinem\u00e1tica do chassis, passando por molas, amortecedores e at\u00e9 tunning da dire\u00e7\u00e3o el\u00e9trica.<\/p>&nbsp;&nbsp;\n<p>Para completar suas caracter\u00edsticas off road light, voltada para os clientes que desejam sair do asfalto, o Fiat Argo Trekking \u00e9 o melhor de seu segmento em pisos irregulares, apresentando os mais altos n\u00edveis de conforto, mantendo a excel\u00eancia do comportamento din\u00e2mico do ve\u00edculo. A nova vers\u00e3o apresenta ainda melhor absor\u00e7\u00e3o de impacto e mais seguran\u00e7a em terrenos com baixa ader\u00eancia, como estradas de terra.<\/p>&nbsp;&nbsp;\n<p><strong><a href=\"http:\/\/www.carpointnews.com.br\/2019\/04\/24\/trekking-versao-aventureira\/fiat-argo-trekking-12\/\" rel=\"attachment wp-att-71334\"><img \"alignnone size-full wp-image-71334&#8243; src=&#8221;http:\/\/www.carpointnews.com.br\/wp-content\/uploads\/2019\/04\/Fiat-Argo-Trekking-12.jpg&#8221; alt=&#8221;&#8221; width=&#8221;500&#8243; height=&#8221;311&#8243; srcset=&#8221;http:\/\/www.carpointnews.com.br\/wp-content\/uploads\/2019\/04\/Fiat-Argo-Trekking-12.jpg 500w, http:\/\/www.carpointnews.com.br\/wp-content\/uploads\/2019\/04\/Fiat-Argo-Trekking-12-300&#215;187.jpg 300w, http:\/\/www.carpointnews.com.br\/wp-content\/uploads\/2019\/04\/Fiat-Argo-Trekking-12-180&#215;112.jpg 180w, http:\/\/www.carpointnews.com.br\/wp-content\/uploads\/2019\/04\/Fiat-Argo-Trekking-12-150&#215;93.jpg 150w&#8221; sizes=&#8221;(max-width: 500px) 100vw, 500px&#8221;\/><\/a><\/strong><\/p>\n<p>Al\u00e9m de todas as mudan\u00e7as que foram feitas para que o carro tivesse uma performance e conforto diferenciados na hora de viajar por estradas irregulares, o Fiat Argo Trekking ainda \u00e9 completo e cheio de estilo. A nova vers\u00e3o traz equipamentos de s\u00e9rie que conferem uma personalidade mais aventureira e esportiva ao seu design tanto por fora quando por dentro.<\/p>&nbsp;&nbsp;\n<p>O Fiat Argo Trekking \u00e9 a \u00fanica vers\u00e3o aventureira do segmento com teto bicolor. Traz ainda barras no teto, que \u00e9 pintado em preto assim como os retrovisores e aerof\u00f3lio. Em cima, nas laterais inferiores e na traseira, outra novidade: o logotipo \u201cTrekking\u201d. O s\u00edmbolo \u00e9 composto por tr\u00eas diferentes formas com significados distintos: transcender, explorar e criar, ou seja, exatamente aquilo que a nova vers\u00e3o permite que seu propriet\u00e1rio fa\u00e7a pelas estradas dentro ou fora das cidades.<\/p>&nbsp;&nbsp;\n<p><a href=\"http:\/\/www.carpointnews.com.br\/2019\/04\/24\/trekking-versao-aventureira\/fiat-argo-trekking-8\/\" rel=\"attachment wp-att-71332\"><img \"alignnone size-full wp-image-71332&#8243; src=&#8221;http:\/\/www.carpointnews.com.br\/wp-content\/uploads\/2019\/04\/Fiat-Argo-Trekking-8.jpg&#8221; alt=&#8221;&#8221; width=&#8221;500&#8243; height=&#8221;311&#8243; srcset=&#8221;http:\/\/www.carpointnews.com.br\/wp-content\/uploads\/2019\/04\/Fiat-Argo-Trekking-8.jpg 500w, http:\/\/www.carpointnews.com.br\/wp-content\/uploads\/2019\/04\/Fiat-Argo-Trekking-8-300&#215;187.jpg 300w, http:\/\/www.carpointnews.com.br\/wp-content\/uploads\/2019\/04\/Fiat-Argo-Trekking-8-180&#215;112.jpg 180w, http:\/\/www.carpointnews.com.br\/wp-content\/uploads\/2019\/04\/Fiat-Argo-Trekking-8-150&#215;93.jpg 150w&#8221; sizes=&#8221;(max-width: 500px) 100vw, 500px&#8221;\/><\/a><\/p>\n<p>A vers\u00e3o tem ainda um adesivo preto no cap\u00f4, far\u00f3is com design em LED, nova moldura da caixa de rodas e do para-choque traseiro na parte inferior, logomarca da Fiat com acabamento exclusivo em cromo escurecido na traseira, ponteira de escapamento trapezoidal com cor exclusiva, al\u00e9m de rodas com aro 15 com calotas escurecidas.<\/p>&nbsp;&nbsp;\n<p>Por dentro, logo ao entrar, chama a aten\u00e7\u00e3o o tecido escuro dos bancos de alta qualidade com o contraste da costura laranja, \u00e1rea central com textura quadriculada e o logotipo Trekking bordado.\u00a0\u00a0 O motorista tamb\u00e9m logo repara no logotipo Fiat do volante escurecido assim como a pe\u00e7a central do painel e a moldura do console central e, para completar, as sa\u00eddas de ar s\u00e3o cromadas.<\/p>&nbsp;&nbsp;\n<p><a href=\"http:\/\/www.carpointnews.com.br\/2019\/04\/24\/trekking-versao-aventureira\/fiat-argo-trekking-11\/\" rel=\"attachment wp-att-71333\"><img \"alignnone size-full wp-image-71333&#8243; src=&#8221;http:\/\/www.carpointnews.com.br\/wp-content\/uploads\/2019\/04\/Fiat-Argo-Trekking-11.jpg&#8221; alt=&#8221;&#8221; width=&#8221;500&#8243; height=&#8221;333&#8243; srcset=&#8221;http:\/\/www.carpointnews.com.br\/wp-content\/uploads\/2019\/04\/Fiat-Argo-Trekking-11.jpg 500w, http:\/\/www.carpointnews.com.br\/wp-content\/uploads\/2019\/04\/Fiat-Argo-Trekking-11-300&#215;200.jpg 300w, http:\/\/www.carpointnews.com.br\/wp-content\/uploads\/2019\/04\/Fiat-Argo-Trekking-11-180&#215;120.jpg 180w, http:\/\/www.carpointnews.com.br\/wp-content\/uploads\/2019\/04\/Fiat-Argo-Trekking-11-150&#215;100.jpg 150w&#8221; sizes=&#8221;(max-width: 500px) 100vw, 500px&#8221;\/><\/a><\/p>\n<p>Completa, a nova vers\u00e3o traz de s\u00e9rie ainda o melhor sistema multim\u00eddia do segmento, o Uconnect de 7 polegadas touchscreen com Apple CarPlay e Android Auto, vidro dianteiros e traseiros el\u00e9tricos, retrovisores el\u00e9tricos e far\u00f3is de neblina. Como opcionais, o cliente pode tamb\u00e9m incluir rodas de liga leve 6.0 de aro 15 com cor exclusiva e c\u00e2mera de r\u00e9 com linhas din\u00e2micas.<\/p>&nbsp;&nbsp;\n<p>\u201cO novo Fiat Argo Trekking chega para completar o portf\u00f3lio do Argo, aliando um design atraente e aventureiro \u00e0 funcionalidade da nova suspens\u00e3o refor\u00e7ada e elevada que, em conjunto com o pneu de uso misto, garantem a melhor performance em terrenos irregulares\u201d, afirma Herlander Zola, diretor do brand Fiat para a Am\u00e9rica Latina e diretor comercial da marca para o Brasil.<\/p>&nbsp;&nbsp;\n<p><a href=\"http:\/\/www.carpointnews.com.br\/2019\/04\/24\/trekking-versao-aventureira\/fiat-argo-trekking-47\/\" rel=\"attachment wp-att-71338\"><img \"alignnone size-full wp-image-71338&#8243; src=&#8221;http:\/\/www.carpointnews.com.br\/wp-content\/uploads\/2019\/04\/Fiat-Argo-Trekking-47.jpg&#8221; alt=&#8221;&#8221; width=&#8221;500&#8243; height=&#8221;375&#8243; srcset=&#8221;http:\/\/www.carpointnews.com.br\/wp-content\/uploads\/2019\/04\/Fiat-Argo-Trekking-47.jpg 500w, http:\/\/www.carpointnews.com.br\/wp-content\/uploads\/2019\/04\/Fiat-Argo-Trekking-47-300&#215;225.jpg 300w, http:\/\/www.carpointnews.com.br\/wp-content\/uploads\/2019\/04\/Fiat-Argo-Trekking-47-180&#215;135.jpg 180w, http:\/\/www.carpointnews.com.br\/wp-content\/uploads\/2019\/04\/Fiat-Argo-Trekking-47-150&#215;113.jpg 150w&#8221; sizes=&#8221;(max-width: 500px) 100vw, 500px&#8221;\/><\/a><\/p>\n<p>Com tudo isso, o novo Fiat Argo Trekking, que completa a fam\u00edlia Argo com robustez e muito estilo para os clientes com esp\u00edrito jovem que buscam um ve\u00edculo confort\u00e1vel, de alta qualidade e marcante nas ruas \u2013 ou fora delas.\u00a0 A vers\u00e3o, dispon\u00edvel nas cores Branco Banchisa, Branco Alaska, Vermelho Montecarlo e Cinza Silverstone, poder\u00e1 ser encontrada na rede de concession\u00e1rias Fiat a partir do final de abril.<\/p>&nbsp;&nbsp;\n<p>Al\u00e9m de todos os diferenciais que j\u00e1 fazem parte da vers\u00e3o Trekking, a Mopar oferece muito mais possibilidades de tornar cada Fiat Argo um ve\u00edculo \u00fanico. S\u00e3o mais de 50 acess\u00f3rios dispon\u00edveis para o modelo, sendo que dois s\u00e3o exclusivos do Argo Trekking:\u00a0as barras transversais de teto e o suporte para bicicleta. Este \u00e9 apoiado naquelas que, por sua vez, precisam das barras longitudinais \u2013 item de s\u00e9rie espec\u00edfico da configura\u00e7\u00e3o aventureira do hatch.<\/p>&nbsp;&nbsp;\n<p><a href=\"http:\/\/www.carpointnews.com.br\/2019\/04\/24\/trekking-versao-aventureira\/fiat-argo-trekking-27\/\" rel=\"attachment wp-att-71335\"><img \"alignnone size-full wp-image-71335&#8243; src=&#8221;http:\/\/www.carpointnews.com.br\/wp-content\/uploads\/2019\/04\/Fiat-Argo-Trekking-27.jpg&#8221; alt=&#8221;&#8221; width=&#8221;500&#8243; height=&#8221;374&#8243; srcset=&#8221;http:\/\/www.carpointnews.com.br\/wp-content\/uploads\/2019\/04\/Fiat-Argo-Trekking-27.jpg 500w, http:\/\/www.carpointnews.com.br\/wp-content\/uploads\/2019\/04\/Fiat-Argo-Trekking-27-300&#215;224.jpg 300w, http:\/\/www.carpointnews.com.br\/wp-content\/uploads\/2019\/04\/Fiat-Argo-Trekking-27-180&#215;135.jpg 180w, http:\/\/www.carpointnews.com.br\/wp-content\/uploads\/2019\/04\/Fiat-Argo-Trekking-27-150&#215;112.jpg 150w&#8221; sizes=&#8221;(max-width: 500px) 100vw, 500px&#8221;\/><\/a><\/p>\n<p>A Mopar tamb\u00e9m est\u00e1 aproveitando o lan\u00e7amento do Fiat Argo Trekking para colocar outra novidade no mercado, a rede vertical de carga. Ela permite organizar melhor objetos que ficariam totalmente soltos no porta-malas. Vale dizer ainda que uma das caracter\u00edsticas de estilo de maior destaque do Trekking pode ser adotada em qualquer Argo: o teto escuro. Enquanto a nova vers\u00e3o exibe a capota pintada de preto na f\u00e1brica, a Mopar oferece a chance de \u201cenvelopar\u201d o teto com um adesivo preto fosco \u2013 emprestando um ar mais esportivo do carro e tamb\u00e9m aumentando a prote\u00e7\u00e3o da pintura nessa \u00e1rea.<\/p>&nbsp;&nbsp;\n<p>Fonte: <strong class=\"gmail_sendername\" dir=\"auto\">Fiat Press<\/strong><\/p>\n","protected":false},"excerpt":{"rendered":"<p>Com suspens\u00e3o elevada e o maior v\u00e3o livre da categoria (ground clearance) \u2013 210 mm,&#8230;<\/p>\n","protected":false},"author":1,"featured_media":0,"comment_status":"open","ping_status":"open","sticky":false,"template":"","format":"standard","meta":{"fifu_image_url":"","fifu_image_alt":"","footnotes":""},"categories":[8699],"tags":[9802],"class_list":["post-74619","post","type-post","status-publish","format-standard","hentry","category-geralcarros","tag-carrosfiat-argo-trekkinglancamentosnoticias","wpcat-8699-id"],"_links":{"self":[{"href":"https:\/\/verde-amarelo.net\/verdeamarelo\/wp-json\/wp\/v2\/posts\/74619","targetHints":{"allow":["GET"]}}],"collection":[{"href":"https:\/\/verde-amarelo.net\/verdeamarelo\/wp-json\/wp\/v2\/posts"}],"about":[{"href":"https:\/\/verde-amarelo.net\/verdeamarelo\/wp-json\/wp\/v2\/types\/post"}],"author":[{"embeddable":true,"href":"https:\/\/verde-amarelo.net\/verdeamarelo\/wp-json\/wp\/v2\/users\/1"}],"replies":[{"embeddable":true,"href":"https:\/\/verde-amarelo.net\/verdeamarelo\/wp-json\/wp\/v2\/comments?post=74619"}],"version-history":[{"count":0,"href":"https:\/\/verde-amarelo.net\/verdeamarelo\/wp-json\/wp\/v2\/posts\/74619\/revisions"}],"wp:attachment":[{"href":"https:\/\/verde-amarelo.net\/verdeamarelo\/wp-json\/wp\/v2\/media?parent=74619"}],"wp:term":[{"taxonomy":"category","embeddable":true,"href":"https:\/\/verde-amarelo.net\/verdeamarelo\/wp-json\/wp\/v2\/categories?post=74619"},{"taxonomy":"post_tag","embeddable":true,"href":"https:\/\/verde-amarelo.net\/verdeamarelo\/wp-json\/wp\/v2\/tags?post=74619"}],"curies":[{"name":"wp","href":"https:\/\/api.w.org\/{rel}","templated":true}]}}