{"id":74622,"date":"2019-04-24T17:56:12","date_gmt":"2019-04-24T20:56:12","guid":{"rendered":"https:\/\/verde-amarelo.net\/verdeamarelo\/2019\/04\/groupe-psa-inicia-a-producao-em-serie-do-suv-peugeot-2008-em-porto-real\/"},"modified":"2019-04-24T17:56:12","modified_gmt":"2019-04-24T20:56:12","slug":"groupe-psa-inicia-a-producao-em-serie-do-suv-peugeot-2008-em-porto-real","status":"publish","type":"post","link":"https:\/\/verde-amarelo.net\/verdeamarelo\/2019\/04\/groupe-psa-inicia-a-producao-em-serie-do-suv-peugeot-2008-em-porto-real\/","title":{"rendered":"Groupe PSA inicia a produ\u00e7\u00e3o em s\u00e9rie do SUV Peugeot 2008 em Porto Real"},"content":{"rendered":"<p><a href=\"http:\/\/www.carpointnews.com.br\/2019\/04\/24\/groupe-producao-peugeot\/peugeot-2008-reestilizado-2020-01-1280x720\/\" rel=\"attachment wp-att-71344\"><img \"alignnone size-full wp-image-71344&#8243; src=&#8221;http:\/\/www.carpointnews.com.br\/wp-content\/uploads\/2019\/04\/peugeot-2008-reestilizado-2020-01-1280&#215;720.jpg&#8221; alt=&#8221;&#8221; width=&#8221;500&#8243; height=&#8221;281&#8243; srcset=&#8221;http:\/\/www.carpointnews.com.br\/wp-content\/uploads\/2019\/04\/peugeot-2008-reestilizado-2020-01-1280&#215;720.jpg 500w, http:\/\/www.carpointnews.com.br\/wp-content\/uploads\/2019\/04\/peugeot-2008-reestilizado-2020-01-1280&#215;720-300&#215;169.jpg 300w, http:\/\/www.carpointnews.com.br\/wp-content\/uploads\/2019\/04\/peugeot-2008-reestilizado-2020-01-1280&#215;720-180&#215;101.jpg 180w, http:\/\/www.carpointnews.com.br\/wp-content\/uploads\/2019\/04\/peugeot-2008-reestilizado-2020-01-1280&#215;720-150&#215;84.jpg 150w&#8221; sizes=&#8221;(max-width: 500px) 100vw, 500px&#8221;\/><\/a><\/p>\n<p class=\"m_6462084318397452548rtejustify\">O Groupe PSA iniciou hoje, em seu Polo Industrial de Porto Real, no estado do Rio de Janeiro, a produ\u00e7\u00e3o em s\u00e9rie do Novo SUV Peugeot 2008. Inspirado na nova identidade de design da Peugeot, o ve\u00edculo chega com novidades que o alinham neste quesito aos outros SUVs da marca.<\/p>&nbsp;&nbsp;\n<p class=\"m_6462084318397452548rtejustify\">\u201c<em>O Novo SUV Peugeot 2008 \u00e9 outro lan\u00e7amento importante do Groupe PSA na Am\u00e9rica Latina em nosso plano de crescimento rent\u00e1vel \u201cPush to Pass\u201d, que agora chega \u00e0 sua<\/em> <em><a onclick=\"javascript:_gaq.push(['_trackPageview', '\/out\/br-media.groupe-psa.com\/pt-br\/o-groupe-psa-refor%C3%A7ar%C3%A1-din%C3%A2mica-de-seu-plano-estrat%C3%A9gico-%E2%80%9Cpush-pass%E2%80%9D-para-segunda-fase-de-2019-2021']);\" href=\"https:\/\/br-media.groupe-psa.com\/pt-br\/o-groupe-psa-refor%C3%A7ar%C3%A1-din%C3%A2mica-de-seu-plano-estrat%C3%A9gico-%E2%80%9Cpush-pass%E2%80%9D-para-segunda-fase-de-2019-2021\" target=\"_blank\" rel=\"noopener noreferrer\" data-saferedirecturl=\"https:\/\/www.google.com\/url?q=https:\/\/br-media.groupe-psa.com\/pt-br\/o-groupe-psa-refor%25C3%25A7ar%25C3%25A1-din%25C3%25A2mica-de-seu-plano-estrat%25C3%25A9gico-%25E2%2580%259Cpush-pass%25E2%2580%259D-para-segunda-fase-de-2019-2021&amp;source=gmail&amp;ust=1556214434922000&amp;usg=AFQjCNGle1LDtwQOm_c60qdrd1Z1occGKA\">segunda etapa<\/a><\/em><em>, de 2019 a 2021. Ele se encaixa em nossa forte ofensiva mundial e regional em SUVs, e ser\u00e1 um componente fundamental para a marca Peugeot continuar competindo com excelentes produtos neste segmento\u201d<\/em>, declarou Patrice Lucas, Presidente Brasil e Am\u00e9rica Latina e membro do Comit\u00ea Executivo do Groupe PSA.\u00a0<\/p>\n<p><a href=\"http:\/\/www.carpointnews.com.br\/2019\/04\/24\/groupe-producao-peugeot\/peugeot-2008-2020-01\/\" rel=\"attachment wp-att-71345\"><img \"alignnone size-full wp-image-71345&#8243; src=&#8221;http:\/\/www.carpointnews.com.br\/wp-content\/uploads\/2019\/04\/peugeot-2008-2020-01.jpg&#8221; alt=&#8221;&#8221; width=&#8221;500&#8243; height=&#8221;333&#8243; srcset=&#8221;http:\/\/www.carpointnews.com.br\/wp-content\/uploads\/2019\/04\/peugeot-2008-2020-01.jpg 500w, http:\/\/www.carpointnews.com.br\/wp-content\/uploads\/2019\/04\/peugeot-2008-2020-01-300&#215;200.jpg 300w, http:\/\/www.carpointnews.com.br\/wp-content\/uploads\/2019\/04\/peugeot-2008-2020-01-180&#215;120.jpg 180w, http:\/\/www.carpointnews.com.br\/wp-content\/uploads\/2019\/04\/peugeot-2008-2020-01-150&#215;100.jpg 150w&#8221; sizes=&#8221;(max-width: 500px) 100vw, 500px&#8221;\/><\/a><\/p>\n<p class=\"m_6462084318397452548rtejustify\">\u201c<em>Um dos grandes desafios que temos em nosso planejamento \u00e9 o de elevar os volumes vendidos na Am\u00e9rica Latina em 70% de 2018 at\u00e9 2021, e o Novo SUV Peugeot 2008 ser\u00e1, certamente, um dos elementos que contribuir\u00e1 para que possamos chegar a este objetivo\u201d,<\/em> adicionou o executivo.<\/p>&nbsp;&nbsp;\n<p class=\"m_6462084318397452548rtejustify\">Remodelado ao gosto do consumidor latino-americano em projeto conduzido pela equipe de Estilo da Am\u00e9rica Latina, o Novo SUV Peugeot 2008 levou mais de dois anos para ser desenvolvido e cerca de 60 mil horas de trabalho. O projeto teve investimentos diretos de R$ 30 milh\u00f5es na f\u00e1brica de Porto Real, al\u00e9m do ve\u00edculo ter-se beneficiado, em grande medida, dos cerca de R$ 580 milh\u00f5es investidos por ocasi\u00e3o do <a onclick=\"javascript:_gaq.push(['_trackPageview', '\/out\/br-media.groupe-psa.com\/pt-br\/groupe-psa-inicia-em-porto-real-produ%C3%A7%C3%A3o-em-s%C3%A9rie-do-novo-suv-citro%C3%ABn-c4-cactus']);\" href=\"https:\/\/br-media.groupe-psa.com\/pt-br\/groupe-psa-inicia-em-porto-real-produ%C3%A7%C3%A3o-em-s%C3%A9rie-do-novo-suv-citro%C3%ABn-c4-cactus\" target=\"_blank\" rel=\"noopener noreferrer\" data-saferedirecturl=\"https:\/\/www.google.com\/url?q=https:\/\/br-media.groupe-psa.com\/pt-br\/groupe-psa-inicia-em-porto-real-produ%25C3%25A7%25C3%25A3o-em-s%25C3%25A9rie-do-novo-suv-citro%25C3%25ABn-c4-cactus&amp;source=gmail&amp;ust=1556214434922000&amp;usg=AFQjCNFTMtmDqrrR8wXqdrYZkrFTWHwjig\">lan\u00e7amento do modelo Novo SUV Citro\u00ebn C4 Cactus<\/a>, que demandou novas tecnologias e diversos processos polivalentes, que servem todos outros ve\u00edculos fabricados no local, como o SML \u2013 o Sistema de Medi\u00e7\u00e3o a Laser. Assim, os investimentos na f\u00e1brica de Porto Real continuam sendo feitos, mantendo-a altamente moderna e eficiente.\u00a0<\/p>\n<p><a href=\"http:\/\/www.carpointnews.com.br\/2019\/04\/24\/groupe-producao-peugeot\/peugeot-2008-reestilizado-2020-02-696x392\/\" rel=\"attachment wp-att-71346\"><img \"alignnone size-full wp-image-71346&#8243; src=&#8221;http:\/\/www.carpointnews.com.br\/wp-content\/uploads\/2019\/04\/peugeot-2008-reestilizado-2020-02-696&#215;392.jpg&#8221; alt=&#8221;&#8221; width=&#8221;500&#8243; height=&#8221;281&#8243; srcset=&#8221;http:\/\/www.carpointnews.com.br\/wp-content\/uploads\/2019\/04\/peugeot-2008-reestilizado-2020-02-696&#215;392.jpg 500w, http:\/\/www.carpointnews.com.br\/wp-content\/uploads\/2019\/04\/peugeot-2008-reestilizado-2020-02-696&#215;392-300&#215;169.jpg 300w, http:\/\/www.carpointnews.com.br\/wp-content\/uploads\/2019\/04\/peugeot-2008-reestilizado-2020-02-696&#215;392-180&#215;101.jpg 180w, http:\/\/www.carpointnews.com.br\/wp-content\/uploads\/2019\/04\/peugeot-2008-reestilizado-2020-02-696&#215;392-150&#215;84.jpg 150w&#8221; sizes=&#8221;(max-width: 500px) 100vw, 500px&#8221;\/><\/a><\/p>\n<p class=\"m_6462084318397452548rtejustify\"><em>\u201cPorto Real tem recebido grande aten\u00e7\u00e3o do Groupe PSA e continua mudando e se atualizando para receber novos modelos, como o Novo SUV Peugeot 2008. Entregaremos assim um ve\u00edculo com um alto n\u00edvel de qualidade, que certamente far\u00e1 com que nossos clientes fiquem ainda mais satisfeitos\u201d,<\/em> declarou Jean Mouro, Vice-Presidente S\u00eanior de Opera\u00e7\u00f5es Monozukuri Am\u00e9rica Latina do Groupe PSA.<\/p>&nbsp;&nbsp;\n<p class=\"m_6462084318397452548rtejustify\">Al\u00e9m do Novo SUV Peugeot 2008, a f\u00e1brica de ve\u00edculos de Porto Real tamb\u00e9m produz o 208 da Peugeot, al\u00e9m dos modelos Novo SUV C4 Cactus, Aircross e C3 da Citro\u00ebn. O Polo Industrial do Groupe PSA na cidade conta tamb\u00e9m com uma moderna f\u00e1brica de motores, que completou a marca de <a onclick=\"javascript:_gaq.push(['_trackPageview', '\/out\/br-media.groupe-psa.com\/pt-br\/groupe-psa-investe-em-porto-real-e-alcan%C3%A7a-marca-de-2-milh%C3%B5es-de-motores-produzidos-no-brasil']);\" href=\"https:\/\/br-media.groupe-psa.com\/pt-br\/groupe-psa-investe-em-porto-real-e-alcan%C3%A7a-marca-de-2-milh%C3%B5es-de-motores-produzidos-no-brasil\" target=\"_blank\" rel=\"noopener noreferrer\" data-saferedirecturl=\"https:\/\/www.google.com\/url?q=https:\/\/br-media.groupe-psa.com\/pt-br\/groupe-psa-investe-em-porto-real-e-alcan%25C3%25A7a-marca-de-2-milh%25C3%25B5es-de-motores-produzidos-no-brasil&amp;source=gmail&amp;ust=1556214434922000&amp;usg=AFQjCNHz1kLCcA0yIEvzcACrgPfxo5WA_w\">2 milh\u00f5es de unidades produzidas em 2018<\/a> e que, neste mesmo ano, inaugurou uma nova linha de virabrequins. \u00a0<\/p>\n<p>Fonte: <span class=\"qu\" tabindex=\"-1\" role=\"gridcell\"><span class=\"gD\" data-hovercard-id=\"groupe-psa-presseservice@presspsa.com\" data-hovercard-owner-id=\"21\">Media Groupe PSA Brasil<\/span><\/span><\/p>\n","protected":false},"excerpt":{"rendered":"<p>\u201cUm dos grandes desafios que temos em nosso planejamento \u00e9 o de elevar os volumes&#8230;<\/p>\n","protected":false},"author":1,"featured_media":0,"comment_status":"open","ping_status":"open","sticky":false,"template":"","format":"standard","meta":{"fifu_image_url":"","fifu_image_alt":"","footnotes":""},"categories":[8699],"tags":[9804],"class_list":["post-74622","post","type-post","status-publish","format-standard","hentry","category-geralcarros","tag-carrosgroupe-psanoticiasporto-realsuv-peugeot-2008","wpcat-8699-id"],"_links":{"self":[{"href":"https:\/\/verde-amarelo.net\/verdeamarelo\/wp-json\/wp\/v2\/posts\/74622","targetHints":{"allow":["GET"]}}],"collection":[{"href":"https:\/\/verde-amarelo.net\/verdeamarelo\/wp-json\/wp\/v2\/posts"}],"about":[{"href":"https:\/\/verde-amarelo.net\/verdeamarelo\/wp-json\/wp\/v2\/types\/post"}],"author":[{"embeddable":true,"href":"https:\/\/verde-amarelo.net\/verdeamarelo\/wp-json\/wp\/v2\/users\/1"}],"replies":[{"embeddable":true,"href":"https:\/\/verde-amarelo.net\/verdeamarelo\/wp-json\/wp\/v2\/comments?post=74622"}],"version-history":[{"count":0,"href":"https:\/\/verde-amarelo.net\/verdeamarelo\/wp-json\/wp\/v2\/posts\/74622\/revisions"}],"wp:attachment":[{"href":"https:\/\/verde-amarelo.net\/verdeamarelo\/wp-json\/wp\/v2\/media?parent=74622"}],"wp:term":[{"taxonomy":"category","embeddable":true,"href":"https:\/\/verde-amarelo.net\/verdeamarelo\/wp-json\/wp\/v2\/categories?post=74622"},{"taxonomy":"post_tag","embeddable":true,"href":"https:\/\/verde-amarelo.net\/verdeamarelo\/wp-json\/wp\/v2\/tags?post=74622"}],"curies":[{"name":"wp","href":"https:\/\/api.w.org\/{rel}","templated":true}]}}