{"id":74627,"date":"2019-04-24T15:46:00","date_gmt":"2019-04-24T18:46:00","guid":{"rendered":"https:\/\/verde-amarelo.net\/verdeamarelo\/2019\/04\/nissan-nissan-electrificara-la-ciudad-de-la-luz\/"},"modified":"2019-04-24T15:46:00","modified_gmt":"2019-04-24T18:46:00","slug":"nissan-nissan-electrificara-la-ciudad-de-la-luz","status":"publish","type":"post","link":"https:\/\/verde-amarelo.net\/verdeamarelo\/2019\/04\/nissan-nissan-electrificara-la-ciudad-de-la-luz\/","title":{"rendered":"Nissan: Nissan electrificar\u00e1 la \u201cCiudad de la Luz\u201d"},"content":{"rendered":"<div><img decoding=\"async\" src=\"data:image\/gif;base64,R0lGODlhAQABAIAAAAAAAP\/\/\/ywAAAAAAQABAAACAUwAOw==\" fifu-lazy=\"1\" fifu-data-sizes=\"auto\" fifu-data-srcset=\"https:\/\/i1.wp.com\/www.truckbrasil.com.br\/wp\/wp-content\/uploads\/2019\/04\/nissan-nissan-electrificara-la-ciudad-de-la-luz.jpg?ssl=1&w=75&resize=75&ssl=1 75w, https:\/\/i1.wp.com\/www.truckbrasil.com.br\/wp\/wp-content\/uploads\/2019\/04\/nissan-nissan-electrificara-la-ciudad-de-la-luz.jpg?ssl=1&w=100&resize=100&ssl=1 100w, https:\/\/i1.wp.com\/www.truckbrasil.com.br\/wp\/wp-content\/uploads\/2019\/04\/nissan-nissan-electrificara-la-ciudad-de-la-luz.jpg?ssl=1&w=150&resize=150&ssl=1 150w, https:\/\/i1.wp.com\/www.truckbrasil.com.br\/wp\/wp-content\/uploads\/2019\/04\/nissan-nissan-electrificara-la-ciudad-de-la-luz.jpg?ssl=1&w=240&resize=240&ssl=1 240w, https:\/\/i1.wp.com\/www.truckbrasil.com.br\/wp\/wp-content\/uploads\/2019\/04\/nissan-nissan-electrificara-la-ciudad-de-la-luz.jpg?ssl=1&w=320&resize=320&ssl=1 320w, https:\/\/i1.wp.com\/www.truckbrasil.com.br\/wp\/wp-content\/uploads\/2019\/04\/nissan-nissan-electrificara-la-ciudad-de-la-luz.jpg?ssl=1&w=500&resize=500&ssl=1 500w, https:\/\/i1.wp.com\/www.truckbrasil.com.br\/wp\/wp-content\/uploads\/2019\/04\/nissan-nissan-electrificara-la-ciudad-de-la-luz.jpg?ssl=1&w=640&resize=640&ssl=1 640w, https:\/\/i1.wp.com\/www.truckbrasil.com.br\/wp\/wp-content\/uploads\/2019\/04\/nissan-nissan-electrificara-la-ciudad-de-la-luz.jpg?ssl=1&w=800&resize=800&ssl=1 800w, https:\/\/i1.wp.com\/www.truckbrasil.com.br\/wp\/wp-content\/uploads\/2019\/04\/nissan-nissan-electrificara-la-ciudad-de-la-luz.jpg?ssl=1&w=1024&resize=1024&ssl=1 1024w, https:\/\/i1.wp.com\/www.truckbrasil.com.br\/wp\/wp-content\/uploads\/2019\/04\/nissan-nissan-electrificara-la-ciudad-de-la-luz.jpg?ssl=1&w=1280&resize=1280&ssl=1 1280w, https:\/\/i1.wp.com\/www.truckbrasil.com.br\/wp\/wp-content\/uploads\/2019\/04\/nissan-nissan-electrificara-la-ciudad-de-la-luz.jpg?ssl=1&w=1600&resize=1600&ssl=1 1600w\" fifu-data-src=\"https:\/\/i1.wp.com\/www.truckbrasil.com.br\/wp\/wp-content\/uploads\/2019\/04\/nissan-nissan-electrificara-la-ciudad-de-la-luz.jpg?ssl=1\" class=\"ff-og-image-inserted\"\/><\/div>\n<p><strong>PAR\u00cdS, Francia \u2013<\/strong> Despu\u00e9s de un s\u00f3lido resultado en Roma, la escuder\u00eda Nissan e.dams se dirigir\u00e1 esta semana a Par\u00eds, donde buscar\u00e1 obtener la victoria en la &#8220;Ciudad de la Luz&#8221;.<\/p>&nbsp;&nbsp;\n<p>A pesar de una complicada sesi\u00f3n de clasificaci\u00f3n, los pilotos de Nissan e.dams recuperaron posiciones en el e-Prix de Roma y se ubicaron en la zona de puntos, con Sebastien Buemi logrando el quinto lugar y Oliver Rowland el sexto.<\/p>&nbsp;&nbsp;\n<p>Previamente, el equipo obtuvo su primer podio de F\u00f3rmula E \u2013 el campeonato 100 por ciento el\u00e9ctrico que se compite en circuitos urbanos \u2013 durante el e-Prix de China, y ahora Buemi y Rowland quieren agregar su nombre a la creciente lista de ganadores de carreras de la quinta temporada de este revolucionario serial.<\/p>&nbsp;&nbsp;\n<p>Cabe destacar que siete pilotos diferentes y siete equipos diferentes se han adjudicado la victoria en esta temporada, enfatizando la extraordinaria competitividad del campeonato.<\/p>&nbsp;&nbsp;\n<p>Nissan e.dams se ha convertido en un actor consistente durante las \u00faltimas rondas, en las cuales tanto Buemi como Rowland han obtenido puntos. Nissan es uno de los dos \u00fanicos equipos en conseguir que sus dos veh\u00edculos est\u00e9n entre los diez primeros en Sanya y Roma.<\/p>&nbsp;&nbsp;\n<p>El bot\u00edn de 44 puntos que obtuvo el equipo en las \u00faltimas dos rondas tambi\u00e9n es el segundo m\u00e1s cuantioso conseguido por cualquier equipo en China e Italia.<\/p>&nbsp;&nbsp;\n<p>La carrera de este fin de semana se llevar\u00e1 a cabo en el trazado del circuito de Invalides, el cual consta de 1.93 kil\u00f3metros y 14 curvas y que se extiende junto al famoso complejo de edificios Les Invalides de Par\u00eds.<\/p>&nbsp;&nbsp;\n<p>Mientras persigue el \u00e9xito en el campeonato el\u00e9ctrico en las pistas de Europa, Nissan ya es l\u00edder de veh\u00edculos el\u00e9ctricos (EV) urbanos: Nissan LEAF es el EV m\u00e1s vendido en el mundo. Nissan est\u00e1 utilizando la F\u00f3rmula E para demostrar la potencia y alto desempe\u00f1o de sus tecnolog\u00edas de veh\u00edculos el\u00e9ctricos, una parte clave de su visi\u00f3n Nissan Intelligent Mobility.<\/p>&nbsp;&nbsp;\n<p>Los clientes en todo el mundo han comprado m\u00e1s de 400 mil unidades de Nissan LEAF desde que el modelo sali\u00f3 a la venta en 2010, lo que lo convierte en el veh\u00edculo el\u00e9ctrico m\u00e1s vendido del mundo en la historia.<\/p>&nbsp;&nbsp;\n<p>&#8220;Hemos tenido dos rondas muy fuertes en el \u00faltimo mes, y queremos continuar con ese ritmo esta semana en Par\u00eds&#8221;, dijo Michael Carcamo, director global de Nissan Motorsports. &#8220;Estamos muy emocionados por este e-Prix: la escuder\u00eda Nissan e.dams tiene su sede en Francia y el equipo de gesti\u00f3n del programa de F\u00f3rmula E de Nissan de hecho est\u00e1 aqu\u00ed en Par\u00eds&#8221;.<\/p>&nbsp;&nbsp;\n<p>&#8220;Pero cada equipo en este campeonato contin\u00faa aumentando su nivel cada semana. La intensidad sigue aumentando y estamos usando todo lo que aprendemos de cada vuelta para continuar mejorando nuestro tren motriz y sistemas&#8221;, a\u00f1adi\u00f3.<\/p>&nbsp;&nbsp;\n<p>Por su parte, Jean-Paul Driot \u2013 director del equipo de Nissan e.dams \u2013 coment\u00f3: &#8220;Por supuesto que queremos ganar en Par\u00eds, eso ser\u00eda genial, pero queremos ganar en cada carrera en la que participemos. Estamos muy satisfechos con nuestro desempe\u00f1o, tanto de nuestros pilotos como de todo el equipo, pero seguimos haciendo todos los esfuerzos posibles para hacer nuevas mejoras&#8221;.<\/p>&nbsp;&nbsp;\n<p><strong>Citas de los pilotos<\/strong><\/p>\n<p><strong>Sebastien Buemi<\/strong><\/p>\n<p>&#8220;El circuito de Par\u00eds es muy diferente al de Roma. Es bastante estrecho y muy corto; de hecho, es una de las pistas m\u00e1s cortas del campeonato. No tiene rectas largas como Sanya, pero la velocidad de las curvas es similar, y nuestro veh\u00edculo tiene gran desempe\u00f1o en curvas lentas.<\/p>&nbsp;&nbsp;\n<p>El veh\u00edculo ha tenido un excelente desempe\u00f1o en las \u00faltimas dos rondas, y todos en el equipo est\u00e1n emocionados por el fin de semana de Par\u00eds. Es un gran lugar con una gran multitud, y daremos lo mejor de nosotros para agregar el nombre de Nissan a la lista de ganadores de carreras de la quinta temporada.&#8221;<\/p>\n<p><strong>Oliver Rowland<\/strong><\/p>\n<p>&#8220;Visit\u00e9 el e-Prix de Par\u00eds hace dos a\u00f1os y ahora estoy muy emocionado de competir ah\u00ed por primera vez. Como todas las pistas de F\u00f3rmula E, Par\u00eds ser\u00e1 otro lugar nuevo para m\u00ed, pero pasar\u00e9 mucho tiempo en el simulador para prepararme.<\/p>&nbsp;&nbsp;\n<p>Nissan ha estado en la sesi\u00f3n de Super Pole en cada ronda, por lo que es solo una cuesti\u00f3n de tiempo antes de que podamos sacarle provecho. Sin duda, significar\u00eda mucho para el equipo que Seb o yo podamos hacer el trabajo. Todos han estado trabajando muy duro, as\u00ed que ser\u00eda una gran recompensa.<\/p>&nbsp;&nbsp;\n<p># # #<\/p>\n","protected":false},"excerpt":{"rendered":"<p>PAR\u00cdS, Francia \u2013 Despu\u00e9s de un s\u00f3lido resultado en Roma, la escuder\u00eda Nissan e.dams se&#8230;<\/p>\n","protected":false},"author":1,"featured_media":0,"comment_status":"open","ping_status":"open","sticky":false,"template":"","format":"standard","meta":{"fifu_image_url":"","fifu_image_alt":"","footnotes":""},"categories":[8699],"tags":[5364],"class_list":["post-74627","post","type-post","status-publish","format-standard","hentry","category-geralcarros","tag-nissan","wpcat-8699-id"],"_links":{"self":[{"href":"https:\/\/verde-amarelo.net\/verdeamarelo\/wp-json\/wp\/v2\/posts\/74627","targetHints":{"allow":["GET"]}}],"collection":[{"href":"https:\/\/verde-amarelo.net\/verdeamarelo\/wp-json\/wp\/v2\/posts"}],"about":[{"href":"https:\/\/verde-amarelo.net\/verdeamarelo\/wp-json\/wp\/v2\/types\/post"}],"author":[{"embeddable":true,"href":"https:\/\/verde-amarelo.net\/verdeamarelo\/wp-json\/wp\/v2\/users\/1"}],"replies":[{"embeddable":true,"href":"https:\/\/verde-amarelo.net\/verdeamarelo\/wp-json\/wp\/v2\/comments?post=74627"}],"version-history":[{"count":0,"href":"https:\/\/verde-amarelo.net\/verdeamarelo\/wp-json\/wp\/v2\/posts\/74627\/revisions"}],"wp:attachment":[{"href":"https:\/\/verde-amarelo.net\/verdeamarelo\/wp-json\/wp\/v2\/media?parent=74627"}],"wp:term":[{"taxonomy":"category","embeddable":true,"href":"https:\/\/verde-amarelo.net\/verdeamarelo\/wp-json\/wp\/v2\/categories?post=74627"},{"taxonomy":"post_tag","embeddable":true,"href":"https:\/\/verde-amarelo.net\/verdeamarelo\/wp-json\/wp\/v2\/tags?post=74627"}],"curies":[{"name":"wp","href":"https:\/\/api.w.org\/{rel}","templated":true}]}}