{"id":74632,"date":"2019-04-25T18:00:50","date_gmt":"2019-04-25T21:00:50","guid":{"rendered":"https:\/\/verde-amarelo.net\/verdeamarelo\/2019\/04\/porto-de-santos-registra-queda-na-movimentacao\/"},"modified":"2019-04-25T18:00:50","modified_gmt":"2019-04-25T21:00:50","slug":"porto-de-santos-registra-queda-na-movimentacao","status":"publish","type":"post","link":"https:\/\/verde-amarelo.net\/verdeamarelo\/2019\/04\/porto-de-santos-registra-queda-na-movimentacao\/","title":{"rendered":"Porto de Santos registra queda na movimenta\u00e7\u00e3o"},"content":{"rendered":"<blockquote class=\"quote_content\" readability=\"32\">\n<p><span>Soja, a\u00e7\u00facar, adubo e cont\u00eaineres influ\u00edram no resultado de mar\u00e7o<\/span><\/p>\n<\/blockquote>\n<p><a href=\"http:\/\/www.cargonews.com.br\/wp-content\/uploads\/2019\/04\/image004-3.jpg\"><img \"wp-image-27136 alignright&#8221; src=&#8221;https:\/\/www.truckbrasil.com.br\/wp\/wp-content\/uploads\/2019\/04\/porto-de-santos-registra-queda-na-movimentacao.jpg&#8221; alt=&#8221;&#8221; width=&#8221;435&#8243; height=&#8221;293&#8243; srcset=&#8221;https:\/\/www.truckbrasil.com.br\/wp\/wp-content\/uploads\/2019\/04\/porto-de-santos-registra-queda-na-movimentacao.jpg 300w, http:\/\/www.cargonews.com.br\/wp-content\/uploads\/2019\/04\/image004-3.jpg 579w&#8221; sizes=&#8221;(max-width: 435px) 100vw, 435px&#8221;\/><\/a>A movimenta\u00e7\u00e3o de cargas pelo Porto de Santos sofreu recuo de 1,5% neste primeiro trimestre, atingindo o total de 30.448.341 toneladas. A queda foi ocasionada pela redu\u00e7\u00e3o de 7,2% no movimento de mar\u00e7o, significativamente afetado pelo decr\u00e9scimo no escoamento da safra de soja para exporta\u00e7\u00e3o e tamb\u00e9m pelas retra\u00e7\u00f5es nos embarques de a\u00e7\u00facar e desembarques de adubo. Somente essas tr\u00eas cargas representaram uma perda de quase 650 mil toneladas na compara\u00e7\u00e3o com o primeiro trimestre de 2018.<\/p>&nbsp;&nbsp;\n<p>O pr\u00f3prio Departamento de Agricultura dos Estados Unidos, o USDA, reviu em abril a estimativa de produ\u00e7\u00e3o e exporta\u00e7\u00e3o da soja brasileira para este ano, reduzindo a expectativa apontada em dezembro de 81,00 milh\u00f5es de toneladas embarcadas para 79,50 milh\u00f5es de toneladas. Em 2018, a redu\u00e7\u00e3o das exporta\u00e7\u00f5es americanas da commodity para a China contribuiu para amplia\u00e7\u00e3o das vendas brasileiras.<\/p>&nbsp;&nbsp;\n<p>Vale destacar, entretanto, que o total acumulado at\u00e9 mar\u00e7o ainda mant\u00e9m alta nos embarques do chamado complexo soja \u2013 composto por gr\u00e3os e farelo a granel, acusando incremento de 9,1% nesse per\u00edodo.<\/p>&nbsp;&nbsp;\n<p>A carga conteinerizada tamb\u00e9m registrou queda, apontando, em mar\u00e7o, redu\u00e7\u00e3o na tonelagem de 8,5% e de 11,6% no total de TEU.<\/p>&nbsp;&nbsp;\n<p>A redu\u00e7\u00e3o da movimenta\u00e7\u00e3o geral verificada em mar\u00e7o \u00faltimo reverteu a tend\u00eancia de alta apontada nos dois primeiros meses, inclusive com o total de fevereiro ultrapassando de forma in\u00e9dita a marca de 10 milh\u00f5es de toneladas.<\/p>&nbsp;&nbsp;\n<p>Por outro lado, o desempenho do m\u00eas apresentou crescimento nas movimenta\u00e7\u00f5es de embarques de caf\u00e9 e carnes conteinerizados e nas descargas a granel de \u00f3leo diesel e gas\u00f3leo, atenuando a redu\u00e7\u00e3o no total.<\/p>&nbsp;&nbsp;\n<p>No total acumulado neste primeiro trimestre, destacou-se tamb\u00e9m o crescimento de 8,7% nos carregamentos de celulose solta e conteinerizada, carga que j\u00e1 ocupa a quarta posi\u00e7\u00e3o no ranking das mercadorias mais exportadas por Santos.<\/p>&nbsp;&nbsp;\n<p>O fluxo de navios no acumulado registrou redu\u00e7\u00e3o de 4,1%. Considerando apenas os navios de cargas (excluindo os navios de passageiros, de guerra e outros), o volume das atraca\u00e7\u00f5es foi reduzido em 4,7%, elevando a consigna\u00e7\u00e3o m\u00e9dia para 27.555 toneladas por navio, refletindo um ganho de quase 3,4% de produtividade.<\/p>&nbsp;&nbsp;\n<p>Assessoria de Imprensa<\/p>\n","protected":false},"excerpt":{"rendered":"<p>Soja, a\u00e7\u00facar, adubo e cont\u00eaineres influ\u00edram no resultado de mar\u00e7o<\/p>\n","protected":false},"author":1,"featured_media":0,"comment_status":"open","ping_status":"open","sticky":false,"template":"","format":"standard","meta":{"fifu_image_url":"","fifu_image_alt":"","footnotes":""},"categories":[8725],"tags":[9336],"class_list":["post-74632","post","type-post","status-publish","format-standard","hentry","category-geralmercado","tag-noticiasporto-de-santos","wpcat-8725-id"],"_links":{"self":[{"href":"https:\/\/verde-amarelo.net\/verdeamarelo\/wp-json\/wp\/v2\/posts\/74632","targetHints":{"allow":["GET"]}}],"collection":[{"href":"https:\/\/verde-amarelo.net\/verdeamarelo\/wp-json\/wp\/v2\/posts"}],"about":[{"href":"https:\/\/verde-amarelo.net\/verdeamarelo\/wp-json\/wp\/v2\/types\/post"}],"author":[{"embeddable":true,"href":"https:\/\/verde-amarelo.net\/verdeamarelo\/wp-json\/wp\/v2\/users\/1"}],"replies":[{"embeddable":true,"href":"https:\/\/verde-amarelo.net\/verdeamarelo\/wp-json\/wp\/v2\/comments?post=74632"}],"version-history":[{"count":0,"href":"https:\/\/verde-amarelo.net\/verdeamarelo\/wp-json\/wp\/v2\/posts\/74632\/revisions"}],"wp:attachment":[{"href":"https:\/\/verde-amarelo.net\/verdeamarelo\/wp-json\/wp\/v2\/media?parent=74632"}],"wp:term":[{"taxonomy":"category","embeddable":true,"href":"https:\/\/verde-amarelo.net\/verdeamarelo\/wp-json\/wp\/v2\/categories?post=74632"},{"taxonomy":"post_tag","embeddable":true,"href":"https:\/\/verde-amarelo.net\/verdeamarelo\/wp-json\/wp\/v2\/tags?post=74632"}],"curies":[{"name":"wp","href":"https:\/\/api.w.org\/{rel}","templated":true}]}}