{"id":74633,"date":"2019-04-25T16:04:11","date_gmt":"2019-04-25T19:04:11","guid":{"rendered":"https:\/\/verde-amarelo.net\/verdeamarelo\/2019\/04\/gol-realiza-7a-edicao-do-comite-de-clientes\/"},"modified":"2019-04-25T16:04:11","modified_gmt":"2019-04-25T19:04:11","slug":"gol-realiza-7a-edicao-do-comite-de-clientes","status":"publish","type":"post","link":"https:\/\/verde-amarelo.net\/verdeamarelo\/2019\/04\/gol-realiza-7a-edicao-do-comite-de-clientes\/","title":{"rendered":"GOL realiza 7\u00aa edi\u00e7\u00e3o do Comit\u00ea de Clientes"},"content":{"rendered":"<blockquote class=\"quote_content\" readability=\"31\">\n<p><span>Encontro de neg\u00f3cios re\u00fane cerca de 50 participantes entre representantes da GOL e principais Clientes B2B<br \/><\/span><\/p>\n<\/blockquote>\n<div id=\"attachment_27132\" class=\"wp-caption alignleft\" readability=\"32\"><a href=\"http:\/\/www.cargonews.com.br\/wp-content\/uploads\/2019\/04\/unnamed-43.jpg\">&#8221; wp-image-27132&#8243; src=&#8221;https:\/\/www.truckbrasil.com.br\/wp\/wp-content\/uploads\/2019\/04\/gol-realiza-7a-edicao-do-comite-de-clientes.jpg&#8221; alt=&#8221;&#8221; width=&#8221;435&#8243; height=&#8221;326&#8243; srcset=&#8221;https:\/\/www.truckbrasil.com.br\/wp\/wp-content\/uploads\/2019\/04\/gol-realiza-7a-edicao-do-comite-de-clientes.jpg 300w, http:\/\/www.cargonews.com.br\/wp-content\/uploads\/2019\/04\/unnamed-43-768&#215;576.jpg 768w, http:\/\/www.cargonews.com.br\/wp-content\/uploads\/2019\/04\/unnamed-43-1024&#215;768.jpg 1024w, http:\/\/www.cargonews.com.br\/wp-content\/uploads\/2019\/04\/unnamed-43.jpg 1180w&#8221; sizes=&#8221;(max-width: 435px) 100vw, 435px&#8221;\/><\/a><\/p>\n<p class=\"wp-caption-text\">L\u00edderes das \u00e1reas de neg\u00f3cios da GOL que integram o comit\u00ea e representantes do trade<\/p>\n<\/div>\n<p>S\u00e3o Paulo, abril de 2019 \u2013 A GOL Linhas A\u00e9reas Inteligentes realizou no \u00faltimo dia 23 o 7\u00ba Comit\u00ea de Clientes, encontro que re\u00fane os l\u00edderes das principais \u00e1reas de neg\u00f3cios da companhia, entre elas comercial e marketing, com os principais clientes B2B. O intuito \u00e9 compartilhar as novidades da companhia e entender junto aos parceiros as principais demandas para buscar solu\u00e7\u00f5es, implementar melhorias e ampliar os resultados das empresas.<\/p>&nbsp;&nbsp;\n<p>\u201cConhecer melhor os nossos Clientes e construir relacionamentos \u00e9 algo que valorizamos na GOL. Por isso, todos os anos nos reunimos para discutir caminhos de atua\u00e7\u00e3o que estejam alinhados \u00e0s tend\u00eancias do mercado e \u00e0s expectativas dos parceiros. Os insights que recebemos t\u00eam sido essenciais para melhorarmos cada vez mais os nossos processos e servi\u00e7os\u201d, afirma Renzo Mello, Diretor de Canais de Vendas da GOL.<\/p>&nbsp;&nbsp;\n<p>Nesta 7\u00aa edi\u00e7\u00e3o, estiveram presentes cerca de 50 participantes, dentre os quais os principais executivos da GOL, representantes das parceiras estrat\u00e9gicas Delta e Air France-KLM, al\u00e9m de l\u00edderes de ag\u00eancias corporativas, consolidadoras, OTA, empresa e lazer.<\/p>&nbsp;&nbsp;\n<p>Assessoria de Imprensa<\/p>\n","protected":false},"excerpt":{"rendered":"<p>Encontro de neg\u00f3cios re\u00fane cerca de 50 participantes entre representantes da GOL e principais Clientes&#8230;<\/p>\n","protected":false},"author":1,"featured_media":0,"comment_status":"open","ping_status":"open","sticky":false,"template":"","format":"standard","meta":{"fifu_image_url":"","fifu_image_alt":"","footnotes":""},"categories":[8725],"tags":[9807],"class_list":["post-74633","post","type-post","status-publish","format-standard","hentry","category-geralmercado","tag-gol-linhas-aereas-inteligentesnoticias","wpcat-8725-id"],"_links":{"self":[{"href":"https:\/\/verde-amarelo.net\/verdeamarelo\/wp-json\/wp\/v2\/posts\/74633","targetHints":{"allow":["GET"]}}],"collection":[{"href":"https:\/\/verde-amarelo.net\/verdeamarelo\/wp-json\/wp\/v2\/posts"}],"about":[{"href":"https:\/\/verde-amarelo.net\/verdeamarelo\/wp-json\/wp\/v2\/types\/post"}],"author":[{"embeddable":true,"href":"https:\/\/verde-amarelo.net\/verdeamarelo\/wp-json\/wp\/v2\/users\/1"}],"replies":[{"embeddable":true,"href":"https:\/\/verde-amarelo.net\/verdeamarelo\/wp-json\/wp\/v2\/comments?post=74633"}],"version-history":[{"count":0,"href":"https:\/\/verde-amarelo.net\/verdeamarelo\/wp-json\/wp\/v2\/posts\/74633\/revisions"}],"wp:attachment":[{"href":"https:\/\/verde-amarelo.net\/verdeamarelo\/wp-json\/wp\/v2\/media?parent=74633"}],"wp:term":[{"taxonomy":"category","embeddable":true,"href":"https:\/\/verde-amarelo.net\/verdeamarelo\/wp-json\/wp\/v2\/categories?post=74633"},{"taxonomy":"post_tag","embeddable":true,"href":"https:\/\/verde-amarelo.net\/verdeamarelo\/wp-json\/wp\/v2\/tags?post=74633"}],"curies":[{"name":"wp","href":"https:\/\/api.w.org\/{rel}","templated":true}]}}