{"id":74637,"date":"2019-04-25T13:52:01","date_gmt":"2019-04-25T16:52:01","guid":{"rendered":"https:\/\/verde-amarelo.net\/verdeamarelo\/2019\/04\/mxf-tem-novo-representante-em-santa-catarina\/"},"modified":"2019-04-25T13:52:01","modified_gmt":"2019-04-25T16:52:01","slug":"mxf-tem-novo-representante-em-santa-catarina","status":"publish","type":"post","link":"https:\/\/verde-amarelo.net\/verdeamarelo\/2019\/04\/mxf-tem-novo-representante-em-santa-catarina\/","title":{"rendered":"MXF tem novo representante em Santa Catarina"},"content":{"rendered":"<div class=\"td-post-content\" readability=\"50\">\n<div class=\"g g-4\">\n<div class=\"g-dyn a-15 c-1\"><a target=\"_blank\" href=\"http:\/\/imsracing.com.br\/offroad\/index.php\/2018\/06\/26\/lancamento-internacional-da-ims-agora-no-brasil-botas-light\/\" onclick=\"ga('send', 'event', 'IMS oferecimento de noticias', 'click');\" rel=\"noopener\"><img decoding=\"async\" src=\"data:image\/gif;base64,R0lGODlhAQABAIAAAAAAAP\/\/\/ywAAAAAAQABAAACAUwAOw==\" fifu-lazy=\"1\" fifu-data-sizes=\"auto\" fifu-data-srcset=\"https:\/\/i2.wp.com\/www.truckbrasil.com.br\/wp\/wp-content\/uploads\/2019\/04\/mxf-tem-novo-representante-em-santa-catarina.jpg?ssl=1&w=75&resize=75&ssl=1 75w, https:\/\/i2.wp.com\/www.truckbrasil.com.br\/wp\/wp-content\/uploads\/2019\/04\/mxf-tem-novo-representante-em-santa-catarina.jpg?ssl=1&w=100&resize=100&ssl=1 100w, https:\/\/i2.wp.com\/www.truckbrasil.com.br\/wp\/wp-content\/uploads\/2019\/04\/mxf-tem-novo-representante-em-santa-catarina.jpg?ssl=1&w=150&resize=150&ssl=1 150w, https:\/\/i2.wp.com\/www.truckbrasil.com.br\/wp\/wp-content\/uploads\/2019\/04\/mxf-tem-novo-representante-em-santa-catarina.jpg?ssl=1&w=240&resize=240&ssl=1 240w, https:\/\/i2.wp.com\/www.truckbrasil.com.br\/wp\/wp-content\/uploads\/2019\/04\/mxf-tem-novo-representante-em-santa-catarina.jpg?ssl=1&w=320&resize=320&ssl=1 320w, https:\/\/i2.wp.com\/www.truckbrasil.com.br\/wp\/wp-content\/uploads\/2019\/04\/mxf-tem-novo-representante-em-santa-catarina.jpg?ssl=1&w=500&resize=500&ssl=1 500w, https:\/\/i2.wp.com\/www.truckbrasil.com.br\/wp\/wp-content\/uploads\/2019\/04\/mxf-tem-novo-representante-em-santa-catarina.jpg?ssl=1&w=640&resize=640&ssl=1 640w, https:\/\/i2.wp.com\/www.truckbrasil.com.br\/wp\/wp-content\/uploads\/2019\/04\/mxf-tem-novo-representante-em-santa-catarina.jpg?ssl=1&w=800&resize=800&ssl=1 800w, https:\/\/i2.wp.com\/www.truckbrasil.com.br\/wp\/wp-content\/uploads\/2019\/04\/mxf-tem-novo-representante-em-santa-catarina.jpg?ssl=1&w=1024&resize=1024&ssl=1 1024w, https:\/\/i2.wp.com\/www.truckbrasil.com.br\/wp\/wp-content\/uploads\/2019\/04\/mxf-tem-novo-representante-em-santa-catarina.jpg?ssl=1&w=1280&resize=1280&ssl=1 1280w, https:\/\/i2.wp.com\/www.truckbrasil.com.br\/wp\/wp-content\/uploads\/2019\/04\/mxf-tem-novo-representante-em-santa-catarina.jpg?ssl=1&w=1600&resize=1600&ssl=1 1600w\" fifu-data-src=\"https:\/\/i2.wp.com\/www.truckbrasil.com.br\/wp\/wp-content\/uploads\/2019\/04\/mxf-tem-novo-representante-em-santa-catarina.jpg?ssl=1\" alt=\"\" class=\"aligncenter\"\/><\/a><\/div>\n<div class=\"g-dyn a-14 c-2\"><a href=\"https:\/\/www.powerhusky.com.br\/enduro\/fe-350\"><img \"aligncenter size-full wp-image-33636270315&#8243; src=&#8221;https:\/\/www.truckbrasil.com.br\/wp\/wp-content\/uploads\/2019\/04\/mxf-tem-novo-representante-em-santa-catarina.gif&#8221; alt=&#8221;&#8221;\/><\/a><\/div>\n<\/div>\n<p> <img \"wp-image-33636274530 size-full&#8221; src=&#8221;https:\/\/www.truckbrasil.com.br\/wp\/wp-content\/uploads\/2019\/04\/mxf-tem-novo-representante-em-santa-catarina-1.jpg&#8221; alt=&#8221;&#8221; width=&#8221;768&#8243; height=&#8221;512&#8243; srcset=&#8221;https:\/\/www.truckbrasil.com.br\/wp\/wp-content\/uploads\/2019\/04\/mxf-tem-novo-representante-em-santa-catarina-1.jpg 768w, https:\/\/brmx.com.br\/wp-content\/uploads\/2019\/04\/japakonell-mxf-75&#215;50.jpg 75w, https:\/\/brmx.com.br\/wp-content\/uploads\/2019\/04\/japakonell-mxf-300&#215;200.jpg 300w, https:\/\/brmx.com.br\/wp-content\/uploads\/2019\/04\/japakonell-mxf-696&#215;464.jpg 696w, https:\/\/brmx.com.br\/wp-content\/uploads\/2019\/04\/japakonell-mxf-630&#215;420.jpg 630w&#8221; sizes=&#8221;(max-width: 768px) 100vw, 768px&#8221;\/>Japa Konell <\/p>\n<p>A MXF anunciou novo represente para o estado de Santa Catarina. Ivo Petras Konell, de Jaragu\u00e1 do Sul, passa a representar a marca junto com seu filho, Japa Konell #77, piloto da categoria J\u00fanior.<\/p>&nbsp;&nbsp;\n<p>\u2013 Nosso desejo \u00e9 fortalecer os parceiros que j\u00e1 trabalham com a marca e aumentar a rede de lojas revendendo MXF juntamente com as oficinas credenciadas.<br \/>Sempre respeitando o espa\u00e7o territorial da rede. Para que cada vez mais os propriet\u00e1rios de motos, quadriciclos, patinetes el\u00e9tricos e produtos MXF e Gaia estejam satisfeitos com nosso trabalho e produto. Fico \u00e0 disposi\u00e7\u00e3o para interessados em trabalharem conosco, tanto na revenda como na manuten\u00e7\u00e3o dos produtos, e tamb\u00e9m a todos pilotos e amigos que eu possa ser \u00fatil \u2013 afirma Konell, que tamb\u00e9m organiza test drives e workshops para apresentar os produtos.<\/p>&nbsp;&nbsp;\n<p><strong>Para fazer contato com Ivo Petras Konell, mande mensagem no whatsapp \u00e9 47 984 079 220.<\/strong><\/p>\n<div class=\"g g-4\">\n<div class=\"g-dyn a-14 c-1\"><a href=\"https:\/\/www.powerhusky.com.br\/enduro\/fe-350\"><img \"aligncenter size-full wp-image-33636270315&#8243; src=&#8221;https:\/\/www.truckbrasil.com.br\/wp\/wp-content\/uploads\/2019\/04\/mxf-tem-novo-representante-em-santa-catarina.gif&#8221; alt=&#8221;&#8221;\/><\/a><\/div>\n<div class=\"g-dyn a-15 c-2\"><a target=\"_blank\" href=\"http:\/\/imsracing.com.br\/offroad\/index.php\/2018\/06\/26\/lancamento-internacional-da-ims-agora-no-brasil-botas-light\/\" onclick=\"ga('send', 'event', 'IMS oferecimento de noticias', 'click');\" rel=\"noopener\"><img decoding=\"async\" src=\"data:image\/gif;base64,R0lGODlhAQABAIAAAAAAAP\/\/\/ywAAAAAAQABAAACAUwAOw==\" fifu-lazy=\"1\" fifu-data-sizes=\"auto\" fifu-data-srcset=\"https:\/\/i2.wp.com\/www.truckbrasil.com.br\/wp\/wp-content\/uploads\/2019\/04\/mxf-tem-novo-representante-em-santa-catarina.jpg?ssl=1&w=75&resize=75&ssl=1 75w, https:\/\/i2.wp.com\/www.truckbrasil.com.br\/wp\/wp-content\/uploads\/2019\/04\/mxf-tem-novo-representante-em-santa-catarina.jpg?ssl=1&w=100&resize=100&ssl=1 100w, https:\/\/i2.wp.com\/www.truckbrasil.com.br\/wp\/wp-content\/uploads\/2019\/04\/mxf-tem-novo-representante-em-santa-catarina.jpg?ssl=1&w=150&resize=150&ssl=1 150w, https:\/\/i2.wp.com\/www.truckbrasil.com.br\/wp\/wp-content\/uploads\/2019\/04\/mxf-tem-novo-representante-em-santa-catarina.jpg?ssl=1&w=240&resize=240&ssl=1 240w, https:\/\/i2.wp.com\/www.truckbrasil.com.br\/wp\/wp-content\/uploads\/2019\/04\/mxf-tem-novo-representante-em-santa-catarina.jpg?ssl=1&w=320&resize=320&ssl=1 320w, https:\/\/i2.wp.com\/www.truckbrasil.com.br\/wp\/wp-content\/uploads\/2019\/04\/mxf-tem-novo-representante-em-santa-catarina.jpg?ssl=1&w=500&resize=500&ssl=1 500w, https:\/\/i2.wp.com\/www.truckbrasil.com.br\/wp\/wp-content\/uploads\/2019\/04\/mxf-tem-novo-representante-em-santa-catarina.jpg?ssl=1&w=640&resize=640&ssl=1 640w, https:\/\/i2.wp.com\/www.truckbrasil.com.br\/wp\/wp-content\/uploads\/2019\/04\/mxf-tem-novo-representante-em-santa-catarina.jpg?ssl=1&w=800&resize=800&ssl=1 800w, https:\/\/i2.wp.com\/www.truckbrasil.com.br\/wp\/wp-content\/uploads\/2019\/04\/mxf-tem-novo-representante-em-santa-catarina.jpg?ssl=1&w=1024&resize=1024&ssl=1 1024w, https:\/\/i2.wp.com\/www.truckbrasil.com.br\/wp\/wp-content\/uploads\/2019\/04\/mxf-tem-novo-representante-em-santa-catarina.jpg?ssl=1&w=1280&resize=1280&ssl=1 1280w, https:\/\/i2.wp.com\/www.truckbrasil.com.br\/wp\/wp-content\/uploads\/2019\/04\/mxf-tem-novo-representante-em-santa-catarina.jpg?ssl=1&w=1600&resize=1600&ssl=1 1600w\" fifu-data-src=\"https:\/\/i2.wp.com\/www.truckbrasil.com.br\/wp\/wp-content\/uploads\/2019\/04\/mxf-tem-novo-representante-em-santa-catarina.jpg?ssl=1\" alt=\"\" class=\"aligncenter\"\/><\/a><\/div>\n<\/div>\n<\/div>\n<footer>\n<div class=\"author-box-wrap\" readability=\"4.66666666667\"><a href=\"https:\/\/brmx.com.br\/author\/mauricio\/\"><img decoding=\"async\" src=\"data:image\/gif;base64,R0lGODlhAQABAIAAAAAAAP\/\/\/ywAAAAAAQABAAACAUwAOw==\" fifu-lazy=\"1\" fifu-data-sizes=\"auto\" fifu-data-srcset=\"https:\/\/i3.wp.com\/brmx.com.br\/wp-content\/uploads\/2017\/02\/mauhaas-96x96.jpg?ssl=1&w=75&resize=75&ssl=1 75w, https:\/\/i3.wp.com\/brmx.com.br\/wp-content\/uploads\/2017\/02\/mauhaas-96x96.jpg?ssl=1&w=100&resize=100&ssl=1 100w, https:\/\/i3.wp.com\/brmx.com.br\/wp-content\/uploads\/2017\/02\/mauhaas-96x96.jpg?ssl=1&w=150&resize=150&ssl=1 150w, https:\/\/i3.wp.com\/brmx.com.br\/wp-content\/uploads\/2017\/02\/mauhaas-96x96.jpg?ssl=1&w=240&resize=240&ssl=1 240w, https:\/\/i3.wp.com\/brmx.com.br\/wp-content\/uploads\/2017\/02\/mauhaas-96x96.jpg?ssl=1&w=320&resize=320&ssl=1 320w, https:\/\/i3.wp.com\/brmx.com.br\/wp-content\/uploads\/2017\/02\/mauhaas-96x96.jpg?ssl=1&w=500&resize=500&ssl=1 500w, https:\/\/i3.wp.com\/brmx.com.br\/wp-content\/uploads\/2017\/02\/mauhaas-96x96.jpg?ssl=1&w=640&resize=640&ssl=1 640w, https:\/\/i3.wp.com\/brmx.com.br\/wp-content\/uploads\/2017\/02\/mauhaas-96x96.jpg?ssl=1&w=800&resize=800&ssl=1 800w, https:\/\/i3.wp.com\/brmx.com.br\/wp-content\/uploads\/2017\/02\/mauhaas-96x96.jpg?ssl=1&w=1024&resize=1024&ssl=1 1024w, https:\/\/i3.wp.com\/brmx.com.br\/wp-content\/uploads\/2017\/02\/mauhaas-96x96.jpg?ssl=1&w=1280&resize=1280&ssl=1 1280w, https:\/\/i3.wp.com\/brmx.com.br\/wp-content\/uploads\/2017\/02\/mauhaas-96x96.jpg?ssl=1&w=1600&resize=1600&ssl=1 1600w\" alt=\"\" class=\"avatar avatar-96 photo avatar-default\" height=\"96\" fifu-data-src=\"https:\/\/i3.wp.com\/brmx.com.br\/wp-content\/uploads\/2017\/02\/mauhaas-96x96.jpg?ssl=1\" width=\"96\"\/><\/a><\/p>\n<div class=\"desc\" readability=\"5.44444444444\">\n<p>Editor e fot\u00f3grafo do BRMX<\/p>\n<\/p><\/div>\n<\/div>\n<\/footer>\n","protected":false},"excerpt":{"rendered":"<p>Japa Konell A MXF anunciou novo represente para o estado de Santa Catarina. Ivo Petras&#8230;<\/p>\n","protected":false},"author":1,"featured_media":0,"comment_status":"open","ping_status":"open","sticky":false,"template":"","format":"standard","meta":{"fifu_image_url":"","fifu_image_alt":"","footnotes":""},"categories":[8427],"tags":[9809],"class_list":["post-74637","post","type-post","status-publish","format-standard","hentry","category-geral","tag-industriajapa-konellmxf","wpcat-8427-id"],"_links":{"self":[{"href":"https:\/\/verde-amarelo.net\/verdeamarelo\/wp-json\/wp\/v2\/posts\/74637","targetHints":{"allow":["GET"]}}],"collection":[{"href":"https:\/\/verde-amarelo.net\/verdeamarelo\/wp-json\/wp\/v2\/posts"}],"about":[{"href":"https:\/\/verde-amarelo.net\/verdeamarelo\/wp-json\/wp\/v2\/types\/post"}],"author":[{"embeddable":true,"href":"https:\/\/verde-amarelo.net\/verdeamarelo\/wp-json\/wp\/v2\/users\/1"}],"replies":[{"embeddable":true,"href":"https:\/\/verde-amarelo.net\/verdeamarelo\/wp-json\/wp\/v2\/comments?post=74637"}],"version-history":[{"count":0,"href":"https:\/\/verde-amarelo.net\/verdeamarelo\/wp-json\/wp\/v2\/posts\/74637\/revisions"}],"wp:attachment":[{"href":"https:\/\/verde-amarelo.net\/verdeamarelo\/wp-json\/wp\/v2\/media?parent=74637"}],"wp:term":[{"taxonomy":"category","embeddable":true,"href":"https:\/\/verde-amarelo.net\/verdeamarelo\/wp-json\/wp\/v2\/categories?post=74637"},{"taxonomy":"post_tag","embeddable":true,"href":"https:\/\/verde-amarelo.net\/verdeamarelo\/wp-json\/wp\/v2\/tags?post=74637"}],"curies":[{"name":"wp","href":"https:\/\/api.w.org\/{rel}","templated":true}]}}