{"id":74639,"date":"2019-04-26T11:28:53","date_gmt":"2019-04-26T14:28:53","guid":{"rendered":"https:\/\/verde-amarelo.net\/verdeamarelo\/2019\/04\/ims-veja-mais-detalhes-dos-novos-conjuntos-ims-sprint\/"},"modified":"2019-04-26T11:28:53","modified_gmt":"2019-04-26T14:28:53","slug":"ims-veja-mais-detalhes-dos-novos-conjuntos-ims-sprint","status":"publish","type":"post","link":"https:\/\/verde-amarelo.net\/verdeamarelo\/2019\/04\/ims-veja-mais-detalhes-dos-novos-conjuntos-ims-sprint\/","title":{"rendered":"IMS: Veja mais detalhes dos novos conjuntos IMS Sprint"},"content":{"rendered":"<div class=\"g g-4\">\n<div class=\"g-dyn a-14 c-1\"><a href=\"https:\/\/www.powerhusky.com.br\/enduro\/fe-350\"><img \"aligncenter size-full wp-image-33636270315&#8243; src=&#8221;https:\/\/www.truckbrasil.com.br\/wp\/wp-content\/uploads\/2019\/04\/ims-veja-mais-detalhes-dos-novos-conjuntos-ims-sprint.gif&#8221; alt=&#8221;&#8221;\/><\/a><\/div>\n<div class=\"g-dyn a-15 c-2\"><a target=\"_blank\" href=\"http:\/\/imsracing.com.br\/offroad\/index.php\/2018\/06\/26\/lancamento-internacional-da-ims-agora-no-brasil-botas-light\/\" onclick=\"ga('send', 'event', 'IMS oferecimento de noticias', 'click');\" rel=\"noopener\"><img decoding=\"async\" src=\"data:image\/gif;base64,R0lGODlhAQABAIAAAAAAAP\/\/\/ywAAAAAAQABAAACAUwAOw==\" fifu-lazy=\"1\" fifu-data-sizes=\"auto\" fifu-data-srcset=\"https:\/\/i0.wp.com\/www.truckbrasil.com.br\/wp\/wp-content\/uploads\/2019\/04\/ims-veja-mais-detalhes-dos-novos-conjuntos-ims-sprint.jpg?ssl=1&w=75&resize=75&ssl=1 75w, https:\/\/i0.wp.com\/www.truckbrasil.com.br\/wp\/wp-content\/uploads\/2019\/04\/ims-veja-mais-detalhes-dos-novos-conjuntos-ims-sprint.jpg?ssl=1&w=100&resize=100&ssl=1 100w, https:\/\/i0.wp.com\/www.truckbrasil.com.br\/wp\/wp-content\/uploads\/2019\/04\/ims-veja-mais-detalhes-dos-novos-conjuntos-ims-sprint.jpg?ssl=1&w=150&resize=150&ssl=1 150w, https:\/\/i0.wp.com\/www.truckbrasil.com.br\/wp\/wp-content\/uploads\/2019\/04\/ims-veja-mais-detalhes-dos-novos-conjuntos-ims-sprint.jpg?ssl=1&w=240&resize=240&ssl=1 240w, https:\/\/i0.wp.com\/www.truckbrasil.com.br\/wp\/wp-content\/uploads\/2019\/04\/ims-veja-mais-detalhes-dos-novos-conjuntos-ims-sprint.jpg?ssl=1&w=320&resize=320&ssl=1 320w, https:\/\/i0.wp.com\/www.truckbrasil.com.br\/wp\/wp-content\/uploads\/2019\/04\/ims-veja-mais-detalhes-dos-novos-conjuntos-ims-sprint.jpg?ssl=1&w=500&resize=500&ssl=1 500w, https:\/\/i0.wp.com\/www.truckbrasil.com.br\/wp\/wp-content\/uploads\/2019\/04\/ims-veja-mais-detalhes-dos-novos-conjuntos-ims-sprint.jpg?ssl=1&w=640&resize=640&ssl=1 640w, https:\/\/i0.wp.com\/www.truckbrasil.com.br\/wp\/wp-content\/uploads\/2019\/04\/ims-veja-mais-detalhes-dos-novos-conjuntos-ims-sprint.jpg?ssl=1&w=800&resize=800&ssl=1 800w, https:\/\/i0.wp.com\/www.truckbrasil.com.br\/wp\/wp-content\/uploads\/2019\/04\/ims-veja-mais-detalhes-dos-novos-conjuntos-ims-sprint.jpg?ssl=1&w=1024&resize=1024&ssl=1 1024w, https:\/\/i0.wp.com\/www.truckbrasil.com.br\/wp\/wp-content\/uploads\/2019\/04\/ims-veja-mais-detalhes-dos-novos-conjuntos-ims-sprint.jpg?ssl=1&w=1280&resize=1280&ssl=1 1280w, https:\/\/i0.wp.com\/www.truckbrasil.com.br\/wp\/wp-content\/uploads\/2019\/04\/ims-veja-mais-detalhes-dos-novos-conjuntos-ims-sprint.jpg?ssl=1&w=1600&resize=1600&ssl=1 1600w\" fifu-data-src=\"https:\/\/i0.wp.com\/www.truckbrasil.com.br\/wp\/wp-content\/uploads\/2019\/04\/ims-veja-mais-detalhes-dos-novos-conjuntos-ims-sprint.jpg?ssl=1\" alt=\"\" class=\"aligncenter\"\/><\/a><\/div>\n<\/div>\n<p><img \"alignnone size-full wp-image-33636274544&#8243; src=&#8221;https:\/\/www.truckbrasil.com.br\/wp\/wp-content\/uploads\/2019\/04\/ims-veja-mais-detalhes-dos-novos-conjuntos-ims-sprint-1.jpg&#8221; alt=&#8221;&#8221; srcset=&#8221;https:\/\/www.truckbrasil.com.br\/wp\/wp-content\/uploads\/2019\/04\/ims-veja-mais-detalhes-dos-novos-conjuntos-ims-sprint-1.jpg 800w, https:\/\/brmx.com.br\/wp-content\/uploads\/2019\/04\/Campano-Chatfield-imsSprint-2019-75&#215;59.jpg 75w, https:\/\/brmx.com.br\/wp-content\/uploads\/2019\/04\/Campano-Chatfield-imsSprint-2019-300&#215;236.jpg 300w, https:\/\/brmx.com.br\/wp-content\/uploads\/2019\/04\/Campano-Chatfield-imsSprint-2019-768&#215;605.jpg 768w, https:\/\/brmx.com.br\/wp-content\/uploads\/2019\/04\/Campano-Chatfield-imsSprint-2019-696&#215;548.jpg 696w, https:\/\/brmx.com.br\/wp-content\/uploads\/2019\/04\/Campano-Chatfield-imsSprint-2019-533&#215;420.jpg 533w&#8221; sizes=&#8221;(max-width: 800px) 100vw, 800px&#8221;\/><\/p>\n<p>Todos os anos a equipe de desenvolvimento da IMS faz a mesma pergunta: Como superar os lan\u00e7amentos anteriores da marca?<\/p>\n<p>A resposta \u00e9 sempre a mesma: <strong>pergunte aos principais pilotos o que eles esperam de um \u00f3timo conjunto de cal\u00e7a e camisa.<\/strong><\/p>\n<p>Em 2019 a IMS n\u00e3o poderia estar melhor servida, j\u00e1 que agora conta com a colabora\u00e7\u00e3o de Paulo Alberto, Carlos Campano, F\u00e1bio Santos e Tallys Nathan da Yamaha Monster Energy Gera\u00e7\u00e3o, al\u00e9m de Wellington Valadares, Cristiano Lopes e Adam Chatfield da KTM Sacramento.<\/p>&nbsp;&nbsp;\n<p>Todos os pilotos j\u00e1 testaram e aprovaram o uso da Linha Sprint sob as mais duras condi\u00e7\u00f5es de pista.<\/p>&nbsp;&nbsp;\n<p>Cada detalhe foi projetado oferecer o maior conforto poss\u00edvel para que os pilotos se sintam a vontade para dar o seu \u201csprint\u201d e chegar na frente.<\/p>&nbsp;&nbsp;\n<p>Os conjuntos usados pelas equipes e exportados para Europa s\u00e3o confeccionados com a mesma mat\u00e9ria prima e qualidade de acabamento que ser\u00e1 disponibilizado nas lojas brasileiras.<\/p>&nbsp;&nbsp;\n<p>Entre os destaques est\u00e3o uma s\u00e9rie de melhorias.<\/p>&nbsp;&nbsp;\n<h3><span>Camisas<\/span><\/h3>\n<p>Com diferentes tecidos ventilados em pontos estrat\u00e9gicos, todos com tecnologia DRY, que transmite o suor para o lado de fora. Acabamentos com costuras refor\u00e7adas e gola mais confort\u00e1vel e com etiqueta emborrachada.<\/p>&nbsp;&nbsp;\n<h3><span>Cal\u00e7as<\/span><\/h3>\n<p>Com mais tecidos el\u00e1sticos na \u00e1rea da cintura. Joelhos com forra\u00e7\u00e3o interna macia e com uma grande \u00e1rea el\u00e1stica para facilitar o uso de joelheiras anti tor\u00e7\u00e3o. Tecidos ventilados em \u00e1reas espec\u00edficas. Tecidos mais resistentes a atritos na parte traseira. Maior \u00e1rea em couro para prote\u00e7\u00e3o contra altas temperaturas.<\/p>&nbsp;&nbsp;\n<p>Todas essas qualidades n\u00e3o seriam nada sem a qualidade de design e impress\u00e3o de cores, que ficaram sensacionais!<\/p>\n<p>Os conjuntos IMS Sprint chegam nas lojas a partir do dia 26 de Abril. A princ\u00edpio estar\u00e1 dispon\u00edvel nas cores azul e vermelho \/ neon, com camisas P, M, G, GG e cal\u00e7as 38 a 48.<\/p>&nbsp;&nbsp;\n<p>Carlos Campano e Paulo Alberto j\u00e1 tem usado os conjuntos em corridas na Europa e elogiaram o conforto e a ventila\u00e7\u00e3o das cal\u00e7as e camisas Sprint.<\/p>&nbsp;&nbsp;\n<p>Agora chegou a sua vez de comprovar o que os pilotos top j\u00e1 sabem: A linha IMS Sprint \u00e9 um salto a frente, tanto em tecnologia, como em conforto.<\/p>&nbsp;&nbsp;\n<p>Clique e aqui saiba onde comprar o seu conjunto IMS Sprint: <a href=\"http:\/\/imsracing.com.br\/offroad\/index.php\/onde-encontrar\/\" target=\"_blank\" rel=\"noopener noreferrer\"><strong>http:\/\/imsracing.com.br\/offroad\/index.php\/onde-encontrar\/<\/strong><\/a><\/p>\n<p>Veja tamb\u00e9m o v\u00eddeo de lan\u00e7amento dos conjuntos IMS Sprint:<br \/><iframe loading=\"lazy\" width=\"696\" height=\"392\" src=\"https:\/\/www.youtube.com\/embed\/-9vqZAbWj4M?feature=oembed\" frameborder=\"0\" allow=\"accelerometer; autoplay; encrypted-media; gyroscope; picture-in-picture\" allowfullscreen=\"\">[embedded content]<\/iframe><\/p>\n<p><img \"alignnone size-full wp-image-33636274545&#8243; src=&#8221;https:\/\/www.truckbrasil.com.br\/wp\/wp-content\/uploads\/2019\/04\/ims-veja-mais-detalhes-dos-novos-conjuntos-ims-sprint-2.jpg&#8221; alt=&#8221;&#8221; srcset=&#8221;https:\/\/www.truckbrasil.com.br\/wp\/wp-content\/uploads\/2019\/04\/ims-veja-mais-detalhes-dos-novos-conjuntos-ims-sprint-2.jpg 586w, https:\/\/brmx.com.br\/wp-content\/uploads\/2019\/04\/Paulo-Alberto-imsSprint-2019-75&#215;75.jpg 75w, https:\/\/brmx.com.br\/wp-content\/uploads\/2019\/04\/Paulo-Alberto-imsSprint-2019-300&#215;300.jpg 300w, https:\/\/brmx.com.br\/wp-content\/uploads\/2019\/04\/Paulo-Alberto-imsSprint-2019-420&#215;420.jpg 420w&#8221; sizes=&#8221;(max-width: 586px) 100vw, 586px&#8221;\/>&#8221;alignnone size-full wp-image-33636274543&#8243; src=&#8221;https:\/\/www.truckbrasil.com.br\/wp\/wp-content\/uploads\/2019\/04\/ims-veja-mais-detalhes-dos-novos-conjuntos-ims-sprint-3.jpg&#8221; alt=&#8221;&#8221; srcset=&#8221;https:\/\/www.truckbrasil.com.br\/wp\/wp-content\/uploads\/2019\/04\/ims-veja-mais-detalhes-dos-novos-conjuntos-ims-sprint-3.jpg 800w, https:\/\/brmx.com.br\/wp-content\/uploads\/2019\/04\/Cristiano-Lopes-75&#215;50.jpg 75w, https:\/\/brmx.com.br\/wp-content\/uploads\/2019\/04\/Cristiano-Lopes-300&#215;200.jpg 300w, https:\/\/brmx.com.br\/wp-content\/uploads\/2019\/04\/Cristiano-Lopes-768&#215;512.jpg 768w, https:\/\/brmx.com.br\/wp-content\/uploads\/2019\/04\/Cristiano-Lopes-696&#215;464.jpg 696w, https:\/\/brmx.com.br\/wp-content\/uploads\/2019\/04\/Cristiano-Lopes-630&#215;420.jpg 630w&#8221; sizes=&#8221;(max-width: 800px) 100vw, 800px&#8221;\/>&#8221;alignnone size-full wp-image-33636274542&#8243; src=&#8221;https:\/\/www.truckbrasil.com.br\/wp\/wp-content\/uploads\/2019\/04\/ims-veja-mais-detalhes-dos-novos-conjuntos-ims-sprint-4.jpg&#8221; alt=&#8221;&#8221; srcset=&#8221;https:\/\/www.truckbrasil.com.br\/wp\/wp-content\/uploads\/2019\/04\/ims-veja-mais-detalhes-dos-novos-conjuntos-ims-sprint-4.jpg 800w, https:\/\/brmx.com.br\/wp-content\/uploads\/2019\/04\/Chatfield-75&#215;50.jpg 75w, https:\/\/brmx.com.br\/wp-content\/uploads\/2019\/04\/Chatfield-300&#215;200.jpg 300w, https:\/\/brmx.com.br\/wp-content\/uploads\/2019\/04\/Chatfield-768&#215;512.jpg 768w, https:\/\/brmx.com.br\/wp-content\/uploads\/2019\/04\/Chatfield-696&#215;464.jpg 696w, https:\/\/brmx.com.br\/wp-content\/uploads\/2019\/04\/Chatfield-630&#215;420.jpg 630w&#8221; sizes=&#8221;(max-width: 800px) 100vw, 800px&#8221;\/>&#8221;alignnone size-full wp-image-33636274541&#8243; src=&#8221;https:\/\/www.truckbrasil.com.br\/wp\/wp-content\/uploads\/2019\/04\/ims-veja-mais-detalhes-dos-novos-conjuntos-ims-sprint-5.jpg&#8221; alt=&#8221;&#8221; srcset=&#8221;https:\/\/www.truckbrasil.com.br\/wp\/wp-content\/uploads\/2019\/04\/ims-veja-mais-detalhes-dos-novos-conjuntos-ims-sprint-5.jpg 1000w, https:\/\/brmx.com.br\/wp-content\/uploads\/2019\/04\/Wellington-75&#215;50.jpg 75w, https:\/\/brmx.com.br\/wp-content\/uploads\/2019\/04\/Wellington-300&#215;200.jpg 300w, https:\/\/brmx.com.br\/wp-content\/uploads\/2019\/04\/Wellington-768&#215;512.jpg 768w, https:\/\/brmx.com.br\/wp-content\/uploads\/2019\/04\/Wellington-696&#215;464.jpg 696w, https:\/\/brmx.com.br\/wp-content\/uploads\/2019\/04\/Wellington-630&#215;420.jpg 630w&#8221; sizes=&#8221;(max-width: 1000px) 100vw, 1000px&#8221;\/>&#8221;alignnone size-full wp-image-33636274539&#8243; src=&#8221;https:\/\/www.truckbrasil.com.br\/wp\/wp-content\/uploads\/2019\/04\/ims-veja-mais-detalhes-dos-novos-conjuntos-ims-sprint-6.jpg&#8221; alt=&#8221;&#8221; srcset=&#8221;https:\/\/www.truckbrasil.com.br\/wp\/wp-content\/uploads\/2019\/04\/ims-veja-mais-detalhes-dos-novos-conjuntos-ims-sprint-6.jpg 1000w, https:\/\/brmx.com.br\/wp-content\/uploads\/2019\/04\/Conjunto-IMS-Sprint-vermelho-neon-75&#215;75.jpg 75w, https:\/\/brmx.com.br\/wp-content\/uploads\/2019\/04\/Conjunto-IMS-Sprint-vermelho-neon-300&#215;300.jpg 300w, https:\/\/brmx.com.br\/wp-content\/uploads\/2019\/04\/Conjunto-IMS-Sprint-vermelho-neon-768&#215;768.jpg 768w, https:\/\/brmx.com.br\/wp-content\/uploads\/2019\/04\/Conjunto-IMS-Sprint-vermelho-neon-696&#215;696.jpg 696w, https:\/\/brmx.com.br\/wp-content\/uploads\/2019\/04\/Conjunto-IMS-Sprint-vermelho-neon-420&#215;420.jpg 420w&#8221; sizes=&#8221;(max-width: 1000px) 100vw, 1000px&#8221;\/>&#8221;alignnone size-full wp-image-33636274540&#8243; src=&#8221;https:\/\/www.truckbrasil.com.br\/wp\/wp-content\/uploads\/2019\/04\/ims-veja-mais-detalhes-dos-novos-conjuntos-ims-sprint-7.jpg&#8221; alt=&#8221;&#8221; srcset=&#8221;https:\/\/www.truckbrasil.com.br\/wp\/wp-content\/uploads\/2019\/04\/ims-veja-mais-detalhes-dos-novos-conjuntos-ims-sprint-7.jpg 1000w, https:\/\/brmx.com.br\/wp-content\/uploads\/2019\/04\/Conjunto-IMS-Sprint-azul-001-75&#215;75.jpg 75w, https:\/\/brmx.com.br\/wp-content\/uploads\/2019\/04\/Conjunto-IMS-Sprint-azul-001-300&#215;300.jpg 300w, https:\/\/brmx.com.br\/wp-content\/uploads\/2019\/04\/Conjunto-IMS-Sprint-azul-001-768&#215;768.jpg 768w, https:\/\/brmx.com.br\/wp-content\/uploads\/2019\/04\/Conjunto-IMS-Sprint-azul-001-696&#215;696.jpg 696w, https:\/\/brmx.com.br\/wp-content\/uploads\/2019\/04\/Conjunto-IMS-Sprint-azul-001-420&#215;420.jpg 420w&#8221; sizes=&#8221;(max-width: 1000px) 100vw, 1000px&#8221;\/><\/p>\n<div class=\"g g-4\">\n<div class=\"g-dyn a-15 c-1\"><a target=\"_blank\" href=\"http:\/\/imsracing.com.br\/offroad\/index.php\/2018\/06\/26\/lancamento-internacional-da-ims-agora-no-brasil-botas-light\/\" onclick=\"ga('send', 'event', 'IMS oferecimento de noticias', 'click');\" rel=\"noopener\"><img decoding=\"async\" src=\"data:image\/gif;base64,R0lGODlhAQABAIAAAAAAAP\/\/\/ywAAAAAAQABAAACAUwAOw==\" fifu-lazy=\"1\" fifu-data-sizes=\"auto\" fifu-data-srcset=\"https:\/\/i0.wp.com\/www.truckbrasil.com.br\/wp\/wp-content\/uploads\/2019\/04\/ims-veja-mais-detalhes-dos-novos-conjuntos-ims-sprint.jpg?ssl=1&w=75&resize=75&ssl=1 75w, https:\/\/i0.wp.com\/www.truckbrasil.com.br\/wp\/wp-content\/uploads\/2019\/04\/ims-veja-mais-detalhes-dos-novos-conjuntos-ims-sprint.jpg?ssl=1&w=100&resize=100&ssl=1 100w, https:\/\/i0.wp.com\/www.truckbrasil.com.br\/wp\/wp-content\/uploads\/2019\/04\/ims-veja-mais-detalhes-dos-novos-conjuntos-ims-sprint.jpg?ssl=1&w=150&resize=150&ssl=1 150w, https:\/\/i0.wp.com\/www.truckbrasil.com.br\/wp\/wp-content\/uploads\/2019\/04\/ims-veja-mais-detalhes-dos-novos-conjuntos-ims-sprint.jpg?ssl=1&w=240&resize=240&ssl=1 240w, https:\/\/i0.wp.com\/www.truckbrasil.com.br\/wp\/wp-content\/uploads\/2019\/04\/ims-veja-mais-detalhes-dos-novos-conjuntos-ims-sprint.jpg?ssl=1&w=320&resize=320&ssl=1 320w, https:\/\/i0.wp.com\/www.truckbrasil.com.br\/wp\/wp-content\/uploads\/2019\/04\/ims-veja-mais-detalhes-dos-novos-conjuntos-ims-sprint.jpg?ssl=1&w=500&resize=500&ssl=1 500w, https:\/\/i0.wp.com\/www.truckbrasil.com.br\/wp\/wp-content\/uploads\/2019\/04\/ims-veja-mais-detalhes-dos-novos-conjuntos-ims-sprint.jpg?ssl=1&w=640&resize=640&ssl=1 640w, https:\/\/i0.wp.com\/www.truckbrasil.com.br\/wp\/wp-content\/uploads\/2019\/04\/ims-veja-mais-detalhes-dos-novos-conjuntos-ims-sprint.jpg?ssl=1&w=800&resize=800&ssl=1 800w, https:\/\/i0.wp.com\/www.truckbrasil.com.br\/wp\/wp-content\/uploads\/2019\/04\/ims-veja-mais-detalhes-dos-novos-conjuntos-ims-sprint.jpg?ssl=1&w=1024&resize=1024&ssl=1 1024w, https:\/\/i0.wp.com\/www.truckbrasil.com.br\/wp\/wp-content\/uploads\/2019\/04\/ims-veja-mais-detalhes-dos-novos-conjuntos-ims-sprint.jpg?ssl=1&w=1280&resize=1280&ssl=1 1280w, https:\/\/i0.wp.com\/www.truckbrasil.com.br\/wp\/wp-content\/uploads\/2019\/04\/ims-veja-mais-detalhes-dos-novos-conjuntos-ims-sprint.jpg?ssl=1&w=1600&resize=1600&ssl=1 1600w\" fifu-data-src=\"https:\/\/i0.wp.com\/www.truckbrasil.com.br\/wp\/wp-content\/uploads\/2019\/04\/ims-veja-mais-detalhes-dos-novos-conjuntos-ims-sprint.jpg?ssl=1\" alt=\"\" class=\"aligncenter\"\/><\/a><\/div>\n<div class=\"g-dyn a-14 c-2\"><a href=\"https:\/\/www.powerhusky.com.br\/enduro\/fe-350\"><img \"aligncenter size-full wp-image-33636270315&#8243; src=&#8221;https:\/\/www.truckbrasil.com.br\/wp\/wp-content\/uploads\/2019\/04\/ims-veja-mais-detalhes-dos-novos-conjuntos-ims-sprint.gif&#8221; alt=&#8221;&#8221;\/><\/a><\/div>\n<\/div>\n","protected":false},"excerpt":{"rendered":"<p>Todos os anos a equipe de desenvolvimento da IMS faz a mesma pergunta: Como superar&#8230;<\/p>\n","protected":false},"author":1,"featured_media":0,"comment_status":"open","ping_status":"open","sticky":false,"template":"","format":"standard","meta":{"fifu_image_url":"","fifu_image_alt":"","footnotes":""},"categories":[8427],"tags":[9811],"class_list":["post-74639","post","type-post","status-publish","format-standard","hentry","category-geral","tag-campanochatfieldcristiano-lopesfabio-santosimsims-sprintindustriapaulo-albertotallys-nathanwellington-valadares","wpcat-8427-id"],"_links":{"self":[{"href":"https:\/\/verde-amarelo.net\/verdeamarelo\/wp-json\/wp\/v2\/posts\/74639","targetHints":{"allow":["GET"]}}],"collection":[{"href":"https:\/\/verde-amarelo.net\/verdeamarelo\/wp-json\/wp\/v2\/posts"}],"about":[{"href":"https:\/\/verde-amarelo.net\/verdeamarelo\/wp-json\/wp\/v2\/types\/post"}],"author":[{"embeddable":true,"href":"https:\/\/verde-amarelo.net\/verdeamarelo\/wp-json\/wp\/v2\/users\/1"}],"replies":[{"embeddable":true,"href":"https:\/\/verde-amarelo.net\/verdeamarelo\/wp-json\/wp\/v2\/comments?post=74639"}],"version-history":[{"count":0,"href":"https:\/\/verde-amarelo.net\/verdeamarelo\/wp-json\/wp\/v2\/posts\/74639\/revisions"}],"wp:attachment":[{"href":"https:\/\/verde-amarelo.net\/verdeamarelo\/wp-json\/wp\/v2\/media?parent=74639"}],"wp:term":[{"taxonomy":"category","embeddable":true,"href":"https:\/\/verde-amarelo.net\/verdeamarelo\/wp-json\/wp\/v2\/categories?post=74639"},{"taxonomy":"post_tag","embeddable":true,"href":"https:\/\/verde-amarelo.net\/verdeamarelo\/wp-json\/wp\/v2\/tags?post=74639"}],"curies":[{"name":"wp","href":"https:\/\/api.w.org\/{rel}","templated":true}]}}