{"id":74641,"date":"2019-04-26T15:00:21","date_gmt":"2019-04-26T18:00:21","guid":{"rendered":"https:\/\/verde-amarelo.net\/verdeamarelo\/2019\/04\/ponta-grossa-recebera-empreendimento-rodoviario-inovador-ainda-este-ano\/"},"modified":"2019-04-26T15:00:21","modified_gmt":"2019-04-26T18:00:21","slug":"ponta-grossa-recebera-empreendimento-rodoviario-inovador-ainda-este-ano","status":"publish","type":"post","link":"https:\/\/verde-amarelo.net\/verdeamarelo\/2019\/04\/ponta-grossa-recebera-empreendimento-rodoviario-inovador-ainda-este-ano\/","title":{"rendered":"Ponta Grossa receber\u00e1 empreendimento rodovi\u00e1rio inovador ainda este ano"},"content":{"rendered":"<blockquote class=\"quote_content\" readability=\"32\">\n<p><span>Posto de combust\u00edvel, central de cargas e centro comercial t\u00eam previs\u00e3o de inaugura\u00e7\u00e3o para dezembro<br \/><\/span><\/p>\n<\/blockquote>\n<div id=\"attachment_27172\" class=\"wp-caption alignleft\" readability=\"32\"><a href=\"http:\/\/www.cargonews.com.br\/wp-content\/uploads\/2019\/04\/imagem_release_1630773.jpg\">&#8221; wp-image-27172&#8243; src=&#8221;https:\/\/www.truckbrasil.com.br\/wp\/wp-content\/uploads\/2019\/04\/ponta-grossa-recebera-empreendimento-rodoviario-inovador-ainda-este-ano.jpg&#8221; alt=&#8221;&#8221; width=&#8221;472&#8243; height=&#8221;266&#8243; srcset=&#8221;https:\/\/www.truckbrasil.com.br\/wp\/wp-content\/uploads\/2019\/04\/ponta-grossa-recebera-empreendimento-rodoviario-inovador-ainda-este-ano.jpg 300w, http:\/\/www.cargonews.com.br\/wp-content\/uploads\/2019\/04\/imagem_release_1630773-768&#215;432.jpg 768w, http:\/\/www.cargonews.com.br\/wp-content\/uploads\/2019\/04\/imagem_release_1630773-1024&#215;576.jpg 1024w, http:\/\/www.cargonews.com.br\/wp-content\/uploads\/2019\/04\/imagem_release_1630773.jpg 1180w&#8221; sizes=&#8221;(max-width: 472px) 100vw, 472px&#8221;\/><\/a><\/p>\n<p class=\"wp-caption-text\">Vista A\u00e9rea-Parada-Vendrami<\/p>\n<\/div>\n<p>Ponta Grossa \u00e9 o maior entroncamento rodovi\u00e1rio do Paran\u00e1 e at\u00e9 mesmo da regi\u00e3o sul, isso muitos j\u00e1 sabem. A novidade \u00e9 que agora o munic\u00edpio receber\u00e1 um empreendimento inovador nesse setor no Brasil.<\/p>&nbsp;&nbsp;\n<p>J\u00e1 em constru\u00e7\u00e3o e com previs\u00e3o para inaugurar em dezembro deste ano, a Parada Vendrami ser\u00e1 um misto de posto de combust\u00edvel e centro comercial e foi pensada para atender de forma especial os caminhoneiros, mas sem deixar de proporcionar o melhor aos turistas e outros motoristas.<\/p>&nbsp;&nbsp;\n<p><strong>LOCALIZA\u00c7\u00c3O PRIVILEGIADA COM PROJETO MODERNO<\/strong><\/p>\n<p>A nova Parada ficar\u00e1 localizada na BR-376 na regi\u00e3o do Distrito Industrial, a quatro quil\u00f4metros do Parque Estadual de Vila Velha, pr\u00f3xima a gigantes do agroneg\u00f3cio como a Louis Dreyfus Company, Bunge e Cargill.<\/p>&nbsp;&nbsp;\n<p>Haver\u00e1 lojas de conveni\u00eancias, restaurante com mais de 1.000 m2, estacionamento para 215 caminh\u00f5es (ou mais de 80 bitrens), estacionamento para \u00f4nibus e para 126 carros e 20 motos, central de reparos, entre outros servi\u00e7os.<\/p>&nbsp;&nbsp;\n<p>Al\u00e9m disso, o empreendimento contar\u00e1 com uma Central de Cargas com 20 escrit\u00f3rios comerciais e 80 vagas de carros a transportadoras, seguradoras, entre outras empresas que prestam servi\u00e7os exclusivos aos caminhoneiros.<\/p>&nbsp;&nbsp;\n<p>\u201cO nome do empreendimento \u00e9 uma homenagem ao meu av\u00f4, Ant\u00f4nio Vendrami, que fez o primeiro empreendimento no local h\u00e1 40 anos. E n\u00f3s v\u00edamos, h\u00e1 muitos anos, que n\u00e3o haviam empreendimentos modernos na estrada. Como Ponta Grossa \u00e9 um ponto log\u00edstico extremamente importante para o Brasil, resolvemos criar a Parada Vendrami\u201d, conta Vinicius Vendrami Malucelli, s\u00f3cio no projeto junto com seu irm\u00e3o Antonio Vendrami Malucelli. \u201cEnt\u00e3o quando resolvemos iniciar este projeto, decidimos optar por algo inovador, diferente, como as paradas que existem em S\u00e3o Paulo, nos Estados Unidos e na Europa\u201d, acrescenta.<\/p>&nbsp;&nbsp;\n<p><strong>LOCAL DE DESCANSO APROPRIADO A CAMINHONEIROS E SEGURAN\u00c7A NO TR\u00c2NSITO<\/strong><\/p>\n<p>De acordo com a Abramet (Associa\u00e7\u00e3o Brasileira de Medicina de Tr\u00e1fego), 60% dos acidentes de tr\u00e2nsito s\u00e3o ocasionados por fadiga ou sono. Por isso, a Lei No. 13.103\/2015 \u00e9 rigorosa: s\u00e3o asseguradas, a esses profissionais, 11 horas de descanso dentro do per\u00edodo de 24 horas, sendo que oito delas devem ser ininterruptas e uma deve ser destinada ao almo\u00e7o. Por isso, \u00e9 imprescind\u00edvel que haja uma \u00e1rea de descanso e lazer especial para eles, como a que ser\u00e1 oferecida pela Parada Vendrami.<\/p>&nbsp;&nbsp;\n<div id=\"attachment_27173\" class=\"wp-caption alignright\" readability=\"32\"><a href=\"http:\/\/www.cargonews.com.br\/wp-content\/uploads\/2019\/04\/imagem_release_1630778.jpg\">&#8221; wp-image-27173&#8243; src=&#8221;https:\/\/www.truckbrasil.com.br\/wp\/wp-content\/uploads\/2019\/04\/ponta-grossa-recebera-empreendimento-rodoviario-inovador-ainda-este-ano-1.jpg&#8221; alt=&#8221;&#8221; width=&#8221;435&#8243; height=&#8221;245&#8243; srcset=&#8221;https:\/\/www.truckbrasil.com.br\/wp\/wp-content\/uploads\/2019\/04\/ponta-grossa-recebera-empreendimento-rodoviario-inovador-ainda-este-ano-1.jpg 300w, http:\/\/www.cargonews.com.br\/wp-content\/uploads\/2019\/04\/imagem_release_1630778-768&#215;432.jpg 768w, http:\/\/www.cargonews.com.br\/wp-content\/uploads\/2019\/04\/imagem_release_1630778-1024&#215;576.jpg 1024w, http:\/\/www.cargonews.com.br\/wp-content\/uploads\/2019\/04\/imagem_release_1630778.jpg 1180w&#8221; sizes=&#8221;(max-width: 435px) 100vw, 435px&#8221;\/><\/a><\/p>\n<p class=\"wp-caption-text\">\u00c1rea destinada aos Caminhoneiros \u2013 Barbearia\/Lavanderia\/Computadores<br \/> <\/p>\n<\/div>\n<p>\u201cO local contar\u00e1 com restaurantes, lojas de conveni\u00eancias, al\u00e9m de um espa\u00e7o exclusivo para o descanso do caminhoneiro, com barbearia, \u00e1rea de jogos, poltronas, televis\u00e3o, computadores com acesso \u00e0 internet, banheiros com chuveiros e vesti\u00e1rios individuais\u201d, conta Vinicius.<\/p>&nbsp;&nbsp;\n<p><strong>ROTA DA PRODU\u00c7\u00c3O AGR\u00cdCOLA<\/strong><\/p>\n<p>Por abrigar um grande cruzamento rodoferrovi\u00e1rio, o munic\u00edpio de Ponta Grossa recebe uma quantidade enorme de ve\u00edculos, especialmente no local onde ser\u00e1 a Parada Vendrami. S\u00e3o mais de 20 mil autom\u00f3veis e 16 mil caminh\u00f5es transitando por ali diariamente. Devido ao fluxo intenso, destaca-se a import\u00e2ncia de um local com infraestrutura e atendimento especializado em caminh\u00f5es. Outro dado interessante \u00e9 que 24% de toda a produ\u00e7\u00e3o do soja, milho e farelo de soja passa em frente \u00e0 Parada Vendrami.<\/p>&nbsp;&nbsp;\n<p>\u201cA Parada Vendrami est\u00e1 em um local estrat\u00e9gico, e oferecer\u00e1 um amplo atendimento. Em uma \u00fanica parada o caminhoneiro poder\u00e1 resolver v\u00e1rias quest\u00f5es, como: conseguir um frete, abastecer o ve\u00edculo, adquirir acess\u00f3rios, alimentar-se e descansar\u201d, destaca Vinicius Vendrami Malucelli.<\/p>&nbsp;&nbsp;\n<p><strong>O MENOR CUSTO OPERACIONAL DA ESTRADA<\/strong><\/p>\n<p>Para os empres\u00e1rios que pretendam investir no local, Vinicius destaca como benef\u00edcio o baixo custo da opera\u00e7\u00e3o. \u201cA Parada Vendrami ser\u00e1 administrada como um shopping, com manuten\u00e7\u00e3o, seguran\u00e7a, ilumina\u00e7\u00e3o. Todos os empreendedores compartilham da mesma estrutura e dividem custos, podendo focar exclusivamente em suas atividades. Ent\u00e3o ser\u00e1 o melhor custo operacional para um empreendimento na estrada\u201d, conclui.<\/p>&nbsp;&nbsp;\n","protected":false},"excerpt":{"rendered":"<p>Posto de combust\u00edvel, central de cargas e centro comercial t\u00eam previs\u00e3o de inaugura\u00e7\u00e3o para dezembro&#8230;<\/p>\n","protected":false},"author":1,"featured_media":0,"comment_status":"open","ping_status":"open","sticky":false,"template":"","format":"standard","meta":{"fifu_image_url":"","fifu_image_alt":"","footnotes":""},"categories":[8725],"tags":[9813],"class_list":["post-74641","post","type-post","status-publish","format-standard","hentry","category-geralmercado","tag-noticiasproducao-agricola","wpcat-8725-id"],"_links":{"self":[{"href":"https:\/\/verde-amarelo.net\/verdeamarelo\/wp-json\/wp\/v2\/posts\/74641","targetHints":{"allow":["GET"]}}],"collection":[{"href":"https:\/\/verde-amarelo.net\/verdeamarelo\/wp-json\/wp\/v2\/posts"}],"about":[{"href":"https:\/\/verde-amarelo.net\/verdeamarelo\/wp-json\/wp\/v2\/types\/post"}],"author":[{"embeddable":true,"href":"https:\/\/verde-amarelo.net\/verdeamarelo\/wp-json\/wp\/v2\/users\/1"}],"replies":[{"embeddable":true,"href":"https:\/\/verde-amarelo.net\/verdeamarelo\/wp-json\/wp\/v2\/comments?post=74641"}],"version-history":[{"count":0,"href":"https:\/\/verde-amarelo.net\/verdeamarelo\/wp-json\/wp\/v2\/posts\/74641\/revisions"}],"wp:attachment":[{"href":"https:\/\/verde-amarelo.net\/verdeamarelo\/wp-json\/wp\/v2\/media?parent=74641"}],"wp:term":[{"taxonomy":"category","embeddable":true,"href":"https:\/\/verde-amarelo.net\/verdeamarelo\/wp-json\/wp\/v2\/categories?post=74641"},{"taxonomy":"post_tag","embeddable":true,"href":"https:\/\/verde-amarelo.net\/verdeamarelo\/wp-json\/wp\/v2\/tags?post=74641"}],"curies":[{"name":"wp","href":"https:\/\/api.w.org\/{rel}","templated":true}]}}