{"id":74642,"date":"2019-04-26T13:00:08","date_gmt":"2019-04-26T16:00:08","guid":{"rendered":"https:\/\/verde-amarelo.net\/verdeamarelo\/2019\/04\/com-ampliacao-de-investimentos-em-sao-paulo-sicredi-participa-da-agrishow\/"},"modified":"2019-04-26T13:00:08","modified_gmt":"2019-04-26T16:00:08","slug":"com-ampliacao-de-investimentos-em-sao-paulo-sicredi-participa-da-agrishow","status":"publish","type":"post","link":"https:\/\/verde-amarelo.net\/verdeamarelo\/2019\/04\/com-ampliacao-de-investimentos-em-sao-paulo-sicredi-participa-da-agrishow\/","title":{"rendered":"Com amplia\u00e7\u00e3o de investimentos em S\u00e3o Paulo, Sicredi participa da Agrishow"},"content":{"rendered":"<blockquote class=\"quote_content\" readability=\"33\">\n<p><span>Durante a feira, institui\u00e7\u00e3o refor\u00e7a a liga\u00e7\u00e3o com o agroneg\u00f3cio formalizando a parceria com a AgTech Garage, hub que visa o desenvolvimento de solu\u00e7\u00f5es inovadoras para o setor<\/span><\/p>\n<\/blockquote>\n<div id=\"attachment_27160\" class=\"wp-caption alignright\" readability=\"33\"><a href=\"http:\/\/www.cargonews.com.br\/wp-content\/uploads\/2019\/04\/imagem_release_1685919.jpg\">&#8221; wp-image-27160&#8243; src=&#8221;https:\/\/www.truckbrasil.com.br\/wp\/wp-content\/uploads\/2019\/04\/com-ampliacao-de-investimentos-em-sao-paulo-sicredi-participa-da-agrishow.jpg&#8221; alt=&#8221;&#8221; width=&#8221;389&#8243; height=&#8221;259&#8243; srcset=&#8221;https:\/\/www.truckbrasil.com.br\/wp\/wp-content\/uploads\/2019\/04\/com-ampliacao-de-investimentos-em-sao-paulo-sicredi-participa-da-agrishow.jpg 300w, http:\/\/www.cargonews.com.br\/wp-content\/uploads\/2019\/04\/imagem_release_1685919-768&#215;512.jpg 768w, http:\/\/www.cargonews.com.br\/wp-content\/uploads\/2019\/04\/imagem_release_1685919-1024&#215;682.jpg 1024w&#8221; sizes=&#8221;(max-width: 389px) 100vw, 389px&#8221;\/><\/a><\/p>\n<p class=\"wp-caption-text\">Manfred Dasenbrock \u00e9 presidente nacional do Sistema Sicredi e da Central PR\/SP\/RJ<br \/>Cr\u00e9ditos: Divulga\u00e7\u00e3o<\/p>\n<\/div>\n<p>Considerada uma das maiores feiras de tecnologia agr\u00edcola da Am\u00e9rica Latina, a Agrishow ser\u00e1 realizada entre 29 de abril e 3 de maio, em Ribeir\u00e3o Preto (SP), e deve reunir mais de 150 mil visitantes e cerca de 800 expositores como o Sicredi, institui\u00e7\u00e3o financeira cooperativa com mais de 4 milh\u00f5es de associados em todo o Pa\u00eds.<\/p>&nbsp;&nbsp;\n<p>Com ra\u00edzes no campo, o Sicredi tem uma longa parceria com agroneg\u00f3cio. Recentemente foi destaque no ranking de desembolsos do Banco Nacional de Desenvolvimento Econ\u00f4mico e Social (BNDES) como agente financeiro que mais liberou recursos pelo Programa Nacional de Fortalecimento da Agricultura Familiar (Pronaf), em 2018, realizando aproximadamente 20 mil opera\u00e7\u00f5es.<\/p>&nbsp;&nbsp;\n<p>Coopera\u00e7\u00e3o com o campo que agora ganha refor\u00e7o da tecnologia com a parceira rec\u00e9m-anunciada, e formalizada durante a feira, entre o Sicredi e a AgTech Garage, hub de inova\u00e7\u00e3o que promove a conex\u00e3o entre produtores rurais, startups e institui\u00e7\u00f5es de ensino visando o desenvolvimento de solu\u00e7\u00f5es inovadoras e tecnol\u00f3gicas para o agroneg\u00f3cio.<\/p>&nbsp;&nbsp;\n<p>Com isso, o Sicredi passa a ser um dos principais parceiros de inova\u00e7\u00e3o do hub da AgtechValley, localizado na regi\u00e3o de Piracicaba (SP) e conhecido como \u201cVale do Sil\u00edcio Brasileiro\u201d devido a concentra\u00e7\u00e3o de polos de desenvolvimento de alta tecnologia, hubs e institui\u00e7\u00f5es de ensino e pesquisa de ponta.<\/p>&nbsp;&nbsp;\n<p>Al\u00e9m da formaliza\u00e7\u00e3o da parceria, quem visita o estande do Sicredi na feira poder\u00e1 conhecer os diferenciais do atendimento da institui\u00e7\u00e3o financeira cooperativa, que tem como miss\u00e3o oferecer solu\u00e7\u00f5es financeiras para agregar renda e contribuir para a qualidade de vida dos associados e da sociedade. \u201cVamos para Ribeir\u00e3o Preto com uma equipe preparada. Somos parceiros dos produtores e conseguimos atender \u00e0 demanda da melhor maneira poss\u00edvel, buscando compreender as suas necessidades\u201d, destaca o gerente de Desenvolvimento de Neg\u00f3cios da Central Sicredi PR\/SP\/RJ, Gilson Nogueira Farias.<\/p>&nbsp;&nbsp;\n<p><strong>Recursos<\/strong><\/p>\n<p>Na safra 2018\/2019 o Sistema Sicredi registrou crescimento de 42% nos limites operacionais junto ao BNDES, em compara\u00e7\u00e3o com o montante disponibilizado na safra 2017\/2018, totalizando R$ 4,3 bilh\u00f5es. Tamb\u00e9m foi registrado um aumento de 17% na utiliza\u00e7\u00e3o deste limite, totalizando R$ 2,9 bilh\u00f5es. O volume remanescente depender\u00e1 da disponibiliza\u00e7\u00e3o de recursos do BNDES at\u00e9 junho deste ano, quando termina o atual Plano Safra.<\/p>&nbsp;&nbsp;\n<p>Assessoria de Imprensa<\/p>\n","protected":false},"excerpt":{"rendered":"<p>Durante a feira, institui\u00e7\u00e3o refor\u00e7a a liga\u00e7\u00e3o com o agroneg\u00f3cio formalizando a parceria com a&#8230;<\/p>\n","protected":false},"author":1,"featured_media":0,"comment_status":"open","ping_status":"open","sticky":false,"template":"","format":"standard","meta":{"fifu_image_url":"","fifu_image_alt":"","footnotes":""},"categories":[8725],"tags":[9814],"class_list":["post-74642","post","type-post","status-publish","format-standard","hentry","category-geralmercado","tag-agrishownoticias","wpcat-8725-id"],"_links":{"self":[{"href":"https:\/\/verde-amarelo.net\/verdeamarelo\/wp-json\/wp\/v2\/posts\/74642","targetHints":{"allow":["GET"]}}],"collection":[{"href":"https:\/\/verde-amarelo.net\/verdeamarelo\/wp-json\/wp\/v2\/posts"}],"about":[{"href":"https:\/\/verde-amarelo.net\/verdeamarelo\/wp-json\/wp\/v2\/types\/post"}],"author":[{"embeddable":true,"href":"https:\/\/verde-amarelo.net\/verdeamarelo\/wp-json\/wp\/v2\/users\/1"}],"replies":[{"embeddable":true,"href":"https:\/\/verde-amarelo.net\/verdeamarelo\/wp-json\/wp\/v2\/comments?post=74642"}],"version-history":[{"count":0,"href":"https:\/\/verde-amarelo.net\/verdeamarelo\/wp-json\/wp\/v2\/posts\/74642\/revisions"}],"wp:attachment":[{"href":"https:\/\/verde-amarelo.net\/verdeamarelo\/wp-json\/wp\/v2\/media?parent=74642"}],"wp:term":[{"taxonomy":"category","embeddable":true,"href":"https:\/\/verde-amarelo.net\/verdeamarelo\/wp-json\/wp\/v2\/categories?post=74642"},{"taxonomy":"post_tag","embeddable":true,"href":"https:\/\/verde-amarelo.net\/verdeamarelo\/wp-json\/wp\/v2\/tags?post=74642"}],"curies":[{"name":"wp","href":"https:\/\/api.w.org\/{rel}","templated":true}]}}