{"id":74643,"date":"2019-04-26T11:41:29","date_gmt":"2019-04-26T14:41:29","guid":{"rendered":"https:\/\/verde-amarelo.net\/verdeamarelo\/2019\/04\/grupo-panalpina-segue-em-forte-ritmo-de-crescimento-e-registra-alta-na-rentabilidade-da-companhia\/"},"modified":"2019-04-26T11:41:29","modified_gmt":"2019-04-26T14:41:29","slug":"grupo-panalpina-segue-em-forte-ritmo-de-crescimento-e-registra-alta-na-rentabilidade-da-companhia","status":"publish","type":"post","link":"https:\/\/verde-amarelo.net\/verdeamarelo\/2019\/04\/grupo-panalpina-segue-em-forte-ritmo-de-crescimento-e-registra-alta-na-rentabilidade-da-companhia\/","title":{"rendered":"Grupo Panalpina segue em forte ritmo de crescimento e registra alta na rentabilidade da companhia"},"content":{"rendered":"<p><a href=\"http:\/\/www.cargonews.com.br\/wp-content\/uploads\/2019\/04\/Foto-Geral.jpg\"><img \"wp-image-27154 alignleft&#8221; src=&#8221;https:\/\/www.truckbrasil.com.br\/wp\/wp-content\/uploads\/2019\/04\/grupo-panalpina-segue-em-forte-ritmo-de-crescimento-e-registra-alta-na-rentabilidade-da-companhia.jpg&#8221; alt=&#8221;&#8221; width=&#8221;414&#8243; height=&#8221;291&#8243; srcset=&#8221;https:\/\/www.truckbrasil.com.br\/wp\/wp-content\/uploads\/2019\/04\/grupo-panalpina-segue-em-forte-ritmo-de-crescimento-e-registra-alta-na-rentabilidade-da-companhia.jpg 300w, http:\/\/www.cargonews.com.br\/wp-content\/uploads\/2019\/04\/Foto-Geral-768&#215;540.jpg 768w, http:\/\/www.cargonews.com.br\/wp-content\/uploads\/2019\/04\/Foto-Geral-1024&#215;720.jpg 1024w&#8221; sizes=&#8221;(max-width: 414px) 100vw, 414px&#8221;\/><\/a>Para o Grupo Panalpina, um dos principais fornecedores mundiais de solu\u00e7\u00f5es log\u00edsticas para a cadeia de suprimentos, 2019 come\u00e7ou com saldo positivo. De acordo com o balan\u00e7o divulgado recentemente, a companhia encerrou o primeiro trimestre do ano registrando um aumento significativo na rentabilidade de seus neg\u00f3cios: ao atingir a marca de 28,1 milh\u00f5es de francos su\u00ed\u00e7os (CHF) no EBIT e de CHF 19,2 milh\u00f5es no que refere ao lucro consolidado, enquanto que, no mesmo per\u00edodo do ano anterior, a empresa acumulou CHF 24,4 milh\u00f5es e CHF 16,6 milh\u00f5es, respectivamente.<\/p>&nbsp;&nbsp;\n<p>\u201cNo primeiro trimestre deste ano, a Panalpina gerou 15% mais EBIT e lucro do que no mesmo per\u00edodo do ano passado\u201d, diz o CEO da Panalpina, Stefan Karlen. \u201cMelhoramos a lucratividade, apesar de um ambiente de mercado desafiador, em um per\u00edodo em que consider\u00e1veis recursos de gerenciamento foram absorvidos pelo t\u00f3pico de fus\u00f5es e aquisi\u00e7\u00f5es. Isso demonstra a qualidade e a for\u00e7a subjacentes de nossa organiza\u00e7\u00e3o\u201d, acrescenta.<\/p>&nbsp;&nbsp;\n<p>EBIT e Lucro Consolidado Maiores \u2013 No primeiro trimestre de 2019, o lucro bruto da Panalpina diminuiu 3%, indo para CHF 358,1 milh\u00f5es (YTD 2018: CHF 370,7 milh\u00f5es), enquanto as despesas operacionais totais ca\u00edram para CHF 290 milh\u00f5es (YTD 2018: CHF 306,3 milh\u00f5es). J\u00e1 o EBIT e o lucro consolidado aumentaram em rela\u00e7\u00e3o ao ano anterior, em 15% e 16%, respectivamente. O EBIT atingiu CHF 28,1 milh\u00f5es, comparado aos CHF 24,4 milh\u00f5es registrados um ano antes, e a margem EBIT-para-lucro-bruto ficou em 7,9%, acima dos 6,6% alcan\u00e7ados em 2018. O lucro consolidado, por sua vez, subiu de CHF 16,6 milh\u00f5es para CHF 19,2 milh\u00f5es.<\/p>&nbsp;&nbsp;\n<p>Frete A\u00e9reo \u2013 O volume de frete a\u00e9reo da Panalpina aumentou 8% no primeiro trimestre de 2019. No entanto, no comparativo com o mesmo per\u00edodo do ano passado, o lucro bruto por tonelada obteve queda de 10%, indo de CHF 739 em 2018 para CHF 666 em 2019, enquanto o lucro bruto geral caiu de CHF 177,8 milh\u00f5es para CHF 173,1 milh\u00f5es. O EBIT e a margem EBIT-para-lucro-bruto espec\u00edficos do produto tamb\u00e9m diminu\u00edram, indo de CHF 26,9 milh\u00f5es para CHF 24,9 milh\u00f5es e de 15,1% para 14,4%, respectivamente.<\/p>&nbsp;&nbsp;\n<p>Frete Mar\u00edtimo \u2013 O volume de frete mar\u00edtimo diminuiu 3% no paralelo ano a ano e o lucro bruto por TEU caiu 2%, indo de CHF 303 em 2018 para CHF 296 em 2019. Com isso, o lucro bruto total tamb\u00e9m obteve retra\u00e7\u00e3o, caindo de CHF 108,9 milh\u00f5es para CHF 102,9 milh\u00f5es. Dessa forma, o EBIT espec\u00edfico do produto neste primeiro trimestre chegou a CHF 0,3 milh\u00f5es, comparado a uma perda de CHF 5,8 milh\u00f5es no ano passado.<\/p>&nbsp;&nbsp;\n<p><a href=\"http:\/\/www.cargonews.com.br\/wp-content\/uploads\/2019\/04\/Caminh%C3%B5es.jpg\"><img \"wp-image-27155 alignright&#8221; src=&#8221;https:\/\/www.truckbrasil.com.br\/wp\/wp-content\/uploads\/2019\/04\/grupo-panalpina-segue-em-forte-ritmo-de-crescimento-e-registra-alta-na-rentabilidade-da-companhia-1.jpg&#8221; alt=&#8221;&#8221; width=&#8221;432&#8243; height=&#8221;170&#8243; srcset=&#8221;http:\/\/www.cargonews.com.br\/wp-content\/uploads\/2019\/04\/Caminh&#xF5;es-300&#215;118.jpg 300w, http:\/\/www.cargonews.com.br\/wp-content\/uploads\/2019\/04\/Caminh&#xF5;es-768&#215;303.jpg 768w, http:\/\/www.cargonews.com.br\/wp-content\/uploads\/2019\/04\/Caminh&#xF5;es-1024&#215;404.jpg 1024w, http:\/\/www.cargonews.com.br\/wp-content\/uploads\/2019\/04\/Caminh&#xF5;es.jpg 1168w&#8221; sizes=&#8221;(max-width: 432px) 100vw, 432px&#8221;\/><\/a>Log\u00edstica \u2013 No que refere \u00e0s opera\u00e7\u00f5es log\u00edsticas, o lucro bruto obteve queda de 2% com rela\u00e7\u00e3o ao ano anterior, indo de CHF 84 milh\u00f5es em 2018 para CHF 82,1 milh\u00f5es em 2019. Com este resultado, o EBIT atingiu CHF 2,9 milh\u00f5es no per\u00edodo, atr\u00e1s dos CHF 3,4 milh\u00f5es registrados em 2018.<\/p>&nbsp;&nbsp;\n<p>Cen\u00e1rio \u2013 \u201cDesde que as not\u00edcias da aquisi\u00e7\u00e3o da Panalpina pela DSV surgiram, as circunst\u00e2ncias mudaram. Dar qualquer tipo de perspectiva n\u00e3o \u00e9 apenas mais desafiador do que nunca, mas tamb\u00e9m restringido por quest\u00f5es legais\u201d, diz Karlen. \u201cNo entanto, a Panalpina continua realizando neg\u00f3cios como de costume. Continuamos a conquistar novos clientes depois que a transa\u00e7\u00e3o foi anunciada e estamos determinados a seguir fazendo isso nas pr\u00f3ximas semanas e meses que est\u00e3o por vir. Estamos competindo no mercado com nossa marca forte, grande capacidade e s\u00f3lida oferta de servi\u00e7os, apoiando nossos clientes e fornecendo solu\u00e7\u00f5es personalizadas que criam valor para eles. Este \u00e9 o nosso compromisso e obriga\u00e7\u00e3o para o resto do ano\u201d, finaliza o CEO do Grupo Panalpina.<\/p>&nbsp;&nbsp;\n<p>Assessoria de Imprensa<\/p>\n","protected":false},"excerpt":{"rendered":"<p>Log\u00edstica \u2013 No que refere \u00e0s opera\u00e7\u00f5es log\u00edsticas, o lucro bruto obteve queda de 2%&#8230;<\/p>\n","protected":false},"author":1,"featured_media":0,"comment_status":"open","ping_status":"open","sticky":false,"template":"","format":"standard","meta":{"fifu_image_url":"","fifu_image_alt":"","footnotes":""},"categories":[8725],"tags":[9815],"class_list":["post-74643","post","type-post","status-publish","format-standard","hentry","category-geralmercado","tag-logisticasnoticias","wpcat-8725-id"],"_links":{"self":[{"href":"https:\/\/verde-amarelo.net\/verdeamarelo\/wp-json\/wp\/v2\/posts\/74643","targetHints":{"allow":["GET"]}}],"collection":[{"href":"https:\/\/verde-amarelo.net\/verdeamarelo\/wp-json\/wp\/v2\/posts"}],"about":[{"href":"https:\/\/verde-amarelo.net\/verdeamarelo\/wp-json\/wp\/v2\/types\/post"}],"author":[{"embeddable":true,"href":"https:\/\/verde-amarelo.net\/verdeamarelo\/wp-json\/wp\/v2\/users\/1"}],"replies":[{"embeddable":true,"href":"https:\/\/verde-amarelo.net\/verdeamarelo\/wp-json\/wp\/v2\/comments?post=74643"}],"version-history":[{"count":0,"href":"https:\/\/verde-amarelo.net\/verdeamarelo\/wp-json\/wp\/v2\/posts\/74643\/revisions"}],"wp:attachment":[{"href":"https:\/\/verde-amarelo.net\/verdeamarelo\/wp-json\/wp\/v2\/media?parent=74643"}],"wp:term":[{"taxonomy":"category","embeddable":true,"href":"https:\/\/verde-amarelo.net\/verdeamarelo\/wp-json\/wp\/v2\/categories?post=74643"},{"taxonomy":"post_tag","embeddable":true,"href":"https:\/\/verde-amarelo.net\/verdeamarelo\/wp-json\/wp\/v2\/tags?post=74643"}],"curies":[{"name":"wp","href":"https:\/\/api.w.org\/{rel}","templated":true}]}}