{"id":74659,"date":"2019-04-29T18:00:15","date_gmt":"2019-04-29T21:00:15","guid":{"rendered":"https:\/\/verde-amarelo.net\/verdeamarelo\/2019\/04\/impactos-da-lgpd-em-eventos\/"},"modified":"2019-04-29T18:00:15","modified_gmt":"2019-04-29T21:00:15","slug":"impactos-da-lgpd-em-eventos","status":"publish","type":"post","link":"https:\/\/verde-amarelo.net\/verdeamarelo\/2019\/04\/impactos-da-lgpd-em-eventos\/","title":{"rendered":"Impactos da LGPD em Eventos"},"content":{"rendered":"<blockquote class=\"quote_content\" readability=\"30\">\n<p><span>(Lei Geral de Prote\u00e7\u00e3o de Dados)<\/span><\/p>\n<\/blockquote>\n<p>A partir de agora, sob pena de multa que poder\u00e1 chegar na casa dos R$ 50 milh\u00f5es, dentre outras muitas exig\u00eancias, os promotores de eventos dever\u00e3o zelar pelos dados dos credenciamentos no tocante ao fornecimento de detalhes como nome e endere\u00e7o para terceiros. Isto significa que ter\u00e3o a responsabilidade de manter a privacidade de visitantes e inscritos (feiras, congressos, exposi\u00e7\u00f5es e iniciativas similares), salvo os casos de anu\u00eancia pr\u00e9via em campo espec\u00edfico dos formul\u00e1rios e convites usados para o registro da participa\u00e7\u00e3o.<\/p>&nbsp;&nbsp;\n<p>A pr\u00e1tica dessa atividade ser\u00e1 combatida pela LGPD (Lei Geral de Prote\u00e7\u00e3o de Dados \/ Artigo 52, II, 14 de Agosto de 2018) ainda neste ano, sendo tema de uma das palestras do Congresso Nacional dos Profissionais de Eventos (CONAPE 2019) que ocorrer\u00e1 no per\u00edodo de 21 a 23 de Maio, das 09h00 \u00e0s 18h00, no audit\u00f3rio do Espa\u00e7o Federal (Av. Paulista, 1.776 \u2013 1\u00ba. Andar, S\u00e3o Paulo \u2013 SP).<\/p>&nbsp;&nbsp;\n<p><a href=\"http:\/\/www.cargonews.com.br\/wp-content\/uploads\/2019\/04\/IMG_0857.jpg\"><img \"wp-image-27210 alignright&#8221; src=&#8221;https:\/\/www.truckbrasil.com.br\/wp\/wp-content\/uploads\/2019\/04\/impactos-da-lgpd-em-eventos.jpg&#8221; alt=&#8221;&#8221; width=&#8221;242&#8243; height=&#8221;363&#8243; srcset=&#8221;https:\/\/www.truckbrasil.com.br\/wp\/wp-content\/uploads\/2019\/04\/impactos-da-lgpd-em-eventos.jpg 200w, http:\/\/www.cargonews.com.br\/wp-content\/uploads\/2019\/04\/IMG_0857-768&#215;1152.jpg 768w, http:\/\/www.cargonews.com.br\/wp-content\/uploads\/2019\/04\/IMG_0857-683&#215;1024.jpg 683w, http:\/\/www.cargonews.com.br\/wp-content\/uploads\/2019\/04\/IMG_0857.jpg 1000w&#8221; sizes=&#8221;(max-width: 242px) 100vw, 242px&#8221;\/><\/a>A conferencista, Dra. Viviana Elizabeth Cenci (Diretora do Depto. Jur\u00eddico da ABComm \u2013 Associa\u00e7\u00e3o Brasileira de Com\u00e9rcio Eletr\u00f4nico), far\u00e1 uma abordagem acerca das inova\u00e7\u00f5es trazidas pela LGPD para a preven\u00e7\u00e3o dos riscos nas atividades dos profissionais de eventos, no que diz respeito aos cuidados necess\u00e1rios nos credenciamentos e na prote\u00e7\u00e3o dos respectivos dados.<\/p>&nbsp;&nbsp;\n<p>O conte\u00fado do CONAPE 2019 contemplar\u00e1, ao longo dos tr\u00eas dias, 24 trabalhos e cases de sucesso com foco nos diversos aspectos da gest\u00e3o de eventos, apresentados por 26 renomados especialistas de importantes entidades e empresas.<\/p>&nbsp;&nbsp;\n<p>Informa\u00e7\u00f5es no site: https:\/\/www.profissionaisdeeventos.net.br\/. Redes Sociais = Facebook: \/conape2019 | Instagram: @conape2019 | Telefone: (011) 5581.0921 | WhatsApp: (011) 97623.6505<\/p>\n<p>Assessoria de Imprensa<\/p>\n","protected":false},"excerpt":{"rendered":"<p>(Lei Geral de Prote\u00e7\u00e3o de Dados) A partir de agora, sob pena de multa que&#8230;<\/p>\n","protected":false},"author":1,"featured_media":0,"comment_status":"open","ping_status":"open","sticky":false,"template":"","format":"standard","meta":{"fifu_image_url":"","fifu_image_alt":"","footnotes":""},"categories":[8702],"tags":[9826],"class_list":["post-74659","post","type-post","status-publish","format-standard","hentry","category-logistica","tag-eventoslogistica","wpcat-8702-id"],"_links":{"self":[{"href":"https:\/\/verde-amarelo.net\/verdeamarelo\/wp-json\/wp\/v2\/posts\/74659","targetHints":{"allow":["GET"]}}],"collection":[{"href":"https:\/\/verde-amarelo.net\/verdeamarelo\/wp-json\/wp\/v2\/posts"}],"about":[{"href":"https:\/\/verde-amarelo.net\/verdeamarelo\/wp-json\/wp\/v2\/types\/post"}],"author":[{"embeddable":true,"href":"https:\/\/verde-amarelo.net\/verdeamarelo\/wp-json\/wp\/v2\/users\/1"}],"replies":[{"embeddable":true,"href":"https:\/\/verde-amarelo.net\/verdeamarelo\/wp-json\/wp\/v2\/comments?post=74659"}],"version-history":[{"count":0,"href":"https:\/\/verde-amarelo.net\/verdeamarelo\/wp-json\/wp\/v2\/posts\/74659\/revisions"}],"wp:attachment":[{"href":"https:\/\/verde-amarelo.net\/verdeamarelo\/wp-json\/wp\/v2\/media?parent=74659"}],"wp:term":[{"taxonomy":"category","embeddable":true,"href":"https:\/\/verde-amarelo.net\/verdeamarelo\/wp-json\/wp\/v2\/categories?post=74659"},{"taxonomy":"post_tag","embeddable":true,"href":"https:\/\/verde-amarelo.net\/verdeamarelo\/wp-json\/wp\/v2\/tags?post=74659"}],"curies":[{"name":"wp","href":"https:\/\/api.w.org\/{rel}","templated":true}]}}