{"id":74661,"date":"2019-04-30T00:18:04","date_gmt":"2019-04-30T03:18:04","guid":{"rendered":"https:\/\/verde-amarelo.net\/verdeamarelo\/2019\/04\/industria-husqvarna-do-brasil-apresenta-modelos-2019-e-anuncia-novidades-para-temporada\/"},"modified":"2019-04-30T00:18:04","modified_gmt":"2019-04-30T03:18:04","slug":"industria-husqvarna-do-brasil-apresenta-modelos-2019-e-anuncia-novidades-para-temporada","status":"publish","type":"post","link":"https:\/\/verde-amarelo.net\/verdeamarelo\/2019\/04\/industria-husqvarna-do-brasil-apresenta-modelos-2019-e-anuncia-novidades-para-temporada\/","title":{"rendered":"IND\u00daSTRIA: Husqvarna do Brasil apresenta modelos 2019 e anuncia novidades para temporada"},"content":{"rendered":"<div class=\"g g-4\">\n<div class=\"g-dyn a-14 c-1\"><a href=\"https:\/\/www.powerhusky.com.br\/enduro\/fe-350\"><img \"aligncenter size-full wp-image-33636270315&#8243; src=&#8221;https:\/\/www.truckbrasil.com.br\/wp\/wp-content\/uploads\/2019\/04\/industria-husqvarna-do-brasil-apresenta-modelos-2019-e-anuncia-novidades-para-temporada.gif&#8221; alt=&#8221;&#8221;\/><\/a><\/div>\n<div class=\"g-dyn a-15 c-2\"><a target=\"_blank\" href=\"http:\/\/imsracing.com.br\/offroad\/index.php\/2018\/06\/26\/lancamento-internacional-da-ims-agora-no-brasil-botas-light\/\" onclick=\"ga('send', 'event', 'IMS oferecimento de noticias', 'click');\" rel=\"noopener\"><img decoding=\"async\" src=\"data:image\/gif;base64,R0lGODlhAQABAIAAAAAAAP\/\/\/ywAAAAAAQABAAACAUwAOw==\" fifu-lazy=\"1\" fifu-data-sizes=\"auto\" fifu-data-srcset=\"https:\/\/i1.wp.com\/www.truckbrasil.com.br\/wp\/wp-content\/uploads\/2019\/04\/industria-husqvarna-do-brasil-apresenta-modelos-2019-e-anuncia-novidades-para-temporada.jpg?ssl=1&w=75&resize=75&ssl=1 75w, https:\/\/i1.wp.com\/www.truckbrasil.com.br\/wp\/wp-content\/uploads\/2019\/04\/industria-husqvarna-do-brasil-apresenta-modelos-2019-e-anuncia-novidades-para-temporada.jpg?ssl=1&w=100&resize=100&ssl=1 100w, https:\/\/i1.wp.com\/www.truckbrasil.com.br\/wp\/wp-content\/uploads\/2019\/04\/industria-husqvarna-do-brasil-apresenta-modelos-2019-e-anuncia-novidades-para-temporada.jpg?ssl=1&w=150&resize=150&ssl=1 150w, https:\/\/i1.wp.com\/www.truckbrasil.com.br\/wp\/wp-content\/uploads\/2019\/04\/industria-husqvarna-do-brasil-apresenta-modelos-2019-e-anuncia-novidades-para-temporada.jpg?ssl=1&w=240&resize=240&ssl=1 240w, https:\/\/i1.wp.com\/www.truckbrasil.com.br\/wp\/wp-content\/uploads\/2019\/04\/industria-husqvarna-do-brasil-apresenta-modelos-2019-e-anuncia-novidades-para-temporada.jpg?ssl=1&w=320&resize=320&ssl=1 320w, https:\/\/i1.wp.com\/www.truckbrasil.com.br\/wp\/wp-content\/uploads\/2019\/04\/industria-husqvarna-do-brasil-apresenta-modelos-2019-e-anuncia-novidades-para-temporada.jpg?ssl=1&w=500&resize=500&ssl=1 500w, https:\/\/i1.wp.com\/www.truckbrasil.com.br\/wp\/wp-content\/uploads\/2019\/04\/industria-husqvarna-do-brasil-apresenta-modelos-2019-e-anuncia-novidades-para-temporada.jpg?ssl=1&w=640&resize=640&ssl=1 640w, https:\/\/i1.wp.com\/www.truckbrasil.com.br\/wp\/wp-content\/uploads\/2019\/04\/industria-husqvarna-do-brasil-apresenta-modelos-2019-e-anuncia-novidades-para-temporada.jpg?ssl=1&w=800&resize=800&ssl=1 800w, https:\/\/i1.wp.com\/www.truckbrasil.com.br\/wp\/wp-content\/uploads\/2019\/04\/industria-husqvarna-do-brasil-apresenta-modelos-2019-e-anuncia-novidades-para-temporada.jpg?ssl=1&w=1024&resize=1024&ssl=1 1024w, https:\/\/i1.wp.com\/www.truckbrasil.com.br\/wp\/wp-content\/uploads\/2019\/04\/industria-husqvarna-do-brasil-apresenta-modelos-2019-e-anuncia-novidades-para-temporada.jpg?ssl=1&w=1280&resize=1280&ssl=1 1280w, https:\/\/i1.wp.com\/www.truckbrasil.com.br\/wp\/wp-content\/uploads\/2019\/04\/industria-husqvarna-do-brasil-apresenta-modelos-2019-e-anuncia-novidades-para-temporada.jpg?ssl=1&w=1600&resize=1600&ssl=1 1600w\" fifu-data-src=\"https:\/\/i1.wp.com\/www.truckbrasil.com.br\/wp\/wp-content\/uploads\/2019\/04\/industria-husqvarna-do-brasil-apresenta-modelos-2019-e-anuncia-novidades-para-temporada.jpg?ssl=1\" alt=\"\" class=\"aligncenter\"\/><\/a><\/div>\n<\/div>\n<p>A Husqvarna Motorcycles Brasil apresentou na noite de quinta-feira, 25, os modelos 2019 rec\u00e9m-chegados ao pa\u00eds. As motocicletas de Enduro TE250i, TE300i, TX300 e FX350, de Motocross FC450 Rockstar e a Supermoto FS 450. Os empres\u00e1rios Raul e Mauricio Fernandes da 2W &amp; Fernandes Group, que representam a marca nacionalmente, anunciaram tamb\u00e9m as boas novas para essa temporada, como a entrada de novos pilotos na equipe e, sobretudo, os novos parceiros, como a Jeri Adventure Ride, Fox Racing e Bianchini Rally.<\/p>&nbsp;&nbsp;\n<p>O lan\u00e7amento aconteceu na Power Husky, a primeira Concept Store da marca da Am\u00e9rica do Sul. Inaugurada h\u00e1 menos de um ano, a concession\u00e1ria Flagship, localizada no bairro de Moema, na capital paulista, funciona tamb\u00e9m como boutique e oficina, ou seja, os apreciadores da marca podem encontrar tudo no mesmo lugar.<\/p>&nbsp;&nbsp;\n<p> <img \"wp-image-33636274625 size-large&#8221; src=&#8221;https:\/\/www.truckbrasil.com.br\/wp\/wp-content\/uploads\/2019\/04\/industria-husqvarna-do-brasil-apresenta-modelos-2019-e-anuncia-novidades-para-temporada-1.jpg&#8221; alt=&#8221;&#8221; width=&#8221;1200&#8243; height=&#8221;800&#8243; srcset=&#8221;https:\/\/www.truckbrasil.com.br\/wp\/wp-content\/uploads\/2019\/04\/industria-husqvarna-do-brasil-apresenta-modelos-2019-e-anuncia-novidades-para-temporada-1.jpg 1200w, https:\/\/brmx.com.br\/wp-content\/uploads\/2019\/04\/359615_875588_5evento_lanA_amento_25.4.19-75&#215;50.jpg 75w, https:\/\/brmx.com.br\/wp-content\/uploads\/2019\/04\/359615_875588_5evento_lanA_amento_25.4.19-300&#215;200.jpg 300w, https:\/\/brmx.com.br\/wp-content\/uploads\/2019\/04\/359615_875588_5evento_lanA_amento_25.4.19-768&#215;512.jpg 768w, https:\/\/brmx.com.br\/wp-content\/uploads\/2019\/04\/359615_875588_5evento_lanA_amento_25.4.19-696&#215;464.jpg 696w, https:\/\/brmx.com.br\/wp-content\/uploads\/2019\/04\/359615_875588_5evento_lanA_amento_25.4.19-1068&#215;712.jpg 1068w, https:\/\/brmx.com.br\/wp-content\/uploads\/2019\/04\/359615_875588_5evento_lanA_amento_25.4.19-630&#215;420.jpg 630w&#8221; sizes=&#8221;(max-width: 1200px) 100vw, 1200px&#8221;\/>Lan\u00e7amento 2019 na concession\u00e1ria flagship, no bairro de Moema, em S\u00e3o Paulo \u2013 Foto: Renato Dur\u00e3es\/Power Husky <\/p>\n<p>\u2013 A in\u00e9dita na nossa linha \u00e9 a FC450 Rockstar, que faz parte de uma edi\u00e7\u00e3o especial em comemora\u00e7\u00e3o ao t\u00edtulo no supercross americano, inclusive ganhou pe\u00e7as e acess\u00f3rios exclusivos \u2013 ressalta Raul Fernandes Jr.<\/p>&nbsp;&nbsp;\n<p> <img \"wp-image-33636274623 size-large&#8221; src=&#8221;https:\/\/www.truckbrasil.com.br\/wp\/wp-content\/uploads\/2019\/04\/industria-husqvarna-do-brasil-apresenta-modelos-2019-e-anuncia-novidades-para-temporada-2.jpg&#8221; alt=&#8221;&#8221; width=&#8221;1200&#8243; height=&#8221;800&#8243; srcset=&#8221;https:\/\/www.truckbrasil.com.br\/wp\/wp-content\/uploads\/2019\/04\/industria-husqvarna-do-brasil-apresenta-modelos-2019-e-anuncia-novidades-para-temporada-2.jpg 1200w, https:\/\/brmx.com.br\/wp-content\/uploads\/2019\/04\/359615_875586_fc_450_rockstar-75&#215;50.jpg 75w, https:\/\/brmx.com.br\/wp-content\/uploads\/2019\/04\/359615_875586_fc_450_rockstar-300&#215;200.jpg 300w, https:\/\/brmx.com.br\/wp-content\/uploads\/2019\/04\/359615_875586_fc_450_rockstar-768&#215;512.jpg 768w, https:\/\/brmx.com.br\/wp-content\/uploads\/2019\/04\/359615_875586_fc_450_rockstar-696&#215;464.jpg 696w, https:\/\/brmx.com.br\/wp-content\/uploads\/2019\/04\/359615_875586_fc_450_rockstar-1068&#215;712.jpg 1068w, https:\/\/brmx.com.br\/wp-content\/uploads\/2019\/04\/359615_875586_fc_450_rockstar-630&#215;420.jpg 630w&#8221; sizes=&#8221;(max-width: 1200px) 100vw, 1200px&#8221;\/>FC450 Rockstar: in\u00e9dita e com edi\u00e7\u00e3o especial ganhou acess\u00f3rios exclusivos \u2013 Foto: Renato Dur\u00e3es\/Power Husky <\/p>\n<p>\u2013 As demais j\u00e1 eram modelos que comercializ\u00e1vamos, mas recebemos agora as vers\u00f5es 2019. J\u00e1 a TX300 e FX350 foram alteradas praticamente 90% e ganharam quadro novo \u2013 explicou o empres\u00e1rio.<\/p>&nbsp;&nbsp;\n<p>A concession\u00e1ria comercializa todas os modelos Husqvarna dispon\u00edveis no mercado internacional. Os modelos mais requisitados podem ser encontrados a pronta entrega, j\u00e1 os mais espec\u00edficos s\u00e3o por encomendas.<\/p>&nbsp;&nbsp;\n<p>\u2013 A TE \u00e9 o carro chefe da marca, onde a 300 domina como uma das melhores motos de enduro do mundo \u2013 afirma Raul.<\/p>&nbsp;&nbsp;\n<p>Os cinco pilotos da equipe Power Husky tamb\u00e9m est\u00e3o equipados com os melhores modelos da marca durante o Brasileiro de Enduro FIM 2019. Nas duas primeiras provas da temporada, em Itapema, Santa Catarina, e Nova Brescia, Rio Grande do Sul, todos subiram ao p\u00f3dio em suas respectivas categorias, sobretudo Gustavo Pellin, que abriu a temporada com vit\u00f3ria, ao vencer na geral no litoral catarinense.<\/p>&nbsp;&nbsp;\n<p>O mineiro Nielsen Bueno, 43 anos, est\u00e1 competindo na categoria E35 com a FC 450. O ga\u00facho Pellin, 35 anos, defende a E3 e a Enduro GP com uma FE 501. Os novos integrantes da equipe Diego Colett, 32 anos, acelera uma FE 450 na E2, enquanto Cassiano Tebaldi, 43 anos, uma FX 350 na E40. Ambos s\u00e3o da cidade de Casca, no Rio Grande do Sul. J\u00e1 Mauricio Fernandes, 48 anos, pilota uma TE300i na E45.<\/p>&nbsp;&nbsp;\n<p> <img \"wp-image-33636274626 size-large&#8221; src=&#8221;https:\/\/www.truckbrasil.com.br\/wp\/wp-content\/uploads\/2019\/04\/industria-husqvarna-do-brasil-apresenta-modelos-2019-e-anuncia-novidades-para-temporada-3.jpg&#8221; alt=&#8221;&#8221; width=&#8221;1200&#8243; height=&#8221;800&#8243; srcset=&#8221;https:\/\/www.truckbrasil.com.br\/wp\/wp-content\/uploads\/2019\/04\/industria-husqvarna-do-brasil-apresenta-modelos-2019-e-anuncia-novidades-para-temporada-3.jpg 1200w, https:\/\/brmx.com.br\/wp-content\/uploads\/2019\/04\/359615_875590_motos_da_equipe_power_husky-75&#215;50.jpg 75w, https:\/\/brmx.com.br\/wp-content\/uploads\/2019\/04\/359615_875590_motos_da_equipe_power_husky-300&#215;200.jpg 300w, https:\/\/brmx.com.br\/wp-content\/uploads\/2019\/04\/359615_875590_motos_da_equipe_power_husky-768&#215;512.jpg 768w, https:\/\/brmx.com.br\/wp-content\/uploads\/2019\/04\/359615_875590_motos_da_equipe_power_husky-696&#215;464.jpg 696w, https:\/\/brmx.com.br\/wp-content\/uploads\/2019\/04\/359615_875590_motos_da_equipe_power_husky-1068&#215;712.jpg 1068w, https:\/\/brmx.com.br\/wp-content\/uploads\/2019\/04\/359615_875590_motos_da_equipe_power_husky-630&#215;420.jpg 630w&#8221; sizes=&#8221;(max-width: 1200px) 100vw, 1200px&#8221;\/>Motoclicletas da equipe de enduro Power Husky \u2013 Foto: Renato Dur\u00e3es\/Power Husky <\/p>\n<p>\u2013 Estamos muito felizes e temos boas expectativas para a temporada. A entrada de novos pilotos na equipe s\u00f3 nos faz acreditar que estamos no caminho certo. Os resultados das duas primeiras provas no Sul j\u00e1 comprovaram isso. Os desafios s\u00e3o grandes, mas contamos com um time muito competente e, aliado a uma marca t\u00e3o conceituada como a Husqvarna Motorcycles, certamente v\u00e3o resultar em boas conquistas \u2013 disse Mauricio, que tem uma respeitada trajet\u00f3ria no off-road, tanto no Enduro como no Cross Country.<\/p>&nbsp;&nbsp;\n<h3><span>Novas parcerias<\/span><\/h3>\n<p>Sobre os novos parceiros para a temporada, Mauricio afirmou que a Husqvarna Brasil est\u00e1 investindo e trabalhando na expans\u00e3o da marca em v\u00e1rias vertentes:<\/p>\n<p>\u2013 Estamos muito felizes por contar com parceiros que possam somar \u00e0 marca. A Jeri Adventure Ride ir\u00e1 mostrar para mais de 500 pilotos, ao ano, a oportunidade de conhecer de perto as nossas motocicletas em um dos lugares mais lindos do Brasil. A Fox \u00e9 uma marca premium e condiz com o n\u00edvel premium da Husqvarna e a Bianchini Rally \u00e9 uma das equipes mais tradicionais do grid de Baja e Cross Country e do Rally dos Sert\u00f5es e vai brigar por bons resultados.<\/p>&nbsp;&nbsp;\n<p>A FX350 2019 impressionou os apaixonados por off-road, como o piloto Nielsen Bueno, pentacampe\u00e3o brasileiro de Enduro e um dos s\u00f3cios da Jeri Adventure Ride que trocou a frota de quase 20 motocicletas pelas Husqvarnas.<\/p>&nbsp;&nbsp;\n<p>\u2013 Al\u00e9m do design arrojado, a moto \u00e9 muito forte, leve, e ao mesmo tempo proporciona uma pilotagem divertida e prazerosa nas dunas de Jericoacoara \u2013 afirmou.<\/p>&nbsp;&nbsp;\n<p>\u2013 Vendemos um sonho para nossos clientes, de estar em uma das regi\u00f5es mais lindas do Brasil. Temos uma base bem estruturada, com pousada, \u00e1rea de lazer e espa\u00e7o Racing muito bem montado e a entrada da Husqvarna do Brasil foi o toque que faltava para melhorar ainda mais nosso passeio \u2013 completou Nielsen.<\/p>&nbsp;&nbsp;\n<p>Em 2018 a Jeri Adventure atendeu aproximadamente 400 clientes e, neste ano, j\u00e1 est\u00e3o com 450 inscritos antes da temporada come\u00e7ar.<\/p>&nbsp;&nbsp;\n<p> <img \"wp-image-33636274621 size-large&#8221; src=&#8221;https:\/\/www.truckbrasil.com.br\/wp\/wp-content\/uploads\/2019\/04\/industria-husqvarna-do-brasil-apresenta-modelos-2019-e-anuncia-novidades-para-temporada-4.jpg&#8221; alt=&#8221;&#8221; width=&#8221;1200&#8243; height=&#8221;800&#8243; srcset=&#8221;https:\/\/www.truckbrasil.com.br\/wp\/wp-content\/uploads\/2019\/04\/industria-husqvarna-do-brasil-apresenta-modelos-2019-e-anuncia-novidades-para-temporada-4.jpg 1200w, https:\/\/brmx.com.br\/wp-content\/uploads\/2019\/04\/359615_875587_parceira_husqvarna_e_jeri_adventure_ride_com_fx350_Easy-Resize.com_-75&#215;50.jpg 75w, https:\/\/brmx.com.br\/wp-content\/uploads\/2019\/04\/359615_875587_parceira_husqvarna_e_jeri_adventure_ride_com_fx350_Easy-Resize.com_-300&#215;200.jpg 300w, https:\/\/brmx.com.br\/wp-content\/uploads\/2019\/04\/359615_875587_parceira_husqvarna_e_jeri_adventure_ride_com_fx350_Easy-Resize.com_-768&#215;512.jpg 768w, https:\/\/brmx.com.br\/wp-content\/uploads\/2019\/04\/359615_875587_parceira_husqvarna_e_jeri_adventure_ride_com_fx350_Easy-Resize.com_-696&#215;464.jpg 696w, https:\/\/brmx.com.br\/wp-content\/uploads\/2019\/04\/359615_875587_parceira_husqvarna_e_jeri_adventure_ride_com_fx350_Easy-Resize.com_-1068&#215;712.jpg 1068w, https:\/\/brmx.com.br\/wp-content\/uploads\/2019\/04\/359615_875587_parceira_husqvarna_e_jeri_adventure_ride_com_fx350_Easy-Resize.com_-630&#215;420.jpg 630w, https:\/\/brmx.com.br\/wp-content\/uploads\/2019\/04\/359615_875587_parceira_husqvarna_e_jeri_adventure_ride_com_fx350_Easy-Resize.com_.jpg 1280w&#8221; sizes=&#8221;(max-width: 1200px) 100vw, 1200px&#8221;\/>Husqvarna Brasil e Jeri Adventure Ride: parceria promissora \u2013 Foto: Renato Dur\u00e3es\/Power Husky <\/p>\n<p>\u2013 Em 2019, em parceria com a Power Husky, voltamos forte \u00e0s competi\u00e7\u00f5es, sempre assessorando os pilotos com os melhores equipamentos para performance que temos \u2013 destacou Jonathas Paz, Gerente de Marketing da BR Motorsport, que representa a Fox no Brasil.<\/p>&nbsp;&nbsp;\n<p>\u2013 Estar aliado \u00e0 uma grande equipe oficial \u00e9 sempre uma honra. E com a Husqvarna n\u00e3o \u00e9 diferente. A Fox Racing \u00e9 a maior marca de equipamentos do off-road mundial e a Husqvarna a marca pioneira no segmento. Juntos, unimos as duas grandes pot\u00eancias do mercado.<\/p>&nbsp;&nbsp;\n<p> <img \"wp-image-33636274622 size-large&#8221; src=&#8221;https:\/\/www.truckbrasil.com.br\/wp\/wp-content\/uploads\/2019\/04\/industria-husqvarna-do-brasil-apresenta-modelos-2019-e-anuncia-novidades-para-temporada-5.jpg&#8221; alt=&#8221;&#8221; width=&#8221;1200&#8243; height=&#8221;800&#8243; srcset=&#8221;https:\/\/www.truckbrasil.com.br\/wp\/wp-content\/uploads\/2019\/04\/industria-husqvarna-do-brasil-apresenta-modelos-2019-e-anuncia-novidades-para-temporada-5.jpg 1200w, https:\/\/brmx.com.br\/wp-content\/uploads\/2019\/04\/359615_875589_boutique_com_produtos_fox_e_bianchini_rally-75&#215;50.jpg 75w, https:\/\/brmx.com.br\/wp-content\/uploads\/2019\/04\/359615_875589_boutique_com_produtos_fox_e_bianchini_rally-300&#215;200.jpg 300w, https:\/\/brmx.com.br\/wp-content\/uploads\/2019\/04\/359615_875589_boutique_com_produtos_fox_e_bianchini_rally-768&#215;512.jpg 768w, https:\/\/brmx.com.br\/wp-content\/uploads\/2019\/04\/359615_875589_boutique_com_produtos_fox_e_bianchini_rally-696&#215;464.jpg 696w, https:\/\/brmx.com.br\/wp-content\/uploads\/2019\/04\/359615_875589_boutique_com_produtos_fox_e_bianchini_rally-1068&#215;712.jpg 1068w, https:\/\/brmx.com.br\/wp-content\/uploads\/2019\/04\/359615_875589_boutique_com_produtos_fox_e_bianchini_rally-630&#215;420.jpg 630w&#8221; sizes=&#8221;(max-width: 1200px) 100vw, 1200px&#8221;\/>Produtos dos parceiros Fox Racing e Bianchini Rally \u00e0 venda na Power Husky \u2013 Foto: Renato Dur\u00e3es\/Power Husky <\/p>\n<p>Com uma trajet\u00f3ria de 25 anos no motociclismo nacional, Fabr\u00edcio Bianchini foi Campe\u00e3o Brasileiro de Rally Baja em 2018 (categoria Production) pilotando uma Husqvarna e foi s\u00f3 elogios.<\/p>&nbsp;&nbsp;\n<p>\u2013 Com certeza essa \u00e9 a melhor moto que competi na vida. Tem uma cicl\u00edstica confort\u00e1vel e segura para andar em alta velocidade, al\u00e9m de motor que sobra em qualquer momento dos Bajas, estou apaixonado pela FE 501cc, tanto que nesta temporada seguirei com o mesmo modelo.<\/p>&nbsp;&nbsp;\n<p>O piloto e tamb\u00e9m chefe de equipe comemorou a parceira, tanto que a equipe passa a se chamar Bianchini Rally \u2013 Power Husky.<\/p>&nbsp;&nbsp;\n<p>\u2013 Husqvarna \u00e9 uma marca que n\u00e3o pode ficar fora do Brasileiro de Baja e do Rally dos Sert\u00f5es e junto \u00e0 Bianchini Rally pretendemos fazer um bom trabalho com essa uni\u00e3o e trazer bons resultados \u2013 finalizou Bianchini.<\/p>&nbsp;&nbsp;\n<h3><span>Sobre a 2W &amp; Fernandes Group<\/span><\/h3>\n<p>Os empres\u00e1rios e irm\u00e3os Raul Fernandes Jr e Mauricio Fernandes possuem uma vasta experi\u00eancia no mundo de duas rodas, seja pela paix\u00e3o por motocicletas propriamente dita, ou gerindo seus neg\u00f3cios no segmento ao representar marcas de peso no mercado mundial. Em 2011 criaram a BMW Power Motorrad e um ano depois a Triple Triumph, mas foi a partir de 2015 que passaram a representar a marca de origem sueca Husqvarna Motorcycles no Brasil.<\/p>&nbsp;&nbsp;\n<p> <img \"wp-image-33636274624 size-large&#8221; src=&#8221;https:\/\/www.truckbrasil.com.br\/wp\/wp-content\/uploads\/2019\/04\/industria-husqvarna-do-brasil-apresenta-modelos-2019-e-anuncia-novidades-para-temporada-6.jpg&#8221; alt=&#8221;&#8221; width=&#8221;1200&#8243; height=&#8221;800&#8243; srcset=&#8221;https:\/\/www.truckbrasil.com.br\/wp\/wp-content\/uploads\/2019\/04\/industria-husqvarna-do-brasil-apresenta-modelos-2019-e-anuncia-novidades-para-temporada-6.jpg 1200w, https:\/\/brmx.com.br\/wp-content\/uploads\/2019\/04\/359615_875585_mauricio_e_raul_fernandes-75&#215;50.jpg 75w, https:\/\/brmx.com.br\/wp-content\/uploads\/2019\/04\/359615_875585_mauricio_e_raul_fernandes-300&#215;200.jpg 300w, https:\/\/brmx.com.br\/wp-content\/uploads\/2019\/04\/359615_875585_mauricio_e_raul_fernandes-768&#215;512.jpg 768w, https:\/\/brmx.com.br\/wp-content\/uploads\/2019\/04\/359615_875585_mauricio_e_raul_fernandes-696&#215;464.jpg 696w, https:\/\/brmx.com.br\/wp-content\/uploads\/2019\/04\/359615_875585_mauricio_e_raul_fernandes-1068&#215;712.jpg 1068w, https:\/\/brmx.com.br\/wp-content\/uploads\/2019\/04\/359615_875585_mauricio_e_raul_fernandes-630&#215;420.jpg 630w&#8221; sizes=&#8221;(max-width: 1200px) 100vw, 1200px&#8221;\/>Mauricio e Raul Fernandes da Husqvarna Motorcycle Brasil \u2013 Foto: Renato Dur\u00e3es\/Power Husky <\/p>\n<p>Em 2017 foi fundada a empresa 2W &amp; Fernandes Group por Raul, Maur\u00edcio e, ainda por Marcela Fernandes, que diferentemente dos irm\u00e3os, n\u00e3o \u00e9 ligada ao segmento, pois \u00e9 m\u00e9dica. Em julho de 2018, o grupo inaugurou a Power Husky, no bairro de Moema, na capital paulista, a primeira Concept Store da marca da Am\u00e9rica do Sul. A Concession\u00e1ria Flagship Husqvarna trabalha com todos os modelos dispon\u00edveis no mercado internacional, sendo que os mais requisitados est\u00e3o dispon\u00edveis para pronta entrega, j\u00e1 os mais espec\u00edficos somente por encomenda.<\/p>&nbsp;&nbsp;\n<p>No Brasil o carro-chefe de vendas \u00e9 a TE, onde a TE300i domina, por ser considerada uma das melhores motocicletas de enduro do mundo. Seja com os modelos off-road ou nos on-road, os consumidores da marca s\u00e3o aqueles que apreciam motocicletas com performance e grande diferencial de qualidade.<\/p>&nbsp;&nbsp;\n<p>Al\u00e9m da Husqvarna Motorcycles, a 2W &amp; Fernandes Group trabalha tamb\u00e9m com a Royal Enfield. O grupo fundou em 2017 a primeira concession\u00e1ria da marca no pa\u00eds e \u00e9 l\u00edder nacional no segmento de motocicletas cl\u00e1ssicas.<\/p>&nbsp;&nbsp;\n<div class=\"g g-4\">\n<div class=\"g-dyn a-15 c-1\"><a target=\"_blank\" href=\"http:\/\/imsracing.com.br\/offroad\/index.php\/2018\/06\/26\/lancamento-internacional-da-ims-agora-no-brasil-botas-light\/\" onclick=\"ga('send', 'event', 'IMS oferecimento de noticias', 'click');\" rel=\"noopener\"><img decoding=\"async\" src=\"data:image\/gif;base64,R0lGODlhAQABAIAAAAAAAP\/\/\/ywAAAAAAQABAAACAUwAOw==\" fifu-lazy=\"1\" fifu-data-sizes=\"auto\" fifu-data-srcset=\"https:\/\/i1.wp.com\/www.truckbrasil.com.br\/wp\/wp-content\/uploads\/2019\/04\/industria-husqvarna-do-brasil-apresenta-modelos-2019-e-anuncia-novidades-para-temporada.jpg?ssl=1&w=75&resize=75&ssl=1 75w, https:\/\/i1.wp.com\/www.truckbrasil.com.br\/wp\/wp-content\/uploads\/2019\/04\/industria-husqvarna-do-brasil-apresenta-modelos-2019-e-anuncia-novidades-para-temporada.jpg?ssl=1&w=100&resize=100&ssl=1 100w, https:\/\/i1.wp.com\/www.truckbrasil.com.br\/wp\/wp-content\/uploads\/2019\/04\/industria-husqvarna-do-brasil-apresenta-modelos-2019-e-anuncia-novidades-para-temporada.jpg?ssl=1&w=150&resize=150&ssl=1 150w, https:\/\/i1.wp.com\/www.truckbrasil.com.br\/wp\/wp-content\/uploads\/2019\/04\/industria-husqvarna-do-brasil-apresenta-modelos-2019-e-anuncia-novidades-para-temporada.jpg?ssl=1&w=240&resize=240&ssl=1 240w, https:\/\/i1.wp.com\/www.truckbrasil.com.br\/wp\/wp-content\/uploads\/2019\/04\/industria-husqvarna-do-brasil-apresenta-modelos-2019-e-anuncia-novidades-para-temporada.jpg?ssl=1&w=320&resize=320&ssl=1 320w, https:\/\/i1.wp.com\/www.truckbrasil.com.br\/wp\/wp-content\/uploads\/2019\/04\/industria-husqvarna-do-brasil-apresenta-modelos-2019-e-anuncia-novidades-para-temporada.jpg?ssl=1&w=500&resize=500&ssl=1 500w, https:\/\/i1.wp.com\/www.truckbrasil.com.br\/wp\/wp-content\/uploads\/2019\/04\/industria-husqvarna-do-brasil-apresenta-modelos-2019-e-anuncia-novidades-para-temporada.jpg?ssl=1&w=640&resize=640&ssl=1 640w, https:\/\/i1.wp.com\/www.truckbrasil.com.br\/wp\/wp-content\/uploads\/2019\/04\/industria-husqvarna-do-brasil-apresenta-modelos-2019-e-anuncia-novidades-para-temporada.jpg?ssl=1&w=800&resize=800&ssl=1 800w, https:\/\/i1.wp.com\/www.truckbrasil.com.br\/wp\/wp-content\/uploads\/2019\/04\/industria-husqvarna-do-brasil-apresenta-modelos-2019-e-anuncia-novidades-para-temporada.jpg?ssl=1&w=1024&resize=1024&ssl=1 1024w, https:\/\/i1.wp.com\/www.truckbrasil.com.br\/wp\/wp-content\/uploads\/2019\/04\/industria-husqvarna-do-brasil-apresenta-modelos-2019-e-anuncia-novidades-para-temporada.jpg?ssl=1&w=1280&resize=1280&ssl=1 1280w, https:\/\/i1.wp.com\/www.truckbrasil.com.br\/wp\/wp-content\/uploads\/2019\/04\/industria-husqvarna-do-brasil-apresenta-modelos-2019-e-anuncia-novidades-para-temporada.jpg?ssl=1&w=1600&resize=1600&ssl=1 1600w\" fifu-data-src=\"https:\/\/i1.wp.com\/www.truckbrasil.com.br\/wp\/wp-content\/uploads\/2019\/04\/industria-husqvarna-do-brasil-apresenta-modelos-2019-e-anuncia-novidades-para-temporada.jpg?ssl=1\" alt=\"\" class=\"aligncenter\"\/><\/a><\/div>\n<div class=\"g-dyn a-14 c-2\"><a href=\"https:\/\/www.powerhusky.com.br\/enduro\/fe-350\"><img \"aligncenter size-full wp-image-33636270315&#8243; src=&#8221;https:\/\/www.truckbrasil.com.br\/wp\/wp-content\/uploads\/2019\/04\/industria-husqvarna-do-brasil-apresenta-modelos-2019-e-anuncia-novidades-para-temporada.gif&#8221; alt=&#8221;&#8221;\/><\/a><\/div>\n<\/div>\n","protected":false},"excerpt":{"rendered":"<p>Lan\u00e7amento 2019 na concession\u00e1ria flagship, no bairro de Moema, em S\u00e3o Paulo \u2013 Foto: Renato&#8230;<\/p>\n","protected":false},"author":1,"featured_media":0,"comment_status":"open","ping_status":"open","sticky":false,"template":"","format":"standard","meta":{"fifu_image_url":"","fifu_image_alt":"","footnotes":""},"categories":[8427],"tags":[9828],"class_list":["post-74661","post","type-post","status-publish","format-standard","hentry","category-geral","tag-br-motorsportsfox-racinghusqvarna-motorcyclesindustria","wpcat-8427-id"],"_links":{"self":[{"href":"https:\/\/verde-amarelo.net\/verdeamarelo\/wp-json\/wp\/v2\/posts\/74661","targetHints":{"allow":["GET"]}}],"collection":[{"href":"https:\/\/verde-amarelo.net\/verdeamarelo\/wp-json\/wp\/v2\/posts"}],"about":[{"href":"https:\/\/verde-amarelo.net\/verdeamarelo\/wp-json\/wp\/v2\/types\/post"}],"author":[{"embeddable":true,"href":"https:\/\/verde-amarelo.net\/verdeamarelo\/wp-json\/wp\/v2\/users\/1"}],"replies":[{"embeddable":true,"href":"https:\/\/verde-amarelo.net\/verdeamarelo\/wp-json\/wp\/v2\/comments?post=74661"}],"version-history":[{"count":0,"href":"https:\/\/verde-amarelo.net\/verdeamarelo\/wp-json\/wp\/v2\/posts\/74661\/revisions"}],"wp:attachment":[{"href":"https:\/\/verde-amarelo.net\/verdeamarelo\/wp-json\/wp\/v2\/media?parent=74661"}],"wp:term":[{"taxonomy":"category","embeddable":true,"href":"https:\/\/verde-amarelo.net\/verdeamarelo\/wp-json\/wp\/v2\/categories?post=74661"},{"taxonomy":"post_tag","embeddable":true,"href":"https:\/\/verde-amarelo.net\/verdeamarelo\/wp-json\/wp\/v2\/tags?post=74661"}],"curies":[{"name":"wp","href":"https:\/\/api.w.org\/{rel}","templated":true}]}}