{"id":74662,"date":"2019-04-29T20:00:50","date_gmt":"2019-04-29T23:00:50","guid":{"rendered":"https:\/\/verde-amarelo.net\/verdeamarelo\/2019\/04\/exportacao-de-limao-no-brasil-fatura-cerca-de-r-80-milhoes-ao-ano\/"},"modified":"2019-04-29T20:00:50","modified_gmt":"2019-04-29T23:00:50","slug":"exportacao-de-limao-no-brasil-fatura-cerca-de-r-80-milhoes-ao-ano","status":"publish","type":"post","link":"https:\/\/verde-amarelo.net\/verdeamarelo\/2019\/04\/exportacao-de-limao-no-brasil-fatura-cerca-de-r-80-milhoes-ao-ano\/","title":{"rendered":"Exporta\u00e7\u00e3o de lim\u00e3o no Brasil fatura cerca de R$ 80 milh\u00f5es ao ano"},"content":{"rendered":"<blockquote class=\"quote_content\" readability=\"32\">\n<p><span>Venda do produto ganhou for\u00e7a em diversos locais do Pa\u00eds nos \u00faltimos anos, gera empregos e auxilia a economia.<\/span><\/p>\n<\/blockquote>\n<p><a href=\"http:\/\/www.cargonews.com.br\/wp-content\/uploads\/2019\/04\/LIM%C3%83O.jpg\"><img \"wp-image-27214 alignright&#8221; src=&#8221;https:\/\/www.truckbrasil.com.br\/wp\/wp-content\/uploads\/2019\/04\/exportacao-de-limao-no-brasil-fatura-cerca-de-r-80-milhoes-ao-ano.jpg&#8221; alt=&#8221;&#8221; width=&#8221;249&#8243; height=&#8221;170&#8243; srcset=&#8221;http:\/\/www.cargonews.com.br\/wp-content\/uploads\/2019\/04\/LIM&#xC3;O-300&#215;205.jpg 300w, http:\/\/www.cargonews.com.br\/wp-content\/uploads\/2019\/04\/LIM&#xC3;O-768&#215;526.jpg 768w, http:\/\/www.cargonews.com.br\/wp-content\/uploads\/2019\/04\/LIM&#xC3;O-1024&#215;701.jpg 1024w, http:\/\/www.cargonews.com.br\/wp-content\/uploads\/2019\/04\/LIM&#xC3;O-670&#215;460.jpg 670w, http:\/\/www.cargonews.com.br\/wp-content\/uploads\/2019\/04\/LIM&#xC3;O.jpg 1180w&#8221; sizes=&#8221;(max-width: 249px) 100vw, 249px&#8221;\/><\/a>Conhecido mundialmente, o lim\u00e3o \u00e9 bastante vers\u00e1til, podendo ser usado como tempero em diversos pratos ou na prepara\u00e7\u00e3o de sobremesas e sucos, mas, o produto n\u00e3o se destaca apenas na culin\u00e1ria. Ele \u00e9 expressivo tamb\u00e9m para a economia brasileira. Na \u00faltima d\u00e9cada, a exporta\u00e7\u00e3o do lim\u00e3o dobrou no Pa\u00eds, representando um faturamento de cerca de R$ 80 milh\u00f5es ao ano.<\/p>&nbsp;&nbsp;\n<p>O estado de S\u00e3o Paulo \u00e9 o principal produtor e exportador da fruta, seguido por Bahia e Minas Gerais. \u201cO Brasil \u00e9 um dos maiores produtores mundiais do lim\u00e3o Tahiti e o maior exportador da fruta \u00e0 Uni\u00e3o Europeia\u201d, afirma Jeferson Boschetti, Sales Manager &amp; Fresh\/Frozen Specialist da DC Logistics Brasil.<\/p>&nbsp;&nbsp;\n<p>Diversos produtores est\u00e3o aderindo \u00e0 exporta\u00e7\u00e3o do produto, considerando um cen\u00e1rio bastante promissor. Na DC Logistics Brasil, a exporta\u00e7\u00e3o do lim\u00e3o representa cerca de 30% do total de cargas refrigeradas exportadas pela empresa.<\/p>&nbsp;&nbsp;\n<p>Boschetti comenta que os principais pa\u00edses para onde o lim\u00e3o \u00e9 exportado s\u00e3o Holanda, Espanha, Inglaterra, Emirados \u00c1rabes e Fran\u00e7a. A Uni\u00e3o Europeia e diversos outros pa\u00edses aumentaram a demanda pelo lim\u00e3o brasileiro nos \u00faltimos anos, tornando o Brasil mais competitivo no cen\u00e1rio internacional. \u201cA alta competitividade do produto se deve \u00e0 produ\u00e7\u00e3o brasileira elevada, boa qualidade, favorecida pelo clima tropical e os pre\u00e7os\u201d, ressalta Boschetti.<\/p>&nbsp;&nbsp;\n<p>O especialista em com\u00e9rcio exterior ainda comenta que, durante 52 semanas do ano, h\u00e1 exporta\u00e7\u00f5es de lim\u00e3o na empresa, sendo que, de dezembro a maio, a demanda \u00e9 maior. Com per\u00edodo de safra entre junho e agosto, dependendo das condi\u00e7\u00f5es clim\u00e1ticas, principalmente as chuvas, o cen\u00e1rio pode ser alterado.<\/p>&nbsp;&nbsp;\n<p>\u201cOs cuidados espec\u00edficos na hora de transportar o produto garantem a qualidade ao consumidor final. Os lim\u00f5es devem ser transportados em cont\u00eaineres refrigerados entre 7 e 9 graus, com ventila\u00e7\u00e3o entre 25 e 30 cbm\/h e umidade entre 80 e 85 por cento. Exceto nas exporta\u00e7\u00f5es aos Emirados \u00c1rabes, que geralmente compram lim\u00f5es de dimens\u00f5es menores, podem ser transportados a uma temperatura de 6 graus\u201d, explica Boschetti.<\/p>&nbsp;&nbsp;\n<p>\u201cA exporta\u00e7\u00e3o do lim\u00e3o brasileiro auxilia a economia, gera empregos e competitividade no mercado internacional, portanto, o lim\u00e3o pode ser considerado um grande aliado do com\u00e9rcio brasileiro\u201d, finaliza Jeferson Boschetti, Sales Manager &amp; Fresh\/Frozen Specialist da DC Logistics Brasil.<\/p>&nbsp;&nbsp;\n<p>Assessoria de Imprensa<\/p>\n","protected":false},"excerpt":{"rendered":"<p>Venda do produto ganhou for\u00e7a em diversos locais do Pa\u00eds nos \u00faltimos anos, gera empregos&#8230;<\/p>\n","protected":false},"author":1,"featured_media":0,"comment_status":"open","ping_status":"open","sticky":false,"template":"","format":"standard","meta":{"fifu_image_url":"","fifu_image_alt":"","footnotes":""},"categories":[8725],"tags":[9588],"class_list":["post-74662","post","type-post","status-publish","format-standard","hentry","category-geralmercado","tag-exportacaonoticias","wpcat-8725-id"],"_links":{"self":[{"href":"https:\/\/verde-amarelo.net\/verdeamarelo\/wp-json\/wp\/v2\/posts\/74662","targetHints":{"allow":["GET"]}}],"collection":[{"href":"https:\/\/verde-amarelo.net\/verdeamarelo\/wp-json\/wp\/v2\/posts"}],"about":[{"href":"https:\/\/verde-amarelo.net\/verdeamarelo\/wp-json\/wp\/v2\/types\/post"}],"author":[{"embeddable":true,"href":"https:\/\/verde-amarelo.net\/verdeamarelo\/wp-json\/wp\/v2\/users\/1"}],"replies":[{"embeddable":true,"href":"https:\/\/verde-amarelo.net\/verdeamarelo\/wp-json\/wp\/v2\/comments?post=74662"}],"version-history":[{"count":0,"href":"https:\/\/verde-amarelo.net\/verdeamarelo\/wp-json\/wp\/v2\/posts\/74662\/revisions"}],"wp:attachment":[{"href":"https:\/\/verde-amarelo.net\/verdeamarelo\/wp-json\/wp\/v2\/media?parent=74662"}],"wp:term":[{"taxonomy":"category","embeddable":true,"href":"https:\/\/verde-amarelo.net\/verdeamarelo\/wp-json\/wp\/v2\/categories?post=74662"},{"taxonomy":"post_tag","embeddable":true,"href":"https:\/\/verde-amarelo.net\/verdeamarelo\/wp-json\/wp\/v2\/tags?post=74662"}],"curies":[{"name":"wp","href":"https:\/\/api.w.org\/{rel}","templated":true}]}}