{"id":74670,"date":"2019-04-30T18:25:44","date_gmt":"2019-04-30T21:25:44","guid":{"rendered":"https:\/\/verde-amarelo.net\/verdeamarelo\/2019\/04\/no-ano-em-que-comemora-100-anos-citroen-relembra-modelos-do-segmento-vul\/"},"modified":"2019-04-30T18:25:44","modified_gmt":"2019-04-30T21:25:44","slug":"no-ano-em-que-comemora-100-anos-citroen-relembra-modelos-do-segmento-vul","status":"publish","type":"post","link":"https:\/\/verde-amarelo.net\/verdeamarelo\/2019\/04\/no-ano-em-que-comemora-100-anos-citroen-relembra-modelos-do-segmento-vul\/","title":{"rendered":"No ano em que comemora 100 anos Citro\u00ebn relembra modelos do segmento VUL"},"content":{"rendered":"<p><a href=\"http:\/\/www.carpointnews.com.br\/2019\/04\/30\/comemora-relembra-segmento\/citroen_type_h_au_circuit_de_montlhery\/\" rel=\"attachment wp-att-71485\"><img \"alignnone size-full wp-image-71485&#8243; src=&#8221;http:\/\/www.carpointnews.com.br\/wp-content\/uploads\/2019\/04\/citroen_type_h_au_circuit_de_montlhery.jpg&#8221; alt=&#8221;&#8221; width=&#8221;500&#8243; height=&#8221;277&#8243; srcset=&#8221;http:\/\/www.carpointnews.com.br\/wp-content\/uploads\/2019\/04\/citroen_type_h_au_circuit_de_montlhery.jpg 500w, http:\/\/www.carpointnews.com.br\/wp-content\/uploads\/2019\/04\/citroen_type_h_au_circuit_de_montlhery-300&#215;166.jpg 300w, http:\/\/www.carpointnews.com.br\/wp-content\/uploads\/2019\/04\/citroen_type_h_au_circuit_de_montlhery-180&#215;100.jpg 180w, http:\/\/www.carpointnews.com.br\/wp-content\/uploads\/2019\/04\/citroen_type_h_au_circuit_de_montlhery-150&#215;83.jpg 150w&#8221; sizes=&#8221;(max-width: 500px) 100vw, 500px&#8221;\/><\/a><\/p>\n<p>Por um s\u00e9culo, a Citro\u00ebn tem como miss\u00e3o oferecer o melhor do conforto e da tecnologia, sempre facilitando o dia a dia de seus clientes. No segmento de VUL\u2019s (Ve\u00edculos Utilit\u00e1rios Leves) n\u00e3o poderia ser diferente. Com modelos na vanguarda de suas \u00e9pocas, a montadora se tornou refer\u00eancia na categoria, oferecendo ve\u00edculos que marcaram a hist\u00f3ria.<\/p>&nbsp;&nbsp;\n<p>\u00c9 o caso do Citro\u00ebn TUB, que foi produzido entre 1939 e 1941 e trouxe ao mercado o pioneirismo do conceito de tra\u00e7\u00e3o dianteira. Do TUB surgiu a inspira\u00e7\u00e3o do lend\u00e1rio Type H, que atravessou d\u00e9cadas e passou a marca de 470 mil unidades produzidas em todo o mundo.<br \/>Confira no v\u00eddeo abaixo toda a evolu\u00e7\u00e3o e inova\u00e7\u00e3o nos \u00faltimos 100 anos dos modelos da Citro\u00ebn deste segmento t\u00e3o importante para o mercado automobil\u00edstico: <a onclick=\"javascript:_gaq.push(['_trackPageview', '\/out\/www.youtube.com\/watch?v=LsS3RqOUQ-g']);\" href=\"https:\/\/www.youtube.com\/watch?v=LsS3RqOUQ-g\" target=\"_blank\" rel=\"noopener noreferrer\">https:\/\/www.youtube.com\/watch?v=LsS3RqOUQ-g<\/a><\/p>\n<p><a href=\"http:\/\/www.carpointnews.com.br\/2019\/04\/30\/comemora-relembra-segmento\/_02w0010\/\" rel=\"attachment wp-att-71484\"><img \"alignnone size-full wp-image-71484&#8243; src=&#8221;http:\/\/www.carpointnews.com.br\/wp-content\/uploads\/2019\/04\/02w0010.jpg&#8221; alt=&#8221;&#8221; width=&#8221;500&#8243; height=&#8221;333&#8243; srcset=&#8221;http:\/\/www.carpointnews.com.br\/wp-content\/uploads\/2019\/04\/02w0010.jpg 500w, http:\/\/www.carpointnews.com.br\/wp-content\/uploads\/2019\/04\/02w0010-300&#215;200.jpg 300w, http:\/\/www.carpointnews.com.br\/wp-content\/uploads\/2019\/04\/02w0010-180&#215;120.jpg 180w, http:\/\/www.carpointnews.com.br\/wp-content\/uploads\/2019\/04\/02w0010-150&#215;100.jpg 150w&#8221; sizes=&#8221;(max-width: 500px) 100vw, 500px&#8221;\/><\/a><\/p>\n<p><strong>CITRO\u00cbN ORIGINS<\/strong><\/p>\n<p>Em 2019, a Citro\u00ebn comemora 100 anos de inova\u00e7\u00e3o e vanguardismo. Como presente para os f\u00e3s da Marca e do automobilismo, a montadora disponibilizou o espa\u00e7o Citro\u00ebn Origins. A p\u00e1gina possui o maior acervo online da Citro\u00ebn, com todos os modelos produzidos entre 1919 e 2019.<\/p>&nbsp;&nbsp;\n<p><a href=\"http:\/\/www.carpointnews.com.br\/2019\/04\/30\/comemora-relembra-segmento\/no-ano-em-que-comemora-100-anos-citroen-relembra-modelos-do-segmento-vul\/\" rel=\"attachment wp-att-71486\"><img \"alignnone size-full wp-image-71486&#8243; src=&#8221;http:\/\/www.carpointnews.com.br\/wp-content\/uploads\/2019\/04\/No-ano-em-que-comemora-100-anos-Citro%C3%ABn-relembra-modelos-do-segmento-VUL.jpg&#8221; alt=&#8221;&#8221; width=&#8221;500&#8243; height=&#8221;291&#8243; srcset=&#8221;http:\/\/www.carpointnews.com.br\/wp-content\/uploads\/2019\/04\/No-ano-em-que-comemora-100-anos-Citro&#xEB;n-relembra-modelos-do-segmento-VUL.jpg 500w, http:\/\/www.carpointnews.com.br\/wp-content\/uploads\/2019\/04\/No-ano-em-que-comemora-100-anos-Citro&#xEB;n-relembra-modelos-do-segmento-VUL-300&#215;175.jpg 300w, http:\/\/www.carpointnews.com.br\/wp-content\/uploads\/2019\/04\/No-ano-em-que-comemora-100-anos-Citro&#xEB;n-relembra-modelos-do-segmento-VUL-180&#215;105.jpg 180w, http:\/\/www.carpointnews.com.br\/wp-content\/uploads\/2019\/04\/No-ano-em-que-comemora-100-anos-Citro&#xEB;n-relembra-modelos-do-segmento-VUL-150&#215;87.jpg 150w&#8221; sizes=&#8221;(max-width: 500px) 100vw, 500px&#8221;\/><\/a><\/p>\n<p>Al\u00e9m do cat\u00e1logo de ve\u00edculos, o espa\u00e7o oferece especifica\u00e7\u00f5es dos produtos, uma galeria exclusiva de cada modelo, curiosidades, al\u00e9m de publica\u00e7\u00f5es hist\u00f3ricas da \u00e9poca de produ\u00e7\u00e3o. Tamb\u00e9m \u00e9 poss\u00edvel ter acesso \u00e0 \u00e1rvore geneal\u00f3gica de cada modelo, entendendo em quais tecnologias anteriores os carros foram baseados e quais inspiraram modelos futuros. Para oferece uma experi\u00eancia inda mais imersiva, ainda \u00e9 poss\u00edvel \u201cdar partida\u201d em cada um dos carros da Marca e ouvir o barulho do motor de cada um. Um prato cheio para qualquer amante do automobilismo! Para entrar neste espa\u00e7o hist\u00f3rico, basta acessar o link http:\/\/www.citroenorigins.com.br\/ .<\/p>&nbsp;&nbsp;\n<p>Fonte: CITRO\u00cbN DO BRASIL | RELA\u00c7\u00d5ES P\u00daBLICAS E IMPRENSA<\/p>\n","protected":false},"excerpt":{"rendered":"<p>CITRO\u00cbN ORIGINS Em 2019, a Citro\u00ebn comemora 100 anos de inova\u00e7\u00e3o e vanguardismo. Como presente&#8230;<\/p>\n","protected":false},"author":1,"featured_media":0,"comment_status":"open","ping_status":"open","sticky":false,"template":"","format":"standard","meta":{"fifu_image_url":"","fifu_image_alt":"","footnotes":""},"categories":[8699],"tags":[9515],"class_list":["post-74670","post","type-post","status-publish","format-standard","hentry","category-geralcarros","tag-carroscitroennoticias","wpcat-8699-id"],"_links":{"self":[{"href":"https:\/\/verde-amarelo.net\/verdeamarelo\/wp-json\/wp\/v2\/posts\/74670","targetHints":{"allow":["GET"]}}],"collection":[{"href":"https:\/\/verde-amarelo.net\/verdeamarelo\/wp-json\/wp\/v2\/posts"}],"about":[{"href":"https:\/\/verde-amarelo.net\/verdeamarelo\/wp-json\/wp\/v2\/types\/post"}],"author":[{"embeddable":true,"href":"https:\/\/verde-amarelo.net\/verdeamarelo\/wp-json\/wp\/v2\/users\/1"}],"replies":[{"embeddable":true,"href":"https:\/\/verde-amarelo.net\/verdeamarelo\/wp-json\/wp\/v2\/comments?post=74670"}],"version-history":[{"count":0,"href":"https:\/\/verde-amarelo.net\/verdeamarelo\/wp-json\/wp\/v2\/posts\/74670\/revisions"}],"wp:attachment":[{"href":"https:\/\/verde-amarelo.net\/verdeamarelo\/wp-json\/wp\/v2\/media?parent=74670"}],"wp:term":[{"taxonomy":"category","embeddable":true,"href":"https:\/\/verde-amarelo.net\/verdeamarelo\/wp-json\/wp\/v2\/categories?post=74670"},{"taxonomy":"post_tag","embeddable":true,"href":"https:\/\/verde-amarelo.net\/verdeamarelo\/wp-json\/wp\/v2\/tags?post=74670"}],"curies":[{"name":"wp","href":"https:\/\/api.w.org\/{rel}","templated":true}]}}