{"id":74671,"date":"2019-04-30T17:14:49","date_gmt":"2019-04-30T20:14:49","guid":{"rendered":"https:\/\/verde-amarelo.net\/verdeamarelo\/2019\/04\/ypf-acelera-e-amplia-patrocinios-no-esporte-a-motor\/"},"modified":"2019-04-30T17:14:49","modified_gmt":"2019-04-30T20:14:49","slug":"ypf-acelera-e-amplia-patrocinios-no-esporte-a-motor","status":"publish","type":"post","link":"https:\/\/verde-amarelo.net\/verdeamarelo\/2019\/04\/ypf-acelera-e-amplia-patrocinios-no-esporte-a-motor\/","title":{"rendered":"YPF acelera e amplia patroc\u00ednios no esporte a motor"},"content":{"rendered":"<p><a href=\"http:\/\/www.carpointnews.com.br\/2019\/04\/30\/acelera-patrocinios-esporte\/ypf\/\" rel=\"attachment wp-att-71460\"><img \"alignnone size-full wp-image-71460&#8243; src=&#8221;http:\/\/www.carpointnews.com.br\/wp-content\/uploads\/2019\/04\/YPF.jpg&#8221; alt=&#8221;&#8221; width=&#8221;500&#8243; height=&#8221;281&#8243; srcset=&#8221;http:\/\/www.carpointnews.com.br\/wp-content\/uploads\/2019\/04\/YPF.jpg 500w, http:\/\/www.carpointnews.com.br\/wp-content\/uploads\/2019\/04\/YPF-300&#215;169.jpg 300w, http:\/\/www.carpointnews.com.br\/wp-content\/uploads\/2019\/04\/YPF-180&#215;101.jpg 180w, http:\/\/www.carpointnews.com.br\/wp-content\/uploads\/2019\/04\/YPF-150&#215;84.jpg 150w&#8221; sizes=&#8221;(max-width: 500px) 100vw, 500px&#8221;\/><\/a><\/p>\n<p>Na Porsche Cup Brasil, o carro 26 da equipe YPF\/Michelin traz de volta, \u00e0s pistas, o piloto e comentarista automotivo, C\u00e9sar Urnhani, embaixador da YPF no Brasil. Al\u00e9m da associa\u00e7\u00e3o com um parceiro de reputa\u00e7\u00e3o global como a Michelin, o patroc\u00ednio levou em conta a longa tradi\u00e7\u00e3o da YPF Argentina na pesquisa de desenvolvimento de lubrificantes para motores Porsche.<\/p>&nbsp;&nbsp;\n<p>A parceria estrat\u00e9gica entre a YPF e a Porsche, que j\u00e1 dura mais de vinte anos, inclui a aprova\u00e7\u00e3o de lubrificantes e, tamb\u00e9m, combust\u00edveis para os motores Porsche nos pa\u00edses onde a YPF tem postos de servi\u00e7o. O lubrificante Elaion F50 Plus, com tecnologia anti-stress \u2013 TAS\u00ae -, por exemplo, foi especificamente criado em conformidade com os padr\u00f5es da Porsche e aprovado pela matriz da montadora, na Alemanha.<\/p>&nbsp;&nbsp;\n<p>O carro 26 da equipe YPF\/Michelin participar\u00e1 de todas as etapas da Porsche Cup\u00a0 Brasil, da classe GT3 Cup 3.8, nas categorias Sprint e Endurance. Em algumas etapas, os convidados do <em>lounge<\/em> YPF poder\u00e3o participar da \u201cPorsche Experience\u201d, uma volta pelo aut\u00f3dromo, em ritmo de corrida, como passageiros de C\u00e9sar Urnhani,\u00a0 no Porsche GT3 Cup 991\/1 3.8, do campeonato.<\/p>&nbsp;&nbsp;\n<p>Na Copa Truck 2019, a YPF levou para a pista sua marca Extavida para motores a diesel, patrocinando o piloto Hiro Yano.<\/p>&nbsp;&nbsp;\n<p>A linha Extravida para motores a diesel da YPF oferece lubrificantes de alta performance tanto sint\u00e9ticos como minerais. Sua exclusiva combina\u00e7\u00e3o de bases e aditivos de \u00faltima gera\u00e7\u00e3o proporciona m\u00e1xima preven\u00e7\u00e3o ao desgaste, diminui os custos de manuten\u00e7\u00e3o e assegura maior vida \u00fatil ao motor. Todos os produtos atendem as mais severas normas internacionais e os requerimentos das maiores montadoras como Man, Volvo e Cummins, entre outras.<\/p>&nbsp;&nbsp;\n<p>Yano estreou na categoria, na primeira etapa da temporada, pilotando o truck, Volkswagen Constellation, n\u00famero 39 da equipe RM Motors, time de f\u00e1brica da Volkswagen. Na segunda prova do campeonato, Yano mudou para a equipe Maistro Racing, para pilotar o truck Volvo que segue com o n\u00famero 39.<\/p>&nbsp;&nbsp;\n<p>Giovanna Grassi, gerente de marketing da YPF Brasil revela que a ativa\u00e7\u00e3o de patroc\u00ednios ao esporte a motor no Brasil tem como objetivo, n\u00e3o s\u00f3 demonstrar a efici\u00eancia dos lubrificantes da marca no regime severo de competi\u00e7\u00e3o, para todos os tipos de ve\u00edculos, como principalmente, preparar o lan\u00e7amento de um novo lubrificante.<\/p>&nbsp;&nbsp;\n<p>\u201c<em>Ainda este ano, apresentaremos ao mercado brasileiro, um lubrificante especialmente desenvolvido para motores que exigem performance de competi\u00e7\u00e3o. Para isso estamos refor\u00e7ando a presen\u00e7a de nossa marca no esporte a motor e pretendemos estender nosso patroc\u00ednio a outras categorias. Competi\u00e7\u00f5es de esporte a motor s\u00e3o vitrines estrat\u00e9gicas para o reconhecimento de nossos produtos e queremos ampliar esta a\u00e7\u00e3o\u201d, diz ela.<\/em><\/p>\n<p>Fonte: <strong>MCA Comunica\u00e7\u00e3o Corporativa<\/strong><\/p>\n","protected":false},"excerpt":{"rendered":"","protected":false},"author":1,"featured_media":0,"comment_status":"open","ping_status":"open","sticky":false,"template":"","format":"standard","meta":{"fifu_image_url":"","fifu_image_alt":"","footnotes":""},"categories":[8699],"tags":[9652],"class_list":["post-74671","post","type-post","status-publish","format-standard","hentry","category-geralcarros","tag-carrosnoticiasypf","wpcat-8699-id"],"_links":{"self":[{"href":"https:\/\/verde-amarelo.net\/verdeamarelo\/wp-json\/wp\/v2\/posts\/74671","targetHints":{"allow":["GET"]}}],"collection":[{"href":"https:\/\/verde-amarelo.net\/verdeamarelo\/wp-json\/wp\/v2\/posts"}],"about":[{"href":"https:\/\/verde-amarelo.net\/verdeamarelo\/wp-json\/wp\/v2\/types\/post"}],"author":[{"embeddable":true,"href":"https:\/\/verde-amarelo.net\/verdeamarelo\/wp-json\/wp\/v2\/users\/1"}],"replies":[{"embeddable":true,"href":"https:\/\/verde-amarelo.net\/verdeamarelo\/wp-json\/wp\/v2\/comments?post=74671"}],"version-history":[{"count":0,"href":"https:\/\/verde-amarelo.net\/verdeamarelo\/wp-json\/wp\/v2\/posts\/74671\/revisions"}],"wp:attachment":[{"href":"https:\/\/verde-amarelo.net\/verdeamarelo\/wp-json\/wp\/v2\/media?parent=74671"}],"wp:term":[{"taxonomy":"category","embeddable":true,"href":"https:\/\/verde-amarelo.net\/verdeamarelo\/wp-json\/wp\/v2\/categories?post=74671"},{"taxonomy":"post_tag","embeddable":true,"href":"https:\/\/verde-amarelo.net\/verdeamarelo\/wp-json\/wp\/v2\/tags?post=74671"}],"curies":[{"name":"wp","href":"https:\/\/api.w.org\/{rel}","templated":true}]}}