{"id":74672,"date":"2019-04-30T11:00:04","date_gmt":"2019-04-30T14:00:04","guid":{"rendered":"https:\/\/verde-amarelo.net\/verdeamarelo\/2019\/04\/governo-nao-vai-intervir-em-juros-de-bancos-publicos-diz-planalto\/"},"modified":"2019-04-30T11:00:04","modified_gmt":"2019-04-30T14:00:04","slug":"governo-nao-vai-intervir-em-juros-de-bancos-publicos-diz-planalto","status":"publish","type":"post","link":"https:\/\/verde-amarelo.net\/verdeamarelo\/2019\/04\/governo-nao-vai-intervir-em-juros-de-bancos-publicos-diz-planalto\/","title":{"rendered":"Governo n\u00e3o vai intervir em juros de bancos p\u00fablicos, diz Planalto"},"content":{"rendered":"<blockquote class=\"quote_content\" readability=\"30\">\n<p><span>Por Pedro Rafael Vilela \u2013 Rep\u00f3rter da Ag\u00eancia Brasil Bras\u00edlia<\/span><\/p>\n<\/blockquote>\n<div id=\"attachment_27218\" class=\"wp-caption alignright\" readability=\"34\"><a href=\"http:\/\/www.cargonews.com.br\/wp-content\/uploads\/2019\/04\/pzzb5892.jpg\">&#8221; wp-image-27218&#8243; src=&#8221;https:\/\/www.truckbrasil.com.br\/wp\/wp-content\/uploads\/2019\/04\/governo-nao-vai-intervir-em-juros-de-bancos-publicos-diz-planalto.jpg&#8221; alt=&#8221;&#8221; width=&#8221;380&#8243; height=&#8221;253&#8243; srcset=&#8221;https:\/\/www.truckbrasil.com.br\/wp\/wp-content\/uploads\/2019\/04\/governo-nao-vai-intervir-em-juros-de-bancos-publicos-diz-planalto.jpg 300w, http:\/\/www.cargonews.com.br\/wp-content\/uploads\/2019\/04\/pzzb5892-768&#215;512.jpg 768w, http:\/\/www.cargonews.com.br\/wp-content\/uploads\/2019\/04\/pzzb5892-1024&#215;683.jpg 1024w, http:\/\/www.cargonews.com.br\/wp-content\/uploads\/2019\/04\/pzzb5892.jpg 1180w&#8221; sizes=&#8221;(max-width: 380px) 100vw, 380px&#8221;\/><\/a><\/p>\n<p class=\"wp-caption-text\">porta-voz da Presid\u00eancia da Rep\u00fablica, Ot\u00e1vio R\u00eago Barros<br \/>Foto: Fabio Rodrigues Pozzebom\/Ag\u00eancia Brasil<\/p>\n<\/div>\n<p>O porta-voz da Presid\u00eancia da Rep\u00fablica, Ot\u00e1vio R\u00eago Barros, disse hoje (29), em coletiva de imprensa, que o governo n\u00e3o vai intervir na defini\u00e7\u00e3o dos juros praticados pelos bancos estatais. Mais cedo, ao participar da abertura da Agrishow, maior feira de agroneg\u00f3cio do pa\u00eds, em Ribeir\u00e3o Preto (SP), o presidente Jair Bolsonaro se dirigiu ao presidente do Banco do Brasil (BB), Rubem Novaes, durante o seu discurso, e pediu para que os juros do cr\u00e9dito rural cobrados pelo banco \u201ccaiam um pouco mais\u201d. A declara\u00e7\u00e3o fez com que a\u00e7\u00f5es do BB na Bolsa de Valores de S\u00e3o Paulo sofressem uma ligeira queda, mas logo se recuperaram, fechando o dia est\u00e1veis.<\/p>&nbsp;&nbsp;\n<p>\u201cFoi um coment\u00e1rio num ambiente muito amig\u00e1vel. Obviamente que o presidente n\u00e3o quer e n\u00e3o intervir\u00e1 em qualquer aspecto relacionado a juros nos bancos que est\u00e3o, em tese, sob o guarda-chuva do governo\u201d, disse o porta-voz.<\/p>&nbsp;&nbsp;\n<p>R\u00eago Barros refor\u00e7ou a posi\u00e7\u00e3o do presidente em n\u00e3o criar qualquer tipo de novo imposto no pa\u00eds, especialmente sobre igrejas. Ele descartou problemas na rela\u00e7\u00e3o entre Bolsonaro e o secret\u00e1rio especial da Receita Federal, Marcos Cintra. Em uma entrevista publicada pelo jornal Folha de S. Paulo, Cintra informou que a proposta de reforma tribut\u00e1ria deve incluir uma nova contribui\u00e7\u00e3o previdenci\u00e1ria, que substituir\u00e1 o atual imposto sobre folha de pagamento, e ser\u00e1 cobrada sobre todas as transa\u00e7\u00f5es financeiras, inclusive sobre o d\u00edzimo pago pelos fi\u00e9is \u00e0s igrejas. A medida foi logo descartada pelo presidente, em um v\u00eddeo divulgado em uma rede social.<\/p>&nbsp;&nbsp;\n<p>\u201cN\u00e3o h\u00e1 fric\u00e7\u00e3o entre o presidente e o secret\u00e1rio. Apenas o nosso presidente, diante de seus conceitos e percep\u00e7\u00f5es pol\u00edticas, entendeu que n\u00e3o se deve mesmo bitributar as igrejas. Ele, como presidente, de pronto, j\u00e1 resolveu destacar que encontrava-se contr\u00e1rio a essa posi\u00e7\u00e3o\u201d, disse o porta-voz. Durante a tarde, Marcos Cintra e Bolsonaro se reuniram no Pal\u00e1cio do Planalto, mas R\u00eago Barros descartou qualquer possibilidade de o secret\u00e1rio da Receita deixar o cargo no momento.<\/p>&nbsp;&nbsp;\n<p><strong>Propagandas do governo<\/strong><br \/>O governo federal tamb\u00e9m deve editar uma norma com diretrizes para o conte\u00fado de publicidade oficial de minist\u00e9rios, \u00f3rg\u00e3os e empresas p\u00fablicas, informou o porta-voz da Presid\u00eancia da Rep\u00fablica. A decis\u00e3o ocorre dias depois do Banco do Brasil, a pedido de Bolsonaro, ter determinado a retirada do ar de um comercial que incentivava a abertura de contas no banco. A pe\u00e7a, de 30 segundos, exibia imagens de homens e mulheres jovens de diferentes estilos. Em entrevista no dia 27, o presidente disse que a linha de publicidade do governo mudou.<\/p>&nbsp;&nbsp;\n<p>\u201c\u00c9 apenas uma quest\u00e3o de tra\u00e7ar diretrizes, a partir de tra\u00e7ar diretrizes, a Segov [Secretaria de Governo] e a Secom [Secretaria Especial de Comunica\u00e7\u00e3o] disponibilizam essas diretrizes, por meio das normativas, que s\u00e3o peculiares nesse momento, aos \u00f3rg\u00e3os, aos minist\u00e9rios, e eles v\u00e3o seguir essas diretrizes\u201d, disse R\u00eago Barros.<\/p>&nbsp;&nbsp;\n<p><strong>Coaf<\/strong><br \/>Sobre a eventual retirada do Conselho de Controle de Atividades Financeiras (Coaf) do Minist\u00e9rio da Justi\u00e7a, o presidente Jair Bolsonaro disse ser pessoalmente contra, segundo informou o porta-voz do governo. O Coaf, que \u00e9 especializado em identificar ocorr\u00eancias suspeitas de \u201clavagem\u201d ou oculta\u00e7\u00e3o de bens, pertencia ao ent\u00e3o Minist\u00e9rio da Fazenda (atual Minist\u00e9rio da Economia), mas passou a ser subordinado \u00e0 pasta de Justi\u00e7a e Seguran\u00e7a P\u00fablica com a entrada em vigor da Medida Provis\u00f3rio 870, editada por Jair Bolsonaro no primeiro dia de governo.<\/p>&nbsp;&nbsp;\n<p>\u201cO senhor presidente tamb\u00e9m pediu para confirmar que, do ponto de vista pessoal dele neste momento, o Coaf permanece sob a \u00e9gide do Minist\u00e9rio da Justi\u00e7a\u201d, disse R\u00eago Barros. A MP 870, que reduziu o n\u00famero de minist\u00e9rios de 29 para 22, vence no pr\u00f3ximo dia 3 de junho e precisa ser convertida em lei, pelo Congresso Nacional, antes do fim desse prazo. O porta-voz ponderou, no entanto, que h\u00e1 estudos sendo feitos no governo para embasar a manuten\u00e7\u00e3o do Coaf na pasta da Justi\u00e7a ou repass\u00e1-lo, de volta, ao Minist\u00e9rio da Economia.<\/p>&nbsp;&nbsp;\n<p>Edi\u00e7\u00e3o: F\u00e1bio Massalli<\/p>\n<p>http:\/\/agenciabrasil.ebc.com.br<\/p>\n","protected":false},"excerpt":{"rendered":"<p>Por Pedro Rafael Vilela \u2013 Rep\u00f3rter da Ag\u00eancia Brasil Bras\u00edlia &#8221; wp-image-27218&#8243; src=&#8221;https:\/\/www.truckbrasil.com.br\/wp\/wp-content\/uploads\/2019\/04\/governo-nao-vai-intervir-em-juros-de-bancos-publicos-diz-planalto.jpg&#8221; alt=&#8221;&#8221; width=&#8221;380&#8243;&#8230;<\/p>\n","protected":false},"author":1,"featured_media":0,"comment_status":"open","ping_status":"open","sticky":false,"template":"","format":"standard","meta":{"fifu_image_url":"","fifu_image_alt":"","footnotes":""},"categories":[8725],"tags":[9814],"class_list":["post-74672","post","type-post","status-publish","format-standard","hentry","category-geralmercado","tag-agrishownoticias","wpcat-8725-id"],"_links":{"self":[{"href":"https:\/\/verde-amarelo.net\/verdeamarelo\/wp-json\/wp\/v2\/posts\/74672","targetHints":{"allow":["GET"]}}],"collection":[{"href":"https:\/\/verde-amarelo.net\/verdeamarelo\/wp-json\/wp\/v2\/posts"}],"about":[{"href":"https:\/\/verde-amarelo.net\/verdeamarelo\/wp-json\/wp\/v2\/types\/post"}],"author":[{"embeddable":true,"href":"https:\/\/verde-amarelo.net\/verdeamarelo\/wp-json\/wp\/v2\/users\/1"}],"replies":[{"embeddable":true,"href":"https:\/\/verde-amarelo.net\/verdeamarelo\/wp-json\/wp\/v2\/comments?post=74672"}],"version-history":[{"count":0,"href":"https:\/\/verde-amarelo.net\/verdeamarelo\/wp-json\/wp\/v2\/posts\/74672\/revisions"}],"wp:attachment":[{"href":"https:\/\/verde-amarelo.net\/verdeamarelo\/wp-json\/wp\/v2\/media?parent=74672"}],"wp:term":[{"taxonomy":"category","embeddable":true,"href":"https:\/\/verde-amarelo.net\/verdeamarelo\/wp-json\/wp\/v2\/categories?post=74672"},{"taxonomy":"post_tag","embeddable":true,"href":"https:\/\/verde-amarelo.net\/verdeamarelo\/wp-json\/wp\/v2\/tags?post=74672"}],"curies":[{"name":"wp","href":"https:\/\/api.w.org\/{rel}","templated":true}]}}