{"id":74675,"date":"2019-04-30T17:25:04","date_gmt":"2019-04-30T20:25:04","guid":{"rendered":"https:\/\/verde-amarelo.net\/verdeamarelo\/2019\/04\/pro-tork-dobra-tamanho-de-estande-em-feira-na-colombia\/"},"modified":"2019-04-30T17:25:04","modified_gmt":"2019-04-30T20:25:04","slug":"pro-tork-dobra-tamanho-de-estande-em-feira-na-colombia","status":"publish","type":"post","link":"https:\/\/verde-amarelo.net\/verdeamarelo\/2019\/04\/pro-tork-dobra-tamanho-de-estande-em-feira-na-colombia\/","title":{"rendered":"Pro Tork dobra tamanho de estande em feira na Col\u00f4mbia"},"content":{"rendered":"<div class=\"g g-4\">\n<div class=\"g-dyn a-15 c-1\"><a target=\"_blank\" href=\"http:\/\/imsracing.com.br\/offroad\/index.php\/2018\/06\/26\/lancamento-internacional-da-ims-agora-no-brasil-botas-light\/\" onclick=\"ga('send', 'event', 'IMS oferecimento de noticias', 'click');\" rel=\"noopener\"><img decoding=\"async\" src=\"data:image\/gif;base64,R0lGODlhAQABAIAAAAAAAP\/\/\/ywAAAAAAQABAAACAUwAOw==\" fifu-lazy=\"1\" fifu-data-sizes=\"auto\" fifu-data-srcset=\"https:\/\/i2.wp.com\/www.truckbrasil.com.br\/wp\/wp-content\/uploads\/2019\/05\/pro-tork-dobra-tamanho-de-estande-em-feira-na-colombia.jpg?ssl=1&w=75&resize=75&ssl=1 75w, https:\/\/i2.wp.com\/www.truckbrasil.com.br\/wp\/wp-content\/uploads\/2019\/05\/pro-tork-dobra-tamanho-de-estande-em-feira-na-colombia.jpg?ssl=1&w=100&resize=100&ssl=1 100w, https:\/\/i2.wp.com\/www.truckbrasil.com.br\/wp\/wp-content\/uploads\/2019\/05\/pro-tork-dobra-tamanho-de-estande-em-feira-na-colombia.jpg?ssl=1&w=150&resize=150&ssl=1 150w, https:\/\/i2.wp.com\/www.truckbrasil.com.br\/wp\/wp-content\/uploads\/2019\/05\/pro-tork-dobra-tamanho-de-estande-em-feira-na-colombia.jpg?ssl=1&w=240&resize=240&ssl=1 240w, https:\/\/i2.wp.com\/www.truckbrasil.com.br\/wp\/wp-content\/uploads\/2019\/05\/pro-tork-dobra-tamanho-de-estande-em-feira-na-colombia.jpg?ssl=1&w=320&resize=320&ssl=1 320w, https:\/\/i2.wp.com\/www.truckbrasil.com.br\/wp\/wp-content\/uploads\/2019\/05\/pro-tork-dobra-tamanho-de-estande-em-feira-na-colombia.jpg?ssl=1&w=500&resize=500&ssl=1 500w, https:\/\/i2.wp.com\/www.truckbrasil.com.br\/wp\/wp-content\/uploads\/2019\/05\/pro-tork-dobra-tamanho-de-estande-em-feira-na-colombia.jpg?ssl=1&w=640&resize=640&ssl=1 640w, https:\/\/i2.wp.com\/www.truckbrasil.com.br\/wp\/wp-content\/uploads\/2019\/05\/pro-tork-dobra-tamanho-de-estande-em-feira-na-colombia.jpg?ssl=1&w=800&resize=800&ssl=1 800w, https:\/\/i2.wp.com\/www.truckbrasil.com.br\/wp\/wp-content\/uploads\/2019\/05\/pro-tork-dobra-tamanho-de-estande-em-feira-na-colombia.jpg?ssl=1&w=1024&resize=1024&ssl=1 1024w, https:\/\/i2.wp.com\/www.truckbrasil.com.br\/wp\/wp-content\/uploads\/2019\/05\/pro-tork-dobra-tamanho-de-estande-em-feira-na-colombia.jpg?ssl=1&w=1280&resize=1280&ssl=1 1280w, https:\/\/i2.wp.com\/www.truckbrasil.com.br\/wp\/wp-content\/uploads\/2019\/05\/pro-tork-dobra-tamanho-de-estande-em-feira-na-colombia.jpg?ssl=1&w=1600&resize=1600&ssl=1 1600w\" fifu-data-src=\"https:\/\/i2.wp.com\/www.truckbrasil.com.br\/wp\/wp-content\/uploads\/2019\/05\/pro-tork-dobra-tamanho-de-estande-em-feira-na-colombia.jpg?ssl=1\" alt=\"\" class=\"aligncenter\"\/><\/a><\/div>\n<div class=\"g-dyn a-14 c-2\"><a href=\"https:\/\/www.powerhusky.com.br\/enduro\/fe-350\"><img \"aligncenter size-full wp-image-33636270315&#8243; src=&#8221;https:\/\/www.truckbrasil.com.br\/wp\/wp-content\/uploads\/2019\/05\/pro-tork-dobra-tamanho-de-estande-em-feira-na-colombia.gif&#8221; alt=&#8221;&#8221;\/><\/a><\/div>\n<\/div>\n<p><img \"alignnone wp-image-33636274643 size-full&#8221; src=&#8221;https:\/\/www.truckbrasil.com.br\/wp\/wp-content\/uploads\/2019\/05\/pro-tork-dobra-tamanho-de-estande-em-feira-na-colombia-1.jpg&#8221; alt=&#8221;&#8221; width=&#8221;600&#8243; height=&#8221;800&#8243; srcset=&#8221;https:\/\/www.truckbrasil.com.br\/wp\/wp-content\/uploads\/2019\/05\/pro-tork-dobra-tamanho-de-estande-em-feira-na-colombia-1.jpg 600w, https:\/\/brmx.com.br\/wp-content\/uploads\/2019\/04\/unnamed-1-56&#215;75.jpg 56w, https:\/\/brmx.com.br\/wp-content\/uploads\/2019\/04\/unnamed-1-225&#215;300.jpg 225w, https:\/\/brmx.com.br\/wp-content\/uploads\/2019\/04\/unnamed-1-315&#215;420.jpg 315w&#8221; sizes=&#8221;(max-width: 600px) 100vw, 600px&#8221;\/><\/p>\n<p>A Pro Tork,\u00a0maior fabricante de motope\u00e7as da Am\u00e9rica Latina retorna a Col\u00f4mbia para participar da Feira das Duas Rodas. O evento acontece entre os dias 2 a 5 de maio, no Plaza Mayor Medell\u00edn, atraindo cerca de 60 mil pessoas.<\/p>&nbsp;&nbsp;\n<p>Este \u00e9 o quarto ano consecutivo que a marca brasileira participa do encontro. O objetivo \u00e9 apresentar itens cl\u00e1ssicos do seu cat\u00e1logo, al\u00e9m de muitas novidades. Tudo isso num estande com o dobro de tamanho em rela\u00e7\u00e3o a 2018.<\/p>&nbsp;&nbsp;\n<p>Segundo o diretor-presidente do Grupo Pro Tork, Marlon Bonilha, a expectativa \u00e9 excelente.<\/p>&nbsp;&nbsp;\n<p>\u2013 A feira \u00e9 uma \u00f3tima oportunidade para recebermos nossos clientes, al\u00e9m de prospectar neg\u00f3cios com distribuidores e lojistas de todas as Am\u00e9ricas. Exportamos para mais de 60 pa\u00edses e queremos continuar expandindo, explica.<\/p>&nbsp;&nbsp;\n<div class=\"g g-4\">\n<div class=\"g-dyn a-14 c-1\"><a href=\"https:\/\/www.powerhusky.com.br\/enduro\/fe-350\"><img \"aligncenter size-full wp-image-33636270315&#8243; src=&#8221;https:\/\/www.truckbrasil.com.br\/wp\/wp-content\/uploads\/2019\/05\/pro-tork-dobra-tamanho-de-estande-em-feira-na-colombia.gif&#8221; alt=&#8221;&#8221;\/><\/a><\/div>\n<div class=\"g-dyn a-15 c-2\"><a target=\"_blank\" href=\"http:\/\/imsracing.com.br\/offroad\/index.php\/2018\/06\/26\/lancamento-internacional-da-ims-agora-no-brasil-botas-light\/\" onclick=\"ga('send', 'event', 'IMS oferecimento de noticias', 'click');\" rel=\"noopener\"><img decoding=\"async\" src=\"data:image\/gif;base64,R0lGODlhAQABAIAAAAAAAP\/\/\/ywAAAAAAQABAAACAUwAOw==\" fifu-lazy=\"1\" fifu-data-sizes=\"auto\" fifu-data-srcset=\"https:\/\/i2.wp.com\/www.truckbrasil.com.br\/wp\/wp-content\/uploads\/2019\/05\/pro-tork-dobra-tamanho-de-estande-em-feira-na-colombia.jpg?ssl=1&w=75&resize=75&ssl=1 75w, https:\/\/i2.wp.com\/www.truckbrasil.com.br\/wp\/wp-content\/uploads\/2019\/05\/pro-tork-dobra-tamanho-de-estande-em-feira-na-colombia.jpg?ssl=1&w=100&resize=100&ssl=1 100w, https:\/\/i2.wp.com\/www.truckbrasil.com.br\/wp\/wp-content\/uploads\/2019\/05\/pro-tork-dobra-tamanho-de-estande-em-feira-na-colombia.jpg?ssl=1&w=150&resize=150&ssl=1 150w, https:\/\/i2.wp.com\/www.truckbrasil.com.br\/wp\/wp-content\/uploads\/2019\/05\/pro-tork-dobra-tamanho-de-estande-em-feira-na-colombia.jpg?ssl=1&w=240&resize=240&ssl=1 240w, https:\/\/i2.wp.com\/www.truckbrasil.com.br\/wp\/wp-content\/uploads\/2019\/05\/pro-tork-dobra-tamanho-de-estande-em-feira-na-colombia.jpg?ssl=1&w=320&resize=320&ssl=1 320w, https:\/\/i2.wp.com\/www.truckbrasil.com.br\/wp\/wp-content\/uploads\/2019\/05\/pro-tork-dobra-tamanho-de-estande-em-feira-na-colombia.jpg?ssl=1&w=500&resize=500&ssl=1 500w, https:\/\/i2.wp.com\/www.truckbrasil.com.br\/wp\/wp-content\/uploads\/2019\/05\/pro-tork-dobra-tamanho-de-estande-em-feira-na-colombia.jpg?ssl=1&w=640&resize=640&ssl=1 640w, https:\/\/i2.wp.com\/www.truckbrasil.com.br\/wp\/wp-content\/uploads\/2019\/05\/pro-tork-dobra-tamanho-de-estande-em-feira-na-colombia.jpg?ssl=1&w=800&resize=800&ssl=1 800w, https:\/\/i2.wp.com\/www.truckbrasil.com.br\/wp\/wp-content\/uploads\/2019\/05\/pro-tork-dobra-tamanho-de-estande-em-feira-na-colombia.jpg?ssl=1&w=1024&resize=1024&ssl=1 1024w, https:\/\/i2.wp.com\/www.truckbrasil.com.br\/wp\/wp-content\/uploads\/2019\/05\/pro-tork-dobra-tamanho-de-estande-em-feira-na-colombia.jpg?ssl=1&w=1280&resize=1280&ssl=1 1280w, https:\/\/i2.wp.com\/www.truckbrasil.com.br\/wp\/wp-content\/uploads\/2019\/05\/pro-tork-dobra-tamanho-de-estande-em-feira-na-colombia.jpg?ssl=1&w=1600&resize=1600&ssl=1 1600w\" fifu-data-src=\"https:\/\/i2.wp.com\/www.truckbrasil.com.br\/wp\/wp-content\/uploads\/2019\/05\/pro-tork-dobra-tamanho-de-estande-em-feira-na-colombia.jpg?ssl=1\" alt=\"\" class=\"aligncenter\"\/><\/a><\/div>\n<\/div>\n","protected":false},"excerpt":{"rendered":"<p>A Pro Tork,\u00a0maior fabricante de motope\u00e7as da Am\u00e9rica Latina retorna a Col\u00f4mbia para participar da&#8230;<\/p>\n","protected":false},"author":1,"featured_media":0,"comment_status":"open","ping_status":"open","sticky":false,"template":"","format":"standard","meta":{"fifu_image_url":"","fifu_image_alt":"","footnotes":""},"categories":[8427],"tags":[9837],"class_list":["post-74675","post","type-post","status-publish","format-standard","hentry","category-geral","tag-industriapro-tork","wpcat-8427-id"],"_links":{"self":[{"href":"https:\/\/verde-amarelo.net\/verdeamarelo\/wp-json\/wp\/v2\/posts\/74675","targetHints":{"allow":["GET"]}}],"collection":[{"href":"https:\/\/verde-amarelo.net\/verdeamarelo\/wp-json\/wp\/v2\/posts"}],"about":[{"href":"https:\/\/verde-amarelo.net\/verdeamarelo\/wp-json\/wp\/v2\/types\/post"}],"author":[{"embeddable":true,"href":"https:\/\/verde-amarelo.net\/verdeamarelo\/wp-json\/wp\/v2\/users\/1"}],"replies":[{"embeddable":true,"href":"https:\/\/verde-amarelo.net\/verdeamarelo\/wp-json\/wp\/v2\/comments?post=74675"}],"version-history":[{"count":0,"href":"https:\/\/verde-amarelo.net\/verdeamarelo\/wp-json\/wp\/v2\/posts\/74675\/revisions"}],"wp:attachment":[{"href":"https:\/\/verde-amarelo.net\/verdeamarelo\/wp-json\/wp\/v2\/media?parent=74675"}],"wp:term":[{"taxonomy":"category","embeddable":true,"href":"https:\/\/verde-amarelo.net\/verdeamarelo\/wp-json\/wp\/v2\/categories?post=74675"},{"taxonomy":"post_tag","embeddable":true,"href":"https:\/\/verde-amarelo.net\/verdeamarelo\/wp-json\/wp\/v2\/tags?post=74675"}],"curies":[{"name":"wp","href":"https:\/\/api.w.org\/{rel}","templated":true}]}}