{"id":74678,"date":"2019-05-01T10:48:52","date_gmt":"2019-05-01T13:48:52","guid":{"rendered":"https:\/\/verde-amarelo.net\/verdeamarelo\/2019\/05\/ideal-para-o-campo-utv-can-am-defender-e-destaque-na-agrishow-2019\/"},"modified":"2019-05-01T10:48:52","modified_gmt":"2019-05-01T13:48:52","slug":"ideal-para-o-campo-utv-can-am-defender-e-destaque-na-agrishow-2019","status":"publish","type":"post","link":"https:\/\/verde-amarelo.net\/verdeamarelo\/2019\/05\/ideal-para-o-campo-utv-can-am-defender-e-destaque-na-agrishow-2019\/","title":{"rendered":"Ideal para o campo, UTV Can-Am Defender \u00e9 destaque na Agrishow 2019"},"content":{"rendered":"<blockquote class=\"quote_content\" readability=\"31\">\n<p><span>Estande dos produtos assinados pela BRP tamb\u00e9m traz os quadriciclos da Can-Am e as motos aqu\u00e1ticas da Sea-Doo; Feira de tecnologia agr\u00edcola vai at\u00e9 3 de maio em Ribeir\u00e3o Preto (SP)<\/span><\/p>\n<\/blockquote>\n<div id=\"attachment_27240\" class=\"wp-caption alignleft\" readability=\"34\"><a href=\"http:\/\/www.cargonews.com.br\/wp-content\/uploads\/2019\/05\/Agrishow-2.jpg\">&#8221; wp-image-27240&#8243; src=&#8221;https:\/\/www.truckbrasil.com.br\/wp\/wp-content\/uploads\/2019\/05\/ideal-para-o-campo-utv-can-am-defender-e-destaque-na-agrishow-2019.jpg&#8221; alt=&#8221;&#8221; width=&#8221;422&#8243; height=&#8221;281&#8243; srcset=&#8221;https:\/\/www.truckbrasil.com.br\/wp\/wp-content\/uploads\/2019\/05\/ideal-para-o-campo-utv-can-am-defender-e-destaque-na-agrishow-2019.jpg 300w, http:\/\/www.cargonews.com.br\/wp-content\/uploads\/2019\/05\/Agrishow-2-768&#215;512.jpg 768w, http:\/\/www.cargonews.com.br\/wp-content\/uploads\/2019\/05\/Agrishow-2-1024&#215;683.jpg 1024w, http:\/\/www.cargonews.com.br\/wp-content\/uploads\/2019\/05\/Agrishow-2.jpg 1200w&#8221; sizes=&#8221;(max-width: 422px) 100vw, 422px&#8221;\/><\/a><\/p>\n<p class=\"wp-caption-text\">UTV Can-Am Defender no estande exclusivo de produtos BRP na Agrishow 2019, em Ribeir\u00e3o Preto (SP).<br \/>Cr\u00e9dito: Id\u00e1rio Caf\u00e9\/Mundo Press<\/p>\n<\/div>\n<p>Ribeir\u00e3o Preto (SP) \u2013 O novo UTV Can-Am Defender foi feito para o trabalho pesado e ainda amplia as op\u00e7\u00f5es de lazer no ambiente off-road. Por conta da versatilidade no campo, o ve\u00edculo \u00e9 destaque da Agrishow 2019. A maior feira de tecnologia agr\u00edcola do Brasil, considerada uma das mais importantes do mundo no segmento, vai at\u00e9 o dia 3 de maio em Ribeir\u00e3o Preto, interior paulista, das 8h \u00e0s 18h.<\/p>&nbsp;&nbsp;\n<p>No estande da Can-Am, o p\u00fablico pode ver de perto os UTVs Defender nas vers\u00f5es de tr\u00eas e seis lugares, com v\u00e1rios acess\u00f3rios dispon\u00edveis para carga e para organizar os materiais durante o transporte. O ve\u00edculo off-road tem capacidade de reboque de at\u00e9 907,2 quilos ou pode carregar uma carga \u00fatil total de at\u00e9 793,8 kg.<\/p>&nbsp;&nbsp;\n<p>O espa\u00e7o da Can-Am na Agrishow ainda traz os quadriciclos da marca e outros produtos assinados pelo grupo canadense BRP. As motos aqu\u00e1ticas da Sea-Doo, sucesso na \u00e1gua doce e na \u00e1gua salgada, tamb\u00e9m atraem os olhares do p\u00fablico no evento.<\/p>&nbsp;&nbsp;\n<p>\u201cOs produtos da Can-Am t\u00eam muita identidade com o conceito da Agrishow, bem como as outras marcas da BRP\u201d, disse Fernando Alves, gerente comercial para o Brasil da empresa canadense. \u201cSeja no trabalho ou nos momentos de lazer, temos um leque de produtos com tecnologia e confiabilidade reconhecidas no mundo todo.\u201d<\/p>\n<p>De acordo com o executivo, a participa\u00e7\u00e3o direta da BRP na Agrishow refor\u00e7a a presen\u00e7a da Can-Am no mercado de utilit\u00e1rios, com foco direto no segmento agr\u00edcola. Vale ressaltar que, durante os dias de funcionamento da feira, a BRP oferece condi\u00e7\u00f5es especiais de pagamento para todos os produtos.<\/p>&nbsp;&nbsp;\n<p>\u201cO p\u00fablico da Agrishow \u00e9 exigente e logo percebeu o que o UTV Can-Am Defender pode proporcionar para o trabalho no campo. Queremos aproveitar a oportunidade de mostrar que temos o UTV e o quadriciclo desenvolvidos para cada perfil de usu\u00e1rio, at\u00e9 aos que buscam performance esportiva\u201d, concluiu Alves, lembrando que o o UTV Can-Am Maverick X3, tamb\u00e9m em exposi\u00e7\u00e3o no estande, \u00e9 o atual bicampe\u00e3o do Rally Dakar.<\/p>&nbsp;&nbsp;\n<p>Com 25 anos de hist\u00f3ria, a Agrishow re\u00fane mais de 800 marcas expositoras e espera receber mais de 150 mil visitantes na edi\u00e7\u00e3o 2019. O evento possui 520 mil metros quadrados de \u00e1rea para exposi\u00e7\u00f5es.<\/p>&nbsp;&nbsp;\n<p><strong>Agrishow 2019 \u2013 Estande Can-Am \/ BRP<\/strong><br \/><strong>Programa\u00e7\u00e3o:<\/strong> At\u00e9 o dia 3 de maio, das 8h \u00e0s 18h<br \/><strong>Localiza\u00e7\u00e3o:<\/strong> G22<br \/>Mais informa\u00e7\u00f5es sobre ingressos e as atividades no site oficial do evento (<a href=\"https:\/\/www.agrishow.com.br\/pt\/Home.html\">www.agrishow.com.br<\/a>).<\/p>&nbsp;&nbsp;\n<p>Assessoria de Imprensa<\/p>\n","protected":false},"excerpt":{"rendered":"<p>Estande dos produtos assinados pela BRP tamb\u00e9m traz os quadriciclos da Can-Am e as motos&#8230;<\/p>\n","protected":false},"author":1,"featured_media":0,"comment_status":"open","ping_status":"open","sticky":false,"template":"","format":"standard","meta":{"fifu_image_url":"","fifu_image_alt":"","footnotes":""},"categories":[8725],"tags":[9814],"class_list":["post-74678","post","type-post","status-publish","format-standard","hentry","category-geralmercado","tag-agrishownoticias","wpcat-8725-id"],"_links":{"self":[{"href":"https:\/\/verde-amarelo.net\/verdeamarelo\/wp-json\/wp\/v2\/posts\/74678","targetHints":{"allow":["GET"]}}],"collection":[{"href":"https:\/\/verde-amarelo.net\/verdeamarelo\/wp-json\/wp\/v2\/posts"}],"about":[{"href":"https:\/\/verde-amarelo.net\/verdeamarelo\/wp-json\/wp\/v2\/types\/post"}],"author":[{"embeddable":true,"href":"https:\/\/verde-amarelo.net\/verdeamarelo\/wp-json\/wp\/v2\/users\/1"}],"replies":[{"embeddable":true,"href":"https:\/\/verde-amarelo.net\/verdeamarelo\/wp-json\/wp\/v2\/comments?post=74678"}],"version-history":[{"count":0,"href":"https:\/\/verde-amarelo.net\/verdeamarelo\/wp-json\/wp\/v2\/posts\/74678\/revisions"}],"wp:attachment":[{"href":"https:\/\/verde-amarelo.net\/verdeamarelo\/wp-json\/wp\/v2\/media?parent=74678"}],"wp:term":[{"taxonomy":"category","embeddable":true,"href":"https:\/\/verde-amarelo.net\/verdeamarelo\/wp-json\/wp\/v2\/categories?post=74678"},{"taxonomy":"post_tag","embeddable":true,"href":"https:\/\/verde-amarelo.net\/verdeamarelo\/wp-json\/wp\/v2\/tags?post=74678"}],"curies":[{"name":"wp","href":"https:\/\/api.w.org\/{rel}","templated":true}]}}