{"id":74679,"date":"2019-05-01T12:00:44","date_gmt":"2019-05-01T15:00:44","guid":{"rendered":"https:\/\/verde-amarelo.net\/verdeamarelo\/2019\/05\/escola-lf-ministra-curso-profissionalizante-de-maquinas-injetoras\/"},"modified":"2019-05-01T12:00:44","modified_gmt":"2019-05-01T15:00:44","slug":"escola-lf-ministra-curso-profissionalizante-de-maquinas-injetoras","status":"publish","type":"post","link":"https:\/\/verde-amarelo.net\/verdeamarelo\/2019\/05\/escola-lf-ministra-curso-profissionalizante-de-maquinas-injetoras\/","title":{"rendered":"Escola LF ministra curso profissionalizante de M\u00e1quinas Injetoras"},"content":{"rendered":"<p><a href=\"http:\/\/www.cargonews.com.br\/wp-content\/uploads\/2019\/04\/imagem_release_1685418.jpg\"><img \"wp-image-27223 alignleft&#8221; src=&#8221;https:\/\/www.truckbrasil.com.br\/wp\/wp-content\/uploads\/2019\/05\/escola-lf-ministra-curso-profissionalizante-de-maquinas-injetoras.jpg&#8221; alt=&#8221;&#8221; width=&#8221;370&#8243; height=&#8221;370&#8243; srcset=&#8221;https:\/\/www.truckbrasil.com.br\/wp\/wp-content\/uploads\/2019\/05\/escola-lf-ministra-curso-profissionalizante-de-maquinas-injetoras.jpg 300w, http:\/\/www.cargonews.com.br\/wp-content\/uploads\/2019\/04\/imagem_release_1685418-150&#215;150.jpg 150w, http:\/\/www.cargonews.com.br\/wp-content\/uploads\/2019\/04\/imagem_release_1685418-75&#215;75.jpg 75w, http:\/\/www.cargonews.com.br\/wp-content\/uploads\/2019\/04\/imagem_release_1685418.jpg 600w&#8221; sizes=&#8221;(max-width: 370px) 100vw, 370px&#8221;\/><\/a>A Escola LF de cursos profissionalizantes em pl\u00e1sticos realizar\u00e1 um curso de M\u00e1quinas Injetoras, com in\u00edcio no pr\u00f3ximo dia 02 de maio. As aulas ser\u00e3o as ter\u00e7as e quintas-feiras, manh\u00e3 ou noite. A carga hor\u00e1ria \u00e9 de 150 horas.<\/p>&nbsp;&nbsp;\n<p>\u201cA institui\u00e7\u00e3o tem alto \u00edndice de empregabilidade, em que geralmente 90% dos novos alunos, que estavam desempregados e n\u00e3o eram da \u00e1rea de pl\u00e1sticos, conseguem trabalho antes de se formar, mesmo sem experi\u00eancia\u201d, diz o diretor-t\u00e9cnico da institui\u00e7\u00e3o, Alexandre Farhan.<\/p>&nbsp;&nbsp;\n<p>O curso em M\u00e1quinas Injetoras demonstrar\u00e1 aos participantes a opera\u00e7\u00e3o e funcionamento das m\u00e1quinas de inje\u00e7\u00e3o, que \u00e9 o principal processo de transforma\u00e7\u00e3o do pl\u00e1stico. A tecnologia pode produzir produtos de grandes dimens\u00f5es em moldes ou ferramentas que chegam a pesar centenas de quilos e at\u00e9 algumas toneladas.<\/p>&nbsp;&nbsp;\n<p>As aulas, entre outras abordagens, explicam os diferentes tipos de resinas, que podem ser virgens ou recicladas. O aluno nas instru\u00e7\u00f5es saber\u00e1 para qual fim cada resina serve pelas suas caracter\u00edsticas, propriedades e aplica\u00e7\u00f5es.<\/p>&nbsp;&nbsp;\n<p><strong>Servi\u00e7o<\/strong><\/p>\n<p><strong>Escola LF<\/strong><\/p>\n<p><strong>Tels.:<\/strong> 11 3277-0553 | 11 3628-3905 | 11 4119-0047<\/p>\n<p><strong>e.mail:<\/strong> escolalf@escolalf.com.br |\u00a0site: https:\/\/escolalf.com.br\/<\/p>\n<p>Assessoria de Imprensa<\/p>\n","protected":false},"excerpt":{"rendered":"","protected":false},"author":1,"featured_media":0,"comment_status":"open","ping_status":"open","sticky":false,"template":"","format":"standard","meta":{"fifu_image_url":"","fifu_image_alt":"","footnotes":""},"categories":[8702],"tags":[9839],"class_list":["post-74679","post","type-post","status-publish","format-standard","hentry","category-logistica","tag-logisticamaquinas-injetoras","wpcat-8702-id"],"_links":{"self":[{"href":"https:\/\/verde-amarelo.net\/verdeamarelo\/wp-json\/wp\/v2\/posts\/74679","targetHints":{"allow":["GET"]}}],"collection":[{"href":"https:\/\/verde-amarelo.net\/verdeamarelo\/wp-json\/wp\/v2\/posts"}],"about":[{"href":"https:\/\/verde-amarelo.net\/verdeamarelo\/wp-json\/wp\/v2\/types\/post"}],"author":[{"embeddable":true,"href":"https:\/\/verde-amarelo.net\/verdeamarelo\/wp-json\/wp\/v2\/users\/1"}],"replies":[{"embeddable":true,"href":"https:\/\/verde-amarelo.net\/verdeamarelo\/wp-json\/wp\/v2\/comments?post=74679"}],"version-history":[{"count":0,"href":"https:\/\/verde-amarelo.net\/verdeamarelo\/wp-json\/wp\/v2\/posts\/74679\/revisions"}],"wp:attachment":[{"href":"https:\/\/verde-amarelo.net\/verdeamarelo\/wp-json\/wp\/v2\/media?parent=74679"}],"wp:term":[{"taxonomy":"category","embeddable":true,"href":"https:\/\/verde-amarelo.net\/verdeamarelo\/wp-json\/wp\/v2\/categories?post=74679"},{"taxonomy":"post_tag","embeddable":true,"href":"https:\/\/verde-amarelo.net\/verdeamarelo\/wp-json\/wp\/v2\/tags?post=74679"}],"curies":[{"name":"wp","href":"https:\/\/api.w.org\/{rel}","templated":true}]}}