{"id":74689,"date":"2019-05-01T16:00:00","date_gmt":"2019-05-01T19:00:00","guid":{"rendered":"https:\/\/verde-amarelo.net\/verdeamarelo\/2019\/05\/nissan-estande-da-nissan-na-agrishow-recebe-visita-de-bruna-viola-jovem-talento-da-musica-sertaneja\/"},"modified":"2019-05-01T16:00:00","modified_gmt":"2019-05-01T19:00:00","slug":"nissan-estande-da-nissan-na-agrishow-recebe-visita-de-bruna-viola-jovem-talento-da-musica-sertaneja","status":"publish","type":"post","link":"https:\/\/verde-amarelo.net\/verdeamarelo\/2019\/05\/nissan-estande-da-nissan-na-agrishow-recebe-visita-de-bruna-viola-jovem-talento-da-musica-sertaneja\/","title":{"rendered":"Nissan: Estande da Nissan na Agrishow recebe visita de Bruna Viola, jovem talento da m\u00fasica sertaneja"},"content":{"rendered":"<div><img decoding=\"async\" src=\"data:image\/gif;base64,R0lGODlhAQABAIAAAAAAAP\/\/\/ywAAAAAAQABAAACAUwAOw==\" fifu-lazy=\"1\" fifu-data-sizes=\"auto\" fifu-data-srcset=\"https:\/\/i0.wp.com\/www.truckbrasil.com.br\/wp\/wp-content\/uploads\/2019\/05\/nissan-estande-da-nissan-na-agrishow-recebe-visita-de-bruna-viola-jovem-talento-da-musica-sertaneja.jpg?ssl=1&w=75&resize=75&ssl=1 75w, https:\/\/i0.wp.com\/www.truckbrasil.com.br\/wp\/wp-content\/uploads\/2019\/05\/nissan-estande-da-nissan-na-agrishow-recebe-visita-de-bruna-viola-jovem-talento-da-musica-sertaneja.jpg?ssl=1&w=100&resize=100&ssl=1 100w, https:\/\/i0.wp.com\/www.truckbrasil.com.br\/wp\/wp-content\/uploads\/2019\/05\/nissan-estande-da-nissan-na-agrishow-recebe-visita-de-bruna-viola-jovem-talento-da-musica-sertaneja.jpg?ssl=1&w=150&resize=150&ssl=1 150w, https:\/\/i0.wp.com\/www.truckbrasil.com.br\/wp\/wp-content\/uploads\/2019\/05\/nissan-estande-da-nissan-na-agrishow-recebe-visita-de-bruna-viola-jovem-talento-da-musica-sertaneja.jpg?ssl=1&w=240&resize=240&ssl=1 240w, https:\/\/i0.wp.com\/www.truckbrasil.com.br\/wp\/wp-content\/uploads\/2019\/05\/nissan-estande-da-nissan-na-agrishow-recebe-visita-de-bruna-viola-jovem-talento-da-musica-sertaneja.jpg?ssl=1&w=320&resize=320&ssl=1 320w, https:\/\/i0.wp.com\/www.truckbrasil.com.br\/wp\/wp-content\/uploads\/2019\/05\/nissan-estande-da-nissan-na-agrishow-recebe-visita-de-bruna-viola-jovem-talento-da-musica-sertaneja.jpg?ssl=1&w=500&resize=500&ssl=1 500w, https:\/\/i0.wp.com\/www.truckbrasil.com.br\/wp\/wp-content\/uploads\/2019\/05\/nissan-estande-da-nissan-na-agrishow-recebe-visita-de-bruna-viola-jovem-talento-da-musica-sertaneja.jpg?ssl=1&w=640&resize=640&ssl=1 640w, https:\/\/i0.wp.com\/www.truckbrasil.com.br\/wp\/wp-content\/uploads\/2019\/05\/nissan-estande-da-nissan-na-agrishow-recebe-visita-de-bruna-viola-jovem-talento-da-musica-sertaneja.jpg?ssl=1&w=800&resize=800&ssl=1 800w, https:\/\/i0.wp.com\/www.truckbrasil.com.br\/wp\/wp-content\/uploads\/2019\/05\/nissan-estande-da-nissan-na-agrishow-recebe-visita-de-bruna-viola-jovem-talento-da-musica-sertaneja.jpg?ssl=1&w=1024&resize=1024&ssl=1 1024w, https:\/\/i0.wp.com\/www.truckbrasil.com.br\/wp\/wp-content\/uploads\/2019\/05\/nissan-estande-da-nissan-na-agrishow-recebe-visita-de-bruna-viola-jovem-talento-da-musica-sertaneja.jpg?ssl=1&w=1280&resize=1280&ssl=1 1280w, https:\/\/i0.wp.com\/www.truckbrasil.com.br\/wp\/wp-content\/uploads\/2019\/05\/nissan-estande-da-nissan-na-agrishow-recebe-visita-de-bruna-viola-jovem-talento-da-musica-sertaneja.jpg?ssl=1&w=1600&resize=1600&ssl=1 1600w\" fifu-data-src=\"https:\/\/i0.wp.com\/www.truckbrasil.com.br\/wp\/wp-content\/uploads\/2019\/05\/nissan-estande-da-nissan-na-agrishow-recebe-visita-de-bruna-viola-jovem-talento-da-musica-sertaneja.jpg?ssl=1\" class=\"ff-og-image-inserted\"\/><\/div>\n<p><strong>RIBEIR\u00c3O PRETO, S\u00e3o Paulo \u2013<\/strong> O estande da Nissan na 26\u00aa edi\u00e7\u00e3o da Agrishow recebe hoje, \u00e0s 14h, a visita de Bruna Viola, jovem talento da m\u00fasica sertaneja atual e parceira da Nissan. A artista musical ir\u00e1 ver de perto a linha de ve\u00edculos da marca japonesa com destaque para a nova Frontier, agora fabricada na Argentina. A picape forte de verdade est\u00e1 com condi\u00e7\u00f5es de vendas especiais e poder\u00e1 ser testada pelos visitantes.<\/p>&nbsp;&nbsp;\n<p>Como influencer parceira da Nissan, Bruna Viola vai conhecer de perto cada detalhe da picape e ter a experi\u00eancia com o carro na pista de test drive, al\u00e9m de interagir com os f\u00e3s. Nascida em 1993, em Cuiab\u00e1, Bruna Viola tem influ\u00eancia da m\u00fasica caipira de Ti\u00e3o Carreiro e Inezita Barroso. Come\u00e7ou a tocar a viola caipira jovem, aos 11 anos, e adotou o instrumento como sobrenome art\u00edstico.<\/p>&nbsp;&nbsp;\n<p>Conquistou o p\u00fablico e seu espa\u00e7o na m\u00fasica sertaneja nos \u00faltimos anos. Em eu primeiro DVD, intitulado &#8220;Melodias do Sert\u00e3o&#8221;, Bruna Viola conta com a participa\u00e7\u00e3o da dupla Cesar Menotti e Fabiano nas m\u00fasicas &#8220;Se voc\u00ea voltar&#8221; e &#8220;Rio de Piracicaba&#8221;.<\/p>&nbsp;&nbsp;\n<p>A convite dos \u00edcones da m\u00fasica sertaneja Chit\u00e3ozinho e Xoror\u00f3, Bruna Viola teve participa\u00e7\u00e3o especial no DVD &#8220;Elas em Evid\u00eancias&#8221;, nas m\u00fasicas, &#8220;Caipira&#8221; e &#8220;Majestade, o Sabi\u00e1&#8221;. Em dezembro de 2017, a m\u00fasica venceu o Grammy Latino Americano na categoria &#8220;Melhor \u00e1lbum de m\u00fasicas de Ra\u00edzes Brasileiras&#8221;.<\/p>&nbsp;&nbsp;\n<p><strong>Nissan na Agrishow<\/strong><\/p>\n<p>A Nissan marca presen\u00e7a mais uma vez na Agrishow, uma das maiores feiras agr\u00edcolas do mundo, em Ribeir\u00e3o Preto, no sudoeste do estado de S\u00e3o Paulo. A marca japonesa est\u00e1 expondo toda sua linha de ve\u00edculos com destaque para a nova Frontier, agora fabricada na Argentina. A picape forte de verdade ter\u00e1 condi\u00e7\u00f5es de vendas especiais e poder\u00e1 ser testada pelos visitantes.<\/p>&nbsp;&nbsp;\n<p>Para conhecer os atributos da picape Frontier na pr\u00e1tica, a Nissan construiu uma pista off road para test drive com 2 mil m\u00b2. Ela fica em uma \u00e1rea total de 3.400 m\u00b2 onde tamb\u00e9m est\u00e1 o estande da marca, que apresenta um conceito ao mesmo tempo inovador e robusto. Durante a feira a empresa oferece pre\u00e7os especiais para o utilit\u00e1rio. A vers\u00e3o de entrada S com c\u00e2mbio manual est\u00e1 sendo vendida a produtores rurais e empresas com descontos de at\u00e9 22%, mesmo porcentual da Attack 4&#215;4. Para a intermedi\u00e1ria XE, a condi\u00e7\u00e3o exclusiva \u00e9 de 24%. A Frontier Attack, por exemplo, custa no evento R$ 128.990, e a LE, a vers\u00e3o mais completa, R$ 159.990.<\/p>&nbsp;&nbsp;\n<p><strong>Servi\u00e7o<\/strong><br \/>Nissan na Agrishow<br \/>Data: 29 de abril a 3 de maio<br \/>Hor\u00e1rio: 8h \u00e0s 18h<br \/>Local: Rodovia Prefeito Antonio Duarte Nogueira, Km 321 &#8211; Ribeir\u00e3o Preto &#8211; SP<br \/>Mais informa\u00e7\u00f5es em: <a href=\"https:\/\/www.agrishow.com.br\/pt\/Home.html\" target=\"_blank\" rel=\"noopener\">https:\/\/www.agrishow.com.br\/pt\/Home.html<\/a><\/p>\n<p># # #<\/p>\n","protected":false},"excerpt":{"rendered":"<p>RIBEIR\u00c3O PRETO, S\u00e3o Paulo \u2013 O estande da Nissan na 26\u00aa edi\u00e7\u00e3o da Agrishow recebe&#8230;<\/p>\n","protected":false},"author":1,"featured_media":0,"comment_status":"open","ping_status":"open","sticky":false,"template":"","format":"standard","meta":{"fifu_image_url":"","fifu_image_alt":"","footnotes":""},"categories":[8699],"tags":[5364],"class_list":["post-74689","post","type-post","status-publish","format-standard","hentry","category-geralcarros","tag-nissan","wpcat-8699-id"],"_links":{"self":[{"href":"https:\/\/verde-amarelo.net\/verdeamarelo\/wp-json\/wp\/v2\/posts\/74689","targetHints":{"allow":["GET"]}}],"collection":[{"href":"https:\/\/verde-amarelo.net\/verdeamarelo\/wp-json\/wp\/v2\/posts"}],"about":[{"href":"https:\/\/verde-amarelo.net\/verdeamarelo\/wp-json\/wp\/v2\/types\/post"}],"author":[{"embeddable":true,"href":"https:\/\/verde-amarelo.net\/verdeamarelo\/wp-json\/wp\/v2\/users\/1"}],"replies":[{"embeddable":true,"href":"https:\/\/verde-amarelo.net\/verdeamarelo\/wp-json\/wp\/v2\/comments?post=74689"}],"version-history":[{"count":0,"href":"https:\/\/verde-amarelo.net\/verdeamarelo\/wp-json\/wp\/v2\/posts\/74689\/revisions"}],"wp:attachment":[{"href":"https:\/\/verde-amarelo.net\/verdeamarelo\/wp-json\/wp\/v2\/media?parent=74689"}],"wp:term":[{"taxonomy":"category","embeddable":true,"href":"https:\/\/verde-amarelo.net\/verdeamarelo\/wp-json\/wp\/v2\/categories?post=74689"},{"taxonomy":"post_tag","embeddable":true,"href":"https:\/\/verde-amarelo.net\/verdeamarelo\/wp-json\/wp\/v2\/tags?post=74689"}],"curies":[{"name":"wp","href":"https:\/\/api.w.org\/{rel}","templated":true}]}}