{"id":74693,"date":"2019-05-03T13:30:13","date_gmt":"2019-05-03T16:30:13","guid":{"rendered":"https:\/\/verde-amarelo.net\/verdeamarelo\/2019\/05\/a-evolucao-dos-centros-de-distribuicao-na-era-da-digitalizacao\/"},"modified":"2019-05-03T13:30:13","modified_gmt":"2019-05-03T16:30:13","slug":"a-evolucao-dos-centros-de-distribuicao-na-era-da-digitalizacao","status":"publish","type":"post","link":"https:\/\/verde-amarelo.net\/verdeamarelo\/2019\/05\/a-evolucao-dos-centros-de-distribuicao-na-era-da-digitalizacao\/","title":{"rendered":"A evolu\u00e7\u00e3o dos centros de distribui\u00e7\u00e3o na era da digitaliza\u00e7\u00e3o"},"content":{"rendered":"<p>Painel da Conven\u00e7\u00e3o ABAD destaca o conceito Intralog\u00edstica Conectada como fundamental na otimiza\u00e7\u00e3o de processos para atacadistas e distribuidores<\/p>\n<p>\u201cAcontecendo de forma bem acelerada, a evolu\u00e7\u00e3o das empresas em dire\u00e7\u00e3o a um mundo mais digital se torna inevit\u00e1vel\u201d. Com esta afirma\u00e7\u00e3o de Eduardo Terra \u2014 s\u00f3cio-diretor da BTR Educa\u00e7\u00e3o e Consultoria e presidente da SBVC (Sociedade Brasileira de Varejo e Consumo) \u2014, iniciou-se o painel \u201cA Transforma\u00e7\u00e3o Digital do Atacado Distribuidor\u201d, que aconteceu na 39\u00aa Conven\u00e7\u00e3o Anual do Canal Indireto (Conven\u00e7\u00e3o ABAD 2019), em Atibaia, interior de S\u00e3o Paulo.<\/p>&nbsp;&nbsp;\n<div id=\"attachment_27276\" class=\"wp-caption alignleft\" readability=\"34\"><a href=\"http:\/\/www.cargonews.com.br\/wp-content\/uploads\/2019\/05\/estilop_strip_382667_0_full.jpg\">&#8221; wp-image-27276&#8243; src=&#8221;https:\/\/www.truckbrasil.com.br\/wp\/wp-content\/uploads\/2019\/05\/a-evolucao-dos-centros-de-distribuicao-na-era-da-digitalizacao.jpg&#8221; alt=&#8221;&#8221; width=&#8221;378&#8243; height=&#8221;252&#8243; srcset=&#8221;https:\/\/www.truckbrasil.com.br\/wp\/wp-content\/uploads\/2019\/05\/a-evolucao-dos-centros-de-distribuicao-na-era-da-digitalizacao.jpg 300w, http:\/\/www.cargonews.com.br\/wp-content\/uploads\/2019\/05\/estilop_strip_382667_0_full-768&#215;512.jpg 768w, http:\/\/www.cargonews.com.br\/wp-content\/uploads\/2019\/05\/estilop_strip_382667_0_full-1024&#215;683.jpg 1024w, http:\/\/www.cargonews.com.br\/wp-content\/uploads\/2019\/05\/estilop_strip_382667_0_full.jpg 1180w&#8221; sizes=&#8221;(max-width: 378px) 100vw, 378px&#8221;\/><\/a><\/p>\n<p class=\"wp-caption-text\">Na sequ\u00eancia: Kai Schoppen, Ana Paula, Eduardo Terra e Marcio Lopes<\/p>\n<\/div>\n<p>O painel destacou o panorama das transforma\u00e7\u00f5es que o setor dever\u00e1 encarar no futuro \u2014 com tem\u00e1ticas como padroniza\u00e7\u00e3o, gest\u00e3o, coleta e uso de dados, automa\u00e7\u00e3o e a vis\u00e3o sobre novos canais de compra (marketplace e e-commerce) \u2014 e teve tamb\u00e9m a participa\u00e7\u00e3o de Ana Paula Maniero, gerente de Engajamento Setorial da GS1 Brasil; M\u00e1rcio Cruz Lopes, diretor de Desenvolvimento de Neg\u00f3cios do Grupo KION Dematic; Kai Philipp Schoppen, presidente da Infracommerce; e o vice-presidente da ABAD, Leonardo Severini, como anfitri\u00e3o.<\/p>&nbsp;&nbsp;\n<div id=\"attachment_27275\" class=\"wp-caption alignright\" readability=\"33\"><a href=\"http:\/\/www.cargonews.com.br\/wp-content\/uploads\/2019\/05\/estilop_strip_382667_1_full.jpg\">&#8221; wp-image-27275&#8243; src=&#8221;https:\/\/www.truckbrasil.com.br\/wp\/wp-content\/uploads\/2019\/05\/a-evolucao-dos-centros-de-distribuicao-na-era-da-digitalizacao-1.jpg&#8221; alt=&#8221;&#8221; width=&#8221;378&#8243; height=&#8221;251&#8243; srcset=&#8221;https:\/\/www.truckbrasil.com.br\/wp\/wp-content\/uploads\/2019\/05\/a-evolucao-dos-centros-de-distribuicao-na-era-da-digitalizacao-1.jpg 300w, http:\/\/www.cargonews.com.br\/wp-content\/uploads\/2019\/05\/estilop_strip_382667_1_full-768&#215;510.jpg 768w, http:\/\/www.cargonews.com.br\/wp-content\/uploads\/2019\/05\/estilop_strip_382667_1_full-1024&#215;680.jpg 1024w&#8221; sizes=&#8221;(max-width: 378px) 100vw, 378px&#8221;\/><\/a><\/p>\n<p class=\"wp-caption-text\">Marcio Lopes, diretor de Desenvolvimento de Neg\u00f3cios do Grupo KION Dematic<\/p>\n<\/div>\n<p>Em sua participa\u00e7\u00e3o, M\u00e1rcio Cruz Lopes destacou que, na evolu\u00e7\u00e3o da informa\u00e7\u00e3o digital, a automa\u00e7\u00e3o \u00e9 fundamental na otimiza\u00e7\u00e3o de processos para atacadistas e distribuidores de produtos industrializados: \u201cA atua\u00e7\u00e3o das empresas est\u00e1 interligada \u00e0 comunica\u00e7\u00e3o e tamb\u00e9m nas entregas r\u00e1pidas e sem erro. As empresas que n\u00e3o investirem no futuro da log\u00edstica estar\u00e3o atrasadas em rela\u00e7\u00e3o \u00e0 velocidade de toda essa transforma\u00e7\u00e3o. Por isso o funcionamento da movimenta\u00e7\u00e3o de material nos armaz\u00e9ns e em todo o processo de log\u00edstica possui um papel fundamental, pois se torna eminente a efici\u00eancia operacional das companhias desde o pedido at\u00e9 a entrega, no hor\u00e1rio e local corretos. Isso \u00e9 essencial no desenvolvimento empresarial\u201d.<\/p>&nbsp;&nbsp;\n<p>Durante o painel, o diretor do Grupo KION apresentou um case de uma multinacional varejista do Reino Unido com mais de 3.400 lojas, cujo CD Erith \u00e9 o maior centro distribuidor no canal de com\u00e9rcio eletr\u00f4nico do grupo: \u201cEles possuem um elevado n\u00edvel de automa\u00e7\u00e3o por meio da verticaliza\u00e7\u00e3o do estoque; processo de prepara\u00e7\u00e3o de pedidos por meio de zonas de separa\u00e7\u00e3o; esta\u00e7\u00f5es de separa\u00e7\u00e3o de produto ao homem, alinhados ao modelo de neg\u00f3cio. Por meio de uma plataforma digital e um centro de distribui\u00e7\u00e3o automatizado e conectado a esta plataforma, \u00e9 possivel realizar a prepara\u00e7\u00e3o de peditos em menos tempo, com melhor qualidade e maior efici\u00eancia\u201d.<\/p>&nbsp;&nbsp;\n<p>Segundo Lopes, a tend\u00eancia da Log\u00edstica de Distribui\u00e7\u00e3o no gerenciamento de estoque gera redu\u00e7\u00e3o na quantidade de produtos armazenados, um abastecimento necess\u00e1rio e mais tempo para ser dedicado ao atendimento e pedidos no canal digital. \u201cPara essa evolu\u00e7\u00e3o, \u00e9 importante um micro-fulfillment com softwares anal\u00edticos, intelig\u00eancia artificial e automa\u00e7\u00e3o em pequenos centros de distribui\u00e7\u00e3o urbanos. As lojas devem atuar como centros de distribui\u00e7\u00e3o, unificando opera\u00e7\u00f5es f\u00edsicas e digitais, otimizando melhor seus espa\u00e7os e reduzindo custos de entregas. Lembrando que a utiliza\u00e7\u00e3o de ve\u00edculos aut\u00f4nomos nas entregas \u00e9 uma forma de reduzir custos\u201d.<\/p>&nbsp;&nbsp;\n<p>Ele informou que o Grupo KION \u2014 com as marcas Linde, STILL e Dematic \u2014 e a \u00c1guia Sistemas est\u00e3o alinhados com a evolu\u00e7\u00e3o tecnol\u00f3gica e criam uma sinergia \u00fanica, cobrindo todas as necessidades de Intralog\u00edstica Conectada. \u201cEssa transforma\u00e7\u00e3o digital direciona as empresas para a utiliza\u00e7\u00e3o da tecnologia na busca por processos mais acertivos e lucrativos. Ela muda o conceito de gest\u00e3o, onde o uso da tecnologia \u00e9 um elemento gerador de vantagem competitiva\u201d.<\/p>&nbsp;&nbsp;\n<p>Al\u00e9m da participa\u00e7\u00e3o de Lopes no painel, a Intralog\u00edstica Conectada exp\u00f4s uma maquete de um centro de distribui\u00e7\u00e3o explorando a conectividade entre as marcas do grupo. Segundo Kareen Ratton gerente de Comunica\u00e7\u00e3o do Grupo KION a demanda pela automa\u00e7\u00e3o est\u00e1 crescendo no setor atacadista, pois \u00e9 um investimento compensador, por isso o conceito de Intralogistica Conectada est\u00e1 trazendo toda evolu\u00e7\u00e3o digital e as \u00faltimas tend\u00eancias em tecnologia para o segmento.<\/p>&nbsp;&nbsp;\n<p>Assessoria de Imprensa<\/p>\n","protected":false},"excerpt":{"rendered":"<p>Painel da Conven\u00e7\u00e3o ABAD destaca o conceito Intralog\u00edstica Conectada como fundamental na otimiza\u00e7\u00e3o de processos&#8230;<\/p>\n","protected":false},"author":1,"featured_media":0,"comment_status":"open","ping_status":"open","sticky":false,"template":"","format":"standard","meta":{"fifu_image_url":"","fifu_image_alt":"","footnotes":""},"categories":[8725],"tags":[9627],"class_list":["post-74693","post","type-post","status-publish","format-standard","hentry","category-geralmercado","tag-intralogisticanoticias","wpcat-8725-id"],"_links":{"self":[{"href":"https:\/\/verde-amarelo.net\/verdeamarelo\/wp-json\/wp\/v2\/posts\/74693","targetHints":{"allow":["GET"]}}],"collection":[{"href":"https:\/\/verde-amarelo.net\/verdeamarelo\/wp-json\/wp\/v2\/posts"}],"about":[{"href":"https:\/\/verde-amarelo.net\/verdeamarelo\/wp-json\/wp\/v2\/types\/post"}],"author":[{"embeddable":true,"href":"https:\/\/verde-amarelo.net\/verdeamarelo\/wp-json\/wp\/v2\/users\/1"}],"replies":[{"embeddable":true,"href":"https:\/\/verde-amarelo.net\/verdeamarelo\/wp-json\/wp\/v2\/comments?post=74693"}],"version-history":[{"count":0,"href":"https:\/\/verde-amarelo.net\/verdeamarelo\/wp-json\/wp\/v2\/posts\/74693\/revisions"}],"wp:attachment":[{"href":"https:\/\/verde-amarelo.net\/verdeamarelo\/wp-json\/wp\/v2\/media?parent=74693"}],"wp:term":[{"taxonomy":"category","embeddable":true,"href":"https:\/\/verde-amarelo.net\/verdeamarelo\/wp-json\/wp\/v2\/categories?post=74693"},{"taxonomy":"post_tag","embeddable":true,"href":"https:\/\/verde-amarelo.net\/verdeamarelo\/wp-json\/wp\/v2\/tags?post=74693"}],"curies":[{"name":"wp","href":"https:\/\/api.w.org\/{rel}","templated":true}]}}