{"id":74696,"date":"2019-04-29T18:24:00","date_gmt":"2019-04-29T21:24:00","guid":{"rendered":"https:\/\/verde-amarelo.net\/verdeamarelo\/2019\/04\/nissan-nissan-e-dams-compite-en-la-ciudad-de-la-luz\/"},"modified":"2019-04-29T18:24:00","modified_gmt":"2019-04-29T21:24:00","slug":"nissan-nissan-e-dams-compite-en-la-ciudad-de-la-luz","status":"publish","type":"post","link":"https:\/\/verde-amarelo.net\/verdeamarelo\/2019\/04\/nissan-nissan-e-dams-compite-en-la-ciudad-de-la-luz\/","title":{"rendered":"Nissan: Nissan e.dams compite en \u201cla Ciudad de la Luz\u201d"},"content":{"rendered":"<div><img decoding=\"async\" src=\"data:image\/gif;base64,R0lGODlhAQABAIAAAAAAAP\/\/\/ywAAAAAAQABAAACAUwAOw==\" fifu-lazy=\"1\" fifu-data-sizes=\"auto\" fifu-data-srcset=\"https:\/\/i1.wp.com\/www.truckbrasil.com.br\/wp\/wp-content\/uploads\/2019\/05\/nissan-nissan-e-dams-compite-en-la-ciudad-de-la-luz.jpg?ssl=1&w=75&resize=75&ssl=1 75w, https:\/\/i1.wp.com\/www.truckbrasil.com.br\/wp\/wp-content\/uploads\/2019\/05\/nissan-nissan-e-dams-compite-en-la-ciudad-de-la-luz.jpg?ssl=1&w=100&resize=100&ssl=1 100w, https:\/\/i1.wp.com\/www.truckbrasil.com.br\/wp\/wp-content\/uploads\/2019\/05\/nissan-nissan-e-dams-compite-en-la-ciudad-de-la-luz.jpg?ssl=1&w=150&resize=150&ssl=1 150w, https:\/\/i1.wp.com\/www.truckbrasil.com.br\/wp\/wp-content\/uploads\/2019\/05\/nissan-nissan-e-dams-compite-en-la-ciudad-de-la-luz.jpg?ssl=1&w=240&resize=240&ssl=1 240w, https:\/\/i1.wp.com\/www.truckbrasil.com.br\/wp\/wp-content\/uploads\/2019\/05\/nissan-nissan-e-dams-compite-en-la-ciudad-de-la-luz.jpg?ssl=1&w=320&resize=320&ssl=1 320w, https:\/\/i1.wp.com\/www.truckbrasil.com.br\/wp\/wp-content\/uploads\/2019\/05\/nissan-nissan-e-dams-compite-en-la-ciudad-de-la-luz.jpg?ssl=1&w=500&resize=500&ssl=1 500w, https:\/\/i1.wp.com\/www.truckbrasil.com.br\/wp\/wp-content\/uploads\/2019\/05\/nissan-nissan-e-dams-compite-en-la-ciudad-de-la-luz.jpg?ssl=1&w=640&resize=640&ssl=1 640w, https:\/\/i1.wp.com\/www.truckbrasil.com.br\/wp\/wp-content\/uploads\/2019\/05\/nissan-nissan-e-dams-compite-en-la-ciudad-de-la-luz.jpg?ssl=1&w=800&resize=800&ssl=1 800w, https:\/\/i1.wp.com\/www.truckbrasil.com.br\/wp\/wp-content\/uploads\/2019\/05\/nissan-nissan-e-dams-compite-en-la-ciudad-de-la-luz.jpg?ssl=1&w=1024&resize=1024&ssl=1 1024w, https:\/\/i1.wp.com\/www.truckbrasil.com.br\/wp\/wp-content\/uploads\/2019\/05\/nissan-nissan-e-dams-compite-en-la-ciudad-de-la-luz.jpg?ssl=1&w=1280&resize=1280&ssl=1 1280w, https:\/\/i1.wp.com\/www.truckbrasil.com.br\/wp\/wp-content\/uploads\/2019\/05\/nissan-nissan-e-dams-compite-en-la-ciudad-de-la-luz.jpg?ssl=1&w=1600&resize=1600&ssl=1 1600w\" fifu-data-src=\"https:\/\/i1.wp.com\/www.truckbrasil.com.br\/wp\/wp-content\/uploads\/2019\/05\/nissan-nissan-e-dams-compite-en-la-ciudad-de-la-luz.jpg?ssl=1\" class=\"ff-og-image-inserted\"\/><\/div>\n<p><strong>PARIS, Francia \u2013<\/strong> Nissan obtuvo su primer uno-dos en la sesi\u00f3n de clasificaci\u00f3n en las calles de Par\u00eds en el campeonato ABB FIA F\u00f3rmula E con Oliver Rowland y Sebastien Buemi.<\/p>&nbsp;&nbsp;\n<p>El piloto brit\u00e1nico Rowland se convirti\u00f3 en el primer piloto en la quinta temporada en comenzar dos carreras desde la posici\u00f3n pole. Nissan e.dams tambi\u00e9n se convirti\u00f3 en el primer equipo en iniciar tres carreras esta temporada desde el primer puesto: Buemi en Santiago y Rowland en Sanya y Par\u00eds.<\/p>&nbsp;&nbsp;\n<p>El E-Prix de Par\u00eds de hoy fue la segunda de las cinco carreras europeas que tendr\u00e1 la quinta temporada de este campeonato totalmente el\u00e9ctrico. Con el antecedente de que Nissan LEAF gan\u00f3 la corona como el veh\u00edculo el\u00e9ctrico m\u00e1s vendido de Europa en 2018, Nissan nuevamente entretuvo a los fan\u00e1ticos en el E-Village con diversas actividades.<\/p>&nbsp;&nbsp;\n<p>F\u00f3rmula E est\u00e1 siendo utilizada por Nissan para demostrar la potencia y el alto desempe\u00f1o de sus tecnolog\u00edas de veh\u00edculos el\u00e9ctricos, una parte clave de su visi\u00f3n Nissan Intelligent Mobility.<\/p>&nbsp;&nbsp;\n<p>Nissan fue el segundo equipo m\u00e1s r\u00e1pido en las dos primeras sesiones de pr\u00e1ctica: Buemi en la pr\u00e1ctica uno y Rowland en la pr\u00e1ctica dos. Ambos pilotos de Nissan ganaron su lugar en el Super Pole del grupo de clasificaci\u00f3n tres, donde fueron lo el primero y tercero m\u00e1s r\u00e1pidos.<\/p>&nbsp;&nbsp;\n<p>Despu\u00e9s de la calificaci\u00f3n de Super Pole, Rowland y Buemi fueron inicialmente el segundo y el tercero m\u00e1s r\u00e1pido antes de que el ganador de la pole fuera penalizado debido a una infracci\u00f3n t\u00e9cnica de la presi\u00f3n de los neum\u00e1ticos.<\/p>&nbsp;&nbsp;\n<p>Si bien la pr\u00e1ctica y la clasificaci\u00f3n fueron excepcionalmente buenas, despu\u00e9s de comenzar la carrera, Nissan inicialmente sostuvo el 1-2 antes de que Rowland golpeara la barrera debido a un bloqueo de freno. Fue capaz de revertir y volver a la pista y luch\u00f3 para regresar hasta la doceava posici\u00f3n en la bandera a cuadros.<\/p>&nbsp;&nbsp;\n<p># # #<\/p>\n","protected":false},"excerpt":{"rendered":"<p>PARIS, Francia \u2013 Nissan obtuvo su primer uno-dos en la sesi\u00f3n de clasificaci\u00f3n en las&#8230;<\/p>\n","protected":false},"author":1,"featured_media":0,"comment_status":"open","ping_status":"open","sticky":false,"template":"","format":"standard","meta":{"fifu_image_url":"","fifu_image_alt":"","footnotes":""},"categories":[8699],"tags":[5364],"class_list":["post-74696","post","type-post","status-publish","format-standard","hentry","category-geralcarros","tag-nissan","wpcat-8699-id"],"_links":{"self":[{"href":"https:\/\/verde-amarelo.net\/verdeamarelo\/wp-json\/wp\/v2\/posts\/74696","targetHints":{"allow":["GET"]}}],"collection":[{"href":"https:\/\/verde-amarelo.net\/verdeamarelo\/wp-json\/wp\/v2\/posts"}],"about":[{"href":"https:\/\/verde-amarelo.net\/verdeamarelo\/wp-json\/wp\/v2\/types\/post"}],"author":[{"embeddable":true,"href":"https:\/\/verde-amarelo.net\/verdeamarelo\/wp-json\/wp\/v2\/users\/1"}],"replies":[{"embeddable":true,"href":"https:\/\/verde-amarelo.net\/verdeamarelo\/wp-json\/wp\/v2\/comments?post=74696"}],"version-history":[{"count":0,"href":"https:\/\/verde-amarelo.net\/verdeamarelo\/wp-json\/wp\/v2\/posts\/74696\/revisions"}],"wp:attachment":[{"href":"https:\/\/verde-amarelo.net\/verdeamarelo\/wp-json\/wp\/v2\/media?parent=74696"}],"wp:term":[{"taxonomy":"category","embeddable":true,"href":"https:\/\/verde-amarelo.net\/verdeamarelo\/wp-json\/wp\/v2\/categories?post=74696"},{"taxonomy":"post_tag","embeddable":true,"href":"https:\/\/verde-amarelo.net\/verdeamarelo\/wp-json\/wp\/v2\/tags?post=74696"}],"curies":[{"name":"wp","href":"https:\/\/api.w.org\/{rel}","templated":true}]}}