{"id":74706,"date":"2019-05-07T10:00:30","date_gmt":"2019-05-07T13:00:30","guid":{"rendered":"https:\/\/verde-amarelo.net\/verdeamarelo\/2019\/05\/solucoes-integradas-ajudam-produtores-a-obter-safras-mais-robustas-no-tocantins\/"},"modified":"2019-05-07T10:00:30","modified_gmt":"2019-05-07T13:00:30","slug":"solucoes-integradas-ajudam-produtores-a-obter-safras-mais-robustas-no-tocantins","status":"publish","type":"post","link":"https:\/\/verde-amarelo.net\/verdeamarelo\/2019\/05\/solucoes-integradas-ajudam-produtores-a-obter-safras-mais-robustas-no-tocantins\/","title":{"rendered":"Solu\u00e7\u00f5es integradas ajudam produtores a obter safras mais robustas no Tocantins"},"content":{"rendered":"<blockquote class=\"quote_content\" readability=\"30\">\n<p><span>Melhoramento gen\u00e9tico e biotecnologia em h\u00edbridos de milho est\u00e3o entre os destaques da Agrotins<\/span><\/p>\n<\/blockquote>\n<p>Favorecido pelas condi\u00e7\u00f5es clim\u00e1ticas dos \u00faltimos meses, ap\u00f3s um plantio dentro da janela ideal, e pela tecnologia empregada no campo, o milho safrinha na regi\u00e3o de Tocantins segue com a expectativa de boa rentabilidade. Atentos \u00e0s pr\u00f3ximas safras e em busca de solu\u00e7\u00f5es que tragam mais produtividade, com estabilidade e qualidade, produtores rurais se re\u00fanem na Agrotins, de 7 a 11 de maio, em Palmas (TO).<\/p>&nbsp;&nbsp;\n<p><a href=\"http:\/\/www.cargonews.com.br\/wp-content\/uploads\/2019\/05\/imagem_release_1694453.jpg\"><img \"wp-image-27350 alignright&#8221; src=&#8221;https:\/\/www.truckbrasil.com.br\/wp\/wp-content\/uploads\/2019\/05\/solucoes-integradas-ajudam-produtores-a-obter-safras-mais-robustas-no-tocantins.jpg&#8221; alt=&#8221;&#8221; width=&#8221;444&#8243; height=&#8221;296&#8243; srcset=&#8221;https:\/\/www.truckbrasil.com.br\/wp\/wp-content\/uploads\/2019\/05\/solucoes-integradas-ajudam-produtores-a-obter-safras-mais-robustas-no-tocantins.jpg 300w, http:\/\/www.cargonews.com.br\/wp-content\/uploads\/2019\/05\/imagem_release_1694453-768&#215;513.jpg 768w, http:\/\/www.cargonews.com.br\/wp-content\/uploads\/2019\/05\/imagem_release_1694453-1024&#215;684.jpg 1024w, http:\/\/www.cargonews.com.br\/wp-content\/uploads\/2019\/05\/imagem_release_1694453.jpg 1200w&#8221; sizes=&#8221;(max-width: 444px) 100vw, 444px&#8221;\/><\/a>Na maior vitrine de agroneg\u00f3cios da regi\u00e3o Norte do Pa\u00eds, ser\u00e1 poss\u00edvel conferir o lan\u00e7amento do h\u00edbrido FS505, que traz ganho em produtividade, sanidade e alta toler\u00e2ncia ao complexo de enfezamento e virose.<\/p>&nbsp;&nbsp;\n<p>Na ocasi\u00e3o, tamb\u00e9m ganham destaque em parcelas demonstrativas o desempenho do superprecoce FS450 e do precoce FS500, de alto teto produtivo para a regi\u00e3o; do FS587, que re\u00fane rusticidade, sanidade foliar e estabilidade; e do FS533, com amplitude de plantio e dupla aptid\u00e3o, sendo ideal para gr\u00e3os e silagem de alta qualidade bromatol\u00f3gica.<\/p>&nbsp;&nbsp;\n<p>\u201cA regi\u00e3o requer h\u00edbridos responsivos \u00e0s suas caracter\u00edsticas e \u00e9 exatamente na especificidade que temos investido para atender as necessidades dos produtores, com os melhores resultados a cada safra\u201d, afirma Aldenir Sgarbossa, engenheiro agr\u00f4nomo e l\u00edder de Marketing da Forseed.<\/p>&nbsp;&nbsp;\n<p>Os materiais contam com a nova tecnologia PowerCore\u2122 Ultra que age no controle de pragas e no manejo de plantas daninhas. Todos os h\u00edbridos da Forseed t\u00eam tratamento de sementes industrial Cruiser\u00ae e Fortenza\u00aeDuo, que protege a lavoura em seus est\u00e1gios iniciais permitindo que a cultivar expresse seu m\u00e1ximo potencial de rendimento e produtividade.<\/p>&nbsp;&nbsp;\n<h3><strong>Servi\u00e7o:<\/strong><br \/><strong>Agrotins<\/strong><br \/><strong>Data:<\/strong> 7 a 11 de maio<br \/>Local: Palmas (TO)<\/h3>\n","protected":false},"excerpt":{"rendered":"<p>Melhoramento gen\u00e9tico e biotecnologia em h\u00edbridos de milho est\u00e3o entre os destaques da Agrotins Favorecido&#8230;<\/p>\n","protected":false},"author":1,"featured_media":0,"comment_status":"open","ping_status":"open","sticky":false,"template":"","format":"standard","meta":{"fifu_image_url":"","fifu_image_alt":"","footnotes":""},"categories":[8725],"tags":[9853],"class_list":["post-74706","post","type-post","status-publish","format-standard","hentry","category-geralmercado","tag-agronegocioagrotinsnoticias","wpcat-8725-id"],"_links":{"self":[{"href":"https:\/\/verde-amarelo.net\/verdeamarelo\/wp-json\/wp\/v2\/posts\/74706","targetHints":{"allow":["GET"]}}],"collection":[{"href":"https:\/\/verde-amarelo.net\/verdeamarelo\/wp-json\/wp\/v2\/posts"}],"about":[{"href":"https:\/\/verde-amarelo.net\/verdeamarelo\/wp-json\/wp\/v2\/types\/post"}],"author":[{"embeddable":true,"href":"https:\/\/verde-amarelo.net\/verdeamarelo\/wp-json\/wp\/v2\/users\/1"}],"replies":[{"embeddable":true,"href":"https:\/\/verde-amarelo.net\/verdeamarelo\/wp-json\/wp\/v2\/comments?post=74706"}],"version-history":[{"count":0,"href":"https:\/\/verde-amarelo.net\/verdeamarelo\/wp-json\/wp\/v2\/posts\/74706\/revisions"}],"wp:attachment":[{"href":"https:\/\/verde-amarelo.net\/verdeamarelo\/wp-json\/wp\/v2\/media?parent=74706"}],"wp:term":[{"taxonomy":"category","embeddable":true,"href":"https:\/\/verde-amarelo.net\/verdeamarelo\/wp-json\/wp\/v2\/categories?post=74706"},{"taxonomy":"post_tag","embeddable":true,"href":"https:\/\/verde-amarelo.net\/verdeamarelo\/wp-json\/wp\/v2\/tags?post=74706"}],"curies":[{"name":"wp","href":"https:\/\/api.w.org\/{rel}","templated":true}]}}