{"id":74932,"date":"2019-06-03T13:21:25","date_gmt":"2019-06-03T16:21:25","guid":{"rendered":"https:\/\/verde-amarelo.net\/verdeamarelo\/2019\/06\/volkswagen-caminhes-e-nibus-amplia-rede-de-concessionrias-no-chile\/"},"modified":"2019-06-03T13:21:25","modified_gmt":"2019-06-03T16:21:25","slug":"volkswagen-caminhes-e-nibus-amplia-rede-de-concessionrias-no-chile","status":"publish","type":"post","link":"https:\/\/verde-amarelo.net\/verdeamarelo\/2019\/06\/volkswagen-caminhes-e-nibus-amplia-rede-de-concessionrias-no-chile\/","title":{"rendered":"Volkswagen Caminh&otilde;es e &Ocirc;nibus amplia rede de concession&aacute;rias no Chile"},"content":{"rendered":"<p>\n  H\u00e1 tr\u00eas anos a Porsche Chile, representante oficial da VW Caminh\u00f5es e \u00d4nibus naquele pa\u00eds, deu in\u00edcio a um ciclo de investimentos e potentes a\u00e7\u00f5es para aumentar sua participa\u00e7\u00e3o no mercado, com proje\u00e7\u00e3o de crescimento baseada numa estrat\u00e9gia que marca presen\u00e7a em toda a cadeia do transporte chileno. Com lan\u00e7amentos de produtos e a abertura e renova\u00e7\u00e3o de pontos de venda e servi\u00e7os, a Porsche Chile consolidou novas casas e agora anuncia a abertura de sua 12\u00aa concession\u00e1ria em Santiago Sur, na capital chilena.<\/p>&nbsp;&nbsp;\n<p>&ldquo;Este novo local \u00e9 muito importante para n\u00f3s. N\u00e3o s\u00f3 pelo n\u00edvel do investimento, infraestrutura e tecnologia associada, mas porque nos permitir\u00e1 aumentar nossa oferta de venda e p\u00f3s-venda para um setor de alto dinamismo e demanda, como \u00e9 a Regi\u00e3o Metropolitana e seus arredores. Instalados estrategicamente, hoje continuamos apostando em nossos clientes e na excel\u00eancia de nosso suporte&rdquo;, comenta Julio Torres, gerente da marca Volkswagen Caminh\u00f5es e \u00d4nibus na Porsche Chile.  <\/p>\n<p>Esta nova sucursal foi constru\u00edda em parceria com a Salazar Israel e vem para consolidar a rela\u00e7\u00e3o entre ambas as empresas, que j\u00e1 tinham inaugurado, no ano passado, um local completamente novo na cidade de Temuco. Com mais de 5 mil metros quadrados de showroom interior e exterior, este novo local oferece servi\u00e7os de venda de caminh\u00f5es Volkswagen, servi\u00e7o t\u00e9cnico e pe\u00e7as, aumentando a capacidade de atendimento da marca.<\/p>&nbsp;&nbsp;\n<p>&ldquo;Novamente damos um grande passo, abrindo as portas de um espa\u00e7o pensado para atender \u00e0s necessidades e requerimentos de todos os nossos clientes. Temos certeza de que, assim como em Temuco, teremos \u00eaxito gra\u00e7as a uma grande infraestrutura e a um servi\u00e7o de alto n\u00edvel&rdquo;, afirma Patricio Zamar\u00edn, gerente geral da Salazar Israel Camiones.<\/p>&nbsp;&nbsp;\n<p>Esta \u00e9 a d\u00e9cima segunda inaugura\u00e7\u00e3o do plano de expans\u00e3o e renova\u00e7\u00e3o da marca Volkswagen Caminh\u00f5es e \u00d4nibus na Porsche Chile e a primeira de 2019. Junto com Iquique, Antofagasta, Copiap\u00f3, La Serena, Rancagua, Santiago Norte, Talca, Valpara\u00edso, Concepci\u00f3n, Temuco, Puerto Montt, agora se soma Santiago Sur, com uma aposta de qualidade e design alinhados aos padr\u00f5es da marca mundialmente.<\/p>&nbsp;&nbsp;\n<p>&ldquo;Nossa promessa \u00e9 estar perto de nossos clientes e poder entregar solu\u00e7\u00f5es concretas de transporte que valorizem o seu neg\u00f3cio. Com Santiago Sur aumentamos significativamente nossa capacidade instalada de oficinas e pontos de venda, e assim buscamos continuar sendo a marca mais rent\u00e1vel por quil\u00f4metro, por hora&rdquo;, finaliza Torres.<\/p>&nbsp;&nbsp;\n","protected":false},"excerpt":{"rendered":"<p>H\u00e1 tr\u00eas anos a Porsche Chile, representante oficial da VW Caminh\u00f5es e \u00d4nibus naquele pa\u00eds,&#8230;<\/p>\n","protected":false},"author":1,"featured_media":0,"comment_status":"open","ping_status":"open","sticky":false,"template":"","format":"standard","meta":{"fifu_image_url":"","fifu_image_alt":"","footnotes":""},"categories":[8427],"tags":[],"class_list":["post-74932","post","type-post","status-publish","format-standard","hentry","category-geral","wpcat-8427-id"],"_links":{"self":[{"href":"https:\/\/verde-amarelo.net\/verdeamarelo\/wp-json\/wp\/v2\/posts\/74932","targetHints":{"allow":["GET"]}}],"collection":[{"href":"https:\/\/verde-amarelo.net\/verdeamarelo\/wp-json\/wp\/v2\/posts"}],"about":[{"href":"https:\/\/verde-amarelo.net\/verdeamarelo\/wp-json\/wp\/v2\/types\/post"}],"author":[{"embeddable":true,"href":"https:\/\/verde-amarelo.net\/verdeamarelo\/wp-json\/wp\/v2\/users\/1"}],"replies":[{"embeddable":true,"href":"https:\/\/verde-amarelo.net\/verdeamarelo\/wp-json\/wp\/v2\/comments?post=74932"}],"version-history":[{"count":0,"href":"https:\/\/verde-amarelo.net\/verdeamarelo\/wp-json\/wp\/v2\/posts\/74932\/revisions"}],"wp:attachment":[{"href":"https:\/\/verde-amarelo.net\/verdeamarelo\/wp-json\/wp\/v2\/media?parent=74932"}],"wp:term":[{"taxonomy":"category","embeddable":true,"href":"https:\/\/verde-amarelo.net\/verdeamarelo\/wp-json\/wp\/v2\/categories?post=74932"},{"taxonomy":"post_tag","embeddable":true,"href":"https:\/\/verde-amarelo.net\/verdeamarelo\/wp-json\/wp\/v2\/tags?post=74932"}],"curies":[{"name":"wp","href":"https:\/\/api.w.org\/{rel}","templated":true}]}}