{"id":74935,"date":"2019-06-03T14:01:22","date_gmt":"2019-06-03T17:01:22","guid":{"rendered":"https:\/\/verde-amarelo.net\/verdeamarelo\/2019\/06\/sob-forte-chuva-monteiro-e-martins-vencem-corridas-em-londrina\/"},"modified":"2019-06-03T14:01:22","modified_gmt":"2019-06-03T17:01:22","slug":"sob-forte-chuva-monteiro-e-martins-vencem-corridas-em-londrina","status":"publish","type":"post","link":"https:\/\/verde-amarelo.net\/verdeamarelo\/2019\/06\/sob-forte-chuva-monteiro-e-martins-vencem-corridas-em-londrina\/","title":{"rendered":"Sob forte chuva, Monteiro e Martins vencem corridas em Londrina"},"content":{"rendered":"<p>\nA chuva prometida para este domingo em Londrina se confirmou e a Copa Truck disputou a terceira etapa da temporada 2019 debaixo de um dil\u00favio na Capital do Caf\u00e9. As condi\u00e7\u00f5es de pista e de visibilidade baixas proporcionaram corridas emocionantes e acidentadas, que premiaram Beto Monteiro e Renato Martins, ambos da Volkswagem, com as vit\u00f3rias nas duas provas, respectivamente.<br \/>\nMonteiro ampliou sua sequ\u00eancia de vit\u00f3rias seguidas para cinco, mas acabou privado da disputa pelo primeiro lugar na segunda por conta de um acidente com Adalberto Jardim e uma puni\u00e7\u00e3o por ter sido considerado o culpado no epis\u00f3dio. J\u00e1 Martins largou no pelot\u00e3o da frente por conta do grid invertido na corrida complementar e tirou vantagem dessa condi\u00e7\u00e3o, vencendo com facilidade.<br \/>\nAs duas provas foram bastante atribuladas, mas a primeira foi a que deu mais problemas para a turma do resgate por conta de um acidente envolvendo o piloto da casa Leandro Totti logo na primeira volta, quando tentou passar Beto Monteiro por fora na entrada da curva do Baci\u00e3o, n\u00e3o conseguiu frear e parou em cima do muro, provocando a entrada do safety car e a interven\u00e7\u00e3o da maior parte da disputa, que foi reiniciada na \u00faltima volta e viu Monteiro ser atacado ferozmente pelo atual campe\u00e3o Roberval Andrade, com Paulo Salustiano completando o p\u00f3dio.<br \/>\n&#8220;De seis corridas, ganhamos cinco, o que \u00e9 um resultado espetacular at\u00e9 agora neste ano. Pena que tivemos adversidades na corrida 2 por conta da pista molhada e acertei o Jardim por conta de uma po\u00e7a que peguei. Independente disso, estamos bem colocados no campeonato&#8221;, destaca Beto.<br \/>\nA segunda corrida teve bem mais acidentes que a primeira, mas nada que provocasse a neutraliza\u00e7\u00e3o da competi\u00e7\u00e3o. Mesmo assim muitos sa\u00edram com os equipamentos em frangalhos: Salustiano bateu seco no muro e cortou o l\u00e1bio no impacto; Wellington Cirino e Jaidson Zini tamb\u00e9m beijaram\u00a0os pneus da Curva do Baci\u00e3o, mesmo lugar onde Monteiro e Jardim se estranharam. D\u00e9bora Rodrigues (no toque entre Beto e Jardim) e Clodoaldo Monteiro (durante o acidente de Zini) tamb\u00e9m rodaram no meio da confus\u00e3o mas conseguiram desviar dos rivais e seguir na pista.<br \/>\nCom as confus\u00f5es, Andr\u00e9 Marques subiu para segundo em uma grande atua\u00e7\u00e3o, seguido de Roberval Andrade, Jardim, que sobreviveu ao seu acidente, e Luiz Carlos Zapelini, que herdou o quinto lugar com a puni\u00e7\u00e3o de 20 segundos a Beto. Debora completou a lista dos seis melhores da segunda corrida.<br \/>\n&#8220;\u00c9 minha d\u00e9cima vit\u00f3ria aqui em Londrina. N\u00e3o sou o melhor piloto na chuva, mas meu carro estava bem acertado, parou a chuva forte da primeira corrida &#8211; que atrapalhou a vis\u00e3o, pois a pista estava igual nas duas provas. Dedico essa vit\u00f3ria ao meu filho Renatinho, que pediu um p\u00f3dio e ganhou uma vit\u00f3ria&#8221;, completa Renato Martins.<br \/>\nCom os resultados, Roberval sai de Londrina na lideran\u00e7a da Segunda Cpa com 34 pontos, seguido de Renato Martins e Andr\u00e9 Marques com 32, e Beto Monteiro com 29. &#8220;A vit\u00f3ria bateu na trave em um fim de semana que achei que seria muito ruim. Nosso caminh\u00e3o estava muito r\u00e1pido na pista, tanto que marquei a melhor volta. Na segunda corrida, uma falha na eletr\u00f4nica me impediu de avan\u00e7ar, mas foi um \u00f3timo resultado para o campeonato e vamos para cima na busca pelo t\u00edtulo&#8221;, resumiu Roberval.<br \/>\nA pr\u00f3xima rodada dupla da Copa Truck acontece no dia 14 de julho em Curvelo (MG).<br \/>\nConfira abaixo os resultados completos:<br \/>\nCorrida 1:<br \/>\n1. Beto Monteiro (Volkswagen), 10 voltas em 25min13s3612. Roberval Andrade (Mercedes-Benz), a 0s1693. Paulo Salustiano (Volkswagen), a 1s6854. Andr\u00e9 Marques (Mercedes-Benz), a 3s5835. Debora Rodrigues (Mercedes-Benz), a 4s5076. Renato Martins (Volkswagen), a 5s5767. Adalberto Jardim (Ford), a 6s6108. Luiz Carlos Zapelini (MAN), a 8s8109. Regis Boessio (Volvo), a 11s35110. Fabio Carvalho (Iveco), a 12s45211. Jaidson Zini (Iveco), a 3s53112. Clodoaldo Monteiro (MAN), a 14s35813. Pedro Paulo Fernandes (Mercedes-Benz), a 16s99414. Jo\u00e3o Maistro (Volvo), a 17s62415. Luiz Lopes (Iveco), a 27s31616. Felipe Giaffone (Iveco), a 29s24017. Djalma Pivetta (Iveco), a 33s51118. Djalma Foga\u00e7a (Ford), a 1min05s12619. Jos\u00e9 Augusto Dias (Volkswagen), a 1 volta<br \/>\nN\u00e3o completaramLeandro Totti (Mercedes-Benz), a 8 voltasMaikon Lauck (Mercedes-Benz), a 8 voltasF\u00e1bio Foga\u00e7a (Ford), n\u00e3o largouWellington Cirino (Mercedes-Benz), desclassificado<br \/>\nMelhor volta: Roberval Andrade, 1min52s441<br \/>\nCorrida 2:1. Renato Martins (Volkswagen), 13 voltas em 25min13s4942. Andr\u00e9 Marques (Mercedes-Benz), a 5s7593. Roberval Andrade (Mercedes-Benz), a 7s0544. Adalberto Jardim (Ford), a 18s4135. Luiz Carlos Zapelini (MAN), a 25s1296. Debora Rodrigues (Mercedes-Benz), a 25s6887. Fabio Carvalho (Iveco), a 32s5568. Clodoaldo Monteiro (MAN), a 35s1919. Beto Monteiro (Volkswagen), a 43s61410. Luiz Lopes (Iveco), a 1min00s22111. Jaidson Zini (Iveco), a 1min02s84112. Wellington Cirino (Mercedes-Benz), a 1min46s10813. Djalma Pivetta (Iveco), a 1 volta<br \/>\nN\u00e3o completaramJo\u00e3o Maistro (Volvo), a 6 voltasPaulo Salustiano (Volkswagen), a 10 voltasRegis Boessio (Volvo), a 10 voltasDjalma Foga\u00e7a (Ford), a 11 voltasPedro Paulo Fernandes (Mercedes-Benz), a 12 voltasMaikon Lauck (Mercedes-Benz), n\u00e3o largouFabio Foga\u00e7a (Ford), n\u00e3o largouLeandro Totti (Mercedes-Benz), n\u00e3o largouJos\u00e9 Augusto Dias (Volkswagen), n\u00e3o largouFelipe Giaffone (Iveco), n\u00e3o largou<br \/>\nMelhor volta: Beto Monteiro, 1min50s014<br \/>\nClassifica\u00e7\u00e3o da Segunda Copa:<br \/>\n1. Roberval Andrade, 34 pontos2. Renato Martins e Andr\u00e9 Marques, 324. Beto Monteiro, 295. Adalberto Jardim, 256. Debora Rodrigues, 257. Luiz Carlos Zapelini, 238. Fabio Carvalho, 199. Paulo Salustiano, 1810. Clodoaldo Monteiro, 1611. Jaidson Zini, 1412. Regis Boessio e Luiz Lopes, 1114. Pedro Paulo Fernandes, 715. Jo\u00e3o Maistro, 616. Wellington Cirino, 417. Djalma Pivetta, 3Sem pontos: Djalma Foga\u00e7a, Leandro Totti, Maikon Lauck, Felipe Giaffone, Jos\u00e9 Augusto Dias e F\u00e1bio Foga\u00e7a.<br \/>\n\u00a0<br \/>\nMais not\u00edcias, resultados e classifica\u00e7\u00e3o:\u00a0www.copatruck.com.br\u00a0\u00a0<br \/>\nMais fotos para download: http:\/\/www.flickr.com\/copatruck\u00a0 \u00a0<br \/>\nFique por dentro de nossas redes sociaisInstagram:\u00a0www.instagram.com\/copatruck\u00a0\u00a0Facebook:\u00a0www.facebook.com\/copatruck\u00a0\u00a0Twitter:\u00a0www.twitter.com\/copatruck\u00a0<\/p>\n","protected":false},"excerpt":{"rendered":"<p>A chuva prometida para este domingo em Londrina se confirmou e a Copa Truck disputou&#8230;<\/p>\n","protected":false},"author":1,"featured_media":0,"comment_status":"open","ping_status":"open","sticky":false,"template":"","format":"standard","meta":{"fifu_image_url":"","fifu_image_alt":"","footnotes":""},"categories":[8427],"tags":[],"class_list":["post-74935","post","type-post","status-publish","format-standard","hentry","category-geral","wpcat-8427-id"],"_links":{"self":[{"href":"https:\/\/verde-amarelo.net\/verdeamarelo\/wp-json\/wp\/v2\/posts\/74935","targetHints":{"allow":["GET"]}}],"collection":[{"href":"https:\/\/verde-amarelo.net\/verdeamarelo\/wp-json\/wp\/v2\/posts"}],"about":[{"href":"https:\/\/verde-amarelo.net\/verdeamarelo\/wp-json\/wp\/v2\/types\/post"}],"author":[{"embeddable":true,"href":"https:\/\/verde-amarelo.net\/verdeamarelo\/wp-json\/wp\/v2\/users\/1"}],"replies":[{"embeddable":true,"href":"https:\/\/verde-amarelo.net\/verdeamarelo\/wp-json\/wp\/v2\/comments?post=74935"}],"version-history":[{"count":0,"href":"https:\/\/verde-amarelo.net\/verdeamarelo\/wp-json\/wp\/v2\/posts\/74935\/revisions"}],"wp:attachment":[{"href":"https:\/\/verde-amarelo.net\/verdeamarelo\/wp-json\/wp\/v2\/media?parent=74935"}],"wp:term":[{"taxonomy":"category","embeddable":true,"href":"https:\/\/verde-amarelo.net\/verdeamarelo\/wp-json\/wp\/v2\/categories?post=74935"},{"taxonomy":"post_tag","embeddable":true,"href":"https:\/\/verde-amarelo.net\/verdeamarelo\/wp-json\/wp\/v2\/tags?post=74935"}],"curies":[{"name":"wp","href":"https:\/\/api.w.org\/{rel}","templated":true}]}}