{"id":74938,"date":"2019-06-04T02:32:55","date_gmt":"2019-06-04T05:32:55","guid":{"rendered":"https:\/\/verde-amarelo.net\/verdeamarelo\/2019\/06\/latam-retail-show-abre-espao-para-debate-do-futuro-logstico-no-pas\/"},"modified":"2019-06-04T02:32:55","modified_gmt":"2019-06-04T05:32:55","slug":"latam-retail-show-abre-espao-para-debate-do-futuro-logstico-no-pas","status":"publish","type":"post","link":"https:\/\/verde-amarelo.net\/verdeamarelo\/2019\/06\/latam-retail-show-abre-espao-para-debate-do-futuro-logstico-no-pas\/","title":{"rendered":"LATAM Retail Show abre espa&ccedil;o para debate do futuro log&iacute;stico no pa&iacute;s"},"content":{"rendered":"<p>\nMaior e mais qualificado evento para varejo, franchising, e-commerce e shopping centers da Am\u00e9rica Latina, o LATAM Retail Show ganhar\u00e1 nesta edi\u00e7\u00e3o de 2019 uma novidade. Os visitantes encontrar\u00e3o um pavilh\u00e3o dedicado a log\u00edstica, a Logitech Varejo, com produtos, servi\u00e7os e solu\u00e7\u00f5es para desenvolver uma das \u00e1reas de maior custo para as empresas.<\/p>&nbsp;&nbsp;\n<p>Uma das grandes cr\u00edticas dos varejistas brasileiros em rela\u00e7\u00e3o \u00e0 infraestrutura do pa\u00eds est\u00e1 ligada \u00e0 log\u00edstica. Em m\u00e9dia, os custos log\u00edsticos representam 8% do faturamento bruto das empresas. Nesse contexto, a Logitech Varejo se apresenta como palco para discuss\u00e3o e apresenta\u00e7\u00e3o de solu\u00e7\u00f5es de log\u00edstica para um dos maiores mercados consumidores &#8211; varejo e e-commerce.<\/p>&nbsp;&nbsp;\n<p>Segundo Alexandre Brown, respons\u00e1vel pela \u00e1rea da expo do evento na N\u00fcrnbergMesse Brasil, a novidade representa uma oportunidade para aquisi\u00e7\u00e3o de conhecimentos e novas t\u00e9cnicas, que contribuir\u00e3o para o dia a dia do gestor de opera\u00e7\u00f5es log\u00edsticas. &#8220;As entidades que est\u00e3o conosco s\u00e3o reconhecidas por sua atua\u00e7\u00e3o para o desenvolvimento de seus nichos de mercado. Com essas solu\u00e7\u00f5es tecnol\u00f3gicas as empresas podem otimizar o trabalho da equipe e diminuir os custos&#8221;, afirma.<\/p>&nbsp;&nbsp;\n<p>Assuntos como a evolu\u00e7\u00e3o do varejo, ecossistema de neg\u00f3cios da China, omnichannel, cultura, lideran\u00e7a, inova\u00e7\u00e3o, jornada do consumidor, data analytics, mercado imobili\u00e1rio, efici\u00eancia operacional, shopping center, strip malls, estrat\u00e9gia de distribui\u00e7\u00e3o, meios de pagamento, blockchain, big data, entre outros, completar\u00e3o a experi\u00eancia do visitante.<\/p>&nbsp;&nbsp;\n<p>Este ano, o LATAM Retail Show ser\u00e1 realizado nos dias 27 a 29 de agosto, no Expo Center Norte, em S\u00e3o Paulo, e ter\u00e1 a co-realiza\u00e7\u00e3o feita pela N\u00fcrnbergMesse Brasil, uma das maiores empresas internacionais organizadoras de eventos e exposi\u00e7\u00f5es no Brasil.<\/p>&nbsp;&nbsp;\n<p>A programa\u00e7\u00e3o completa da Logitech Varejo ser\u00e1 divulgada em breve no site oficial: <a href=\"https:\/\/www.latamretailshow.com.br\/\">www.latamretailshow.com.br\/<\/a><\/p>\n<p>\nSERVI\u00c7O<\/p>\n<p>Data: 27 a 29 de agosto<\/p>\n<p>Hor\u00e1rio: 10h \u00e0s 19h<\/p>\n<p>Local: Expo Center Norte<\/p>\n<p>Website: <a href=\"http:\/\/www.latamretailshow.com.br\">www.latamretailshow.com.br<\/a><http:><\/p>\n<p>Linkedin: <a href=\"http:\/\/www.linkedin.com\/company\/gouvea-de-souza\">www.linkedin.com\/company\/gouvea-de-souza<\/a><http:><\/p>\n<p>Facebook: <a href=\"http:\/\/www.facebook.com\/GsmdGouvea\">www.facebook.com\/GsmdGouvea<\/a><http:><\/p>\n","protected":false},"excerpt":{"rendered":"<p>Maior e mais qualificado evento para varejo, franchising, e-commerce e shopping centers da Am\u00e9rica Latina,&#8230;<\/p>\n","protected":false},"author":1,"featured_media":0,"comment_status":"open","ping_status":"open","sticky":false,"template":"","format":"standard","meta":{"fifu_image_url":"","fifu_image_alt":"","footnotes":""},"categories":[8427],"tags":[],"class_list":["post-74938","post","type-post","status-publish","format-standard","hentry","category-geral","wpcat-8427-id"],"_links":{"self":[{"href":"https:\/\/verde-amarelo.net\/verdeamarelo\/wp-json\/wp\/v2\/posts\/74938","targetHints":{"allow":["GET"]}}],"collection":[{"href":"https:\/\/verde-amarelo.net\/verdeamarelo\/wp-json\/wp\/v2\/posts"}],"about":[{"href":"https:\/\/verde-amarelo.net\/verdeamarelo\/wp-json\/wp\/v2\/types\/post"}],"author":[{"embeddable":true,"href":"https:\/\/verde-amarelo.net\/verdeamarelo\/wp-json\/wp\/v2\/users\/1"}],"replies":[{"embeddable":true,"href":"https:\/\/verde-amarelo.net\/verdeamarelo\/wp-json\/wp\/v2\/comments?post=74938"}],"version-history":[{"count":0,"href":"https:\/\/verde-amarelo.net\/verdeamarelo\/wp-json\/wp\/v2\/posts\/74938\/revisions"}],"wp:attachment":[{"href":"https:\/\/verde-amarelo.net\/verdeamarelo\/wp-json\/wp\/v2\/media?parent=74938"}],"wp:term":[{"taxonomy":"category","embeddable":true,"href":"https:\/\/verde-amarelo.net\/verdeamarelo\/wp-json\/wp\/v2\/categories?post=74938"},{"taxonomy":"post_tag","embeddable":true,"href":"https:\/\/verde-amarelo.net\/verdeamarelo\/wp-json\/wp\/v2\/tags?post=74938"}],"curies":[{"name":"wp","href":"https:\/\/api.w.org\/{rel}","templated":true}]}}