{"id":74941,"date":"2019-06-03T14:31:11","date_gmt":"2019-06-03T17:31:11","guid":{"rendered":"https:\/\/verde-amarelo.net\/verdeamarelo\/2019\/06\/destaques-de-2018\/"},"modified":"2019-06-03T14:31:11","modified_gmt":"2019-06-03T17:31:11","slug":"destaques-de-2018","status":"publish","type":"post","link":"https:\/\/verde-amarelo.net\/verdeamarelo\/2019\/06\/destaques-de-2018\/","title":{"rendered":"Destaques de 2018"},"content":{"rendered":"<blockquote class=\"quote_content\" readability=\"31\">\n<p><span><strong><em>Evento homenageia importadores que apresentaram melhor desempenho em 2018 no Terminal de Cargas do Aeroporto Internacional Tom Jobim<\/em><\/strong><\/span><\/p>\n<\/blockquote>\n<div id=\"attachment_27735\" class=\"wp-caption alignleft\" readability=\"32\"><a href=\"http:\/\/www.cargonews.com.br\/wp-content\/uploads\/2019\/06\/Patrick-Fehring-na-abertura-do-evento.jpg\">&#8221; wp-image-27735&#8243; src=&#8221;https:\/\/www.truckbrasil.com.br\/wp\/wp-content\/uploads\/2019\/06\/destaques-de-2018.jpg&#8221; alt=&#8221;&#8221; width=&#8221;360&#8243; height=&#8221;240&#8243; srcset=&#8221;https:\/\/www.truckbrasil.com.br\/wp\/wp-content\/uploads\/2019\/06\/destaques-de-2018.jpg 300w, http:\/\/www.cargonews.com.br\/wp-content\/uploads\/2019\/06\/Patrick-Fehring-na-abertura-do-evento-768&#215;512.jpg 768w, http:\/\/www.cargonews.com.br\/wp-content\/uploads\/2019\/06\/Patrick-Fehring-na-abertura-do-evento-1024&#215;683.jpg 1024w, http:\/\/www.cargonews.com.br\/wp-content\/uploads\/2019\/06\/Patrick-Fehring-na-abertura-do-evento.jpg 1500w&#8221; sizes=&#8221;(max-width: 360px) 100vw, 360px&#8221;\/><\/a><\/p>\n<p class=\"wp-caption-text\">Patrick-Fehring-na-abertura-do-evento<\/p>\n<\/div>\n<p><strong><em>Rio de Janeiro, 03 de junho de 2019<\/em><\/strong>\u00a0\u2013 O RIOgale\u00e3o Cargo realizou a terceira edi\u00e7\u00e3o da premia\u00e7\u00e3o do Programa de Efici\u00eancia Log\u00edstica (PEL), que tem como objetivo destacar as empresas com melhor atua\u00e7\u00e3o e desempenho no Terminal de Cargas do Aeroporto Internacional Tom Jobim. O evento aconteceu no Museu do Amanh\u00e3, na Zona Portu\u00e1ria do Rio de Janeiro. A apresenta\u00e7\u00e3o ficou a cargo do jornalista Alex Escobar e contou com a presen\u00e7a do presidente do RIOgale\u00e3o, Luiz Rocha; do vice-presidente do RIOgale\u00e3o, Alexandre Monteiro; do diretor do RIOgale\u00e3o Cargo e anfitri\u00e3o do evento, Patrick Fehring; do secret\u00e1rio de Estado de Transportes do Rio de Janeiro, Delmo Pinho; do diretor de Rela\u00e7\u00f5es Institucionais da Firjan, Marcio Fortes; da delegada da Alf\u00e2ndega no RIOgale\u00e3o, Joana Lages; do chefe da Anvisa no RIOgale\u00e3o,<\/p>\n<div id=\"attachment_27736\" class=\"wp-caption alignright\" readability=\"33\"><a href=\"http:\/\/www.cargonews.com.br\/wp-content\/uploads\/2019\/06\/Secret%C3%A1rio-de-Transportes-Delmo-Pinho-entrega-pr%C3%AAmio-para-o-importador-mais-eficiente-do-seguimento-Equip.jpg\">&#8221; wp-image-27736&#8243; src=&#8221;https:\/\/www.truckbrasil.com.br\/wp\/wp-content\/uploads\/2019\/06\/destaques-de-2018-1.jpg&#8221; alt=&#8221;&#8221; width=&#8221;360&#8243; height=&#8221;240&#8243; srcset=&#8221;http:\/\/www.cargonews.com.br\/wp-content\/uploads\/2019\/06\/Secret&#xE1;rio-de-Transportes-Delmo-Pinho-entrega-pr&#xEA;mio-para-o-importador-mais-eficiente-do-seguimento-Equip-300&#215;200.jpg 300w, http:\/\/www.cargonews.com.br\/wp-content\/uploads\/2019\/06\/Secret&#xE1;rio-de-Transportes-Delmo-Pinho-entrega-pr&#xEA;mio-para-o-importador-mais-eficiente-do-seguimento-Equip-768&#215;512.jpg 768w, http:\/\/www.cargonews.com.br\/wp-content\/uploads\/2019\/06\/Secret&#xE1;rio-de-Transportes-Delmo-Pinho-entrega-pr&#xEA;mio-para-o-importador-mais-eficiente-do-seguimento-Equip-1024&#215;683.jpg 1024w, http:\/\/www.cargonews.com.br\/wp-content\/uploads\/2019\/06\/Secret&#xE1;rio-de-Transportes-Delmo-Pinho-entrega-pr&#xEA;mio-para-o-importador-mais-eficiente-do-seguimento-Equip.jpg 1500w&#8221; sizes=&#8221;(max-width: 360px) 100vw, 360px&#8221;\/><\/a><\/p>\n<p class=\"wp-caption-text\">Secret\u00e1rio-de-Transportes-Delmo-Pinho-entrega-pr\u00eamio-para-o-importador-mais-eficiente-do-seguimento<\/p>\n<\/div>\n<p>Norberto Campos, da presidente do Sindaerj (Sindicato dos Despachantes Aduaneiros do Rio de Janeiro), Celia Gomes, entre outras autoridades.<\/p>&nbsp;&nbsp;\n<p><strong>Durante a cerim\u00f4nia, foram premiados os importadores mais eficientes de 2018, em 11 categorias:<\/strong> Automotivo\/Transporte Rodovi\u00e1rio; T\u00eaxtil\/Moda; Tecnologia; Linha Azul; Qu\u00edmicos; Metal Mec\u00e2nico Farmac\u00eautico; Equipamentos e Instrumentos M\u00e9dicos; Transporte A\u00e9reo, Petr\u00f3leo e G\u00e1s\/Ind\u00fastria Naval; e Diversos. Tamb\u00e9m foram celebrados os destaques de seis categorias: Importador e Exportador de maior crescimento; Agente de Cargas; Despachante; Transportador Rodovi\u00e1rio e Companhia A\u00e9rea mais eficiente.<\/p>&nbsp;&nbsp;\n<p><a href=\"http:\/\/www.cargonews.com.br\/wp-content\/uploads\/2019\/06\/P%C3%BAblico-PEL.jpg\"><img \"wp-image-27737 alignright&#8221; src=&#8221;https:\/\/www.truckbrasil.com.br\/wp\/wp-content\/uploads\/2019\/06\/destaques-de-2018-2.jpg&#8221; alt=&#8221;&#8221; width=&#8221;419&#8243; height=&#8221;279&#8243; srcset=&#8221;http:\/\/www.cargonews.com.br\/wp-content\/uploads\/2019\/06\/P&#xFA;blico-PEL-300&#215;200.jpg 300w, http:\/\/www.cargonews.com.br\/wp-content\/uploads\/2019\/06\/P&#xFA;blico-PEL-768&#215;512.jpg 768w, http:\/\/www.cargonews.com.br\/wp-content\/uploads\/2019\/06\/P&#xFA;blico-PEL-1024&#215;683.jpg 1024w, http:\/\/www.cargonews.com.br\/wp-content\/uploads\/2019\/06\/P&#xFA;blico-PEL.jpg 1500w&#8221; sizes=&#8221;(max-width: 419px) 100vw, 419px&#8221;\/><\/a>\u201cA premia\u00e7\u00e3o \u00e9 uma forma de agregar valor ao cliente e desenvolver a cadeia log\u00edstica do estado do Rio de Janeiro. Juntos, estamos conseguindo reduzir, ano a ano, o tempo m\u00e9dio de libera\u00e7\u00e3o de cargas, o que significa economia de tempo e de recursos financeiros. O pr\u00eamio do Programa de Efici\u00eancia Log\u00edstica se junta a outras iniciativas que desenvolvemos, com o objetivo de estabelecer o RIOgale\u00e3o como a porta de entrada de cargas mais eficiente do Pa\u00eds. Esses avan\u00e7os s\u00e3o fruto do esfor\u00e7o coletivo da toda a cadeia log\u00edstica\u201d, afirmou Patrick Fehring.<\/p>&nbsp;&nbsp;\n<p>Nesta edi\u00e7\u00e3o, o RIOgale\u00e3o<strong>\u00a0<\/strong>tamb\u00e9m homenageou o Grupo GPS e a Tri-Star, dois parceiros que desempenham atividades de seguran\u00e7a e controle dentro do Terminal de Cargas. Esta parceria contribuiu para que o RIOgale\u00e3o Cargo conquistasse, em janeiro deste ano, a certifica\u00e7\u00e3o OEA (Operador Econ\u00f4mico Autorizado), na modalidade seguran\u00e7a, concedida pela Receita Federal do Brasil (RFB). Com essa conquista, o terminal de cargas do Aeroporto Internacional Tom Jobim passou a ser o \u00fanico entre aeroportos brasileiros a contar com o reconhecimento, o que refor\u00e7a sua import\u00e2ncia como elo da cadeia log\u00edstica, legitimando o baixo grau de risco em suas opera\u00e7\u00f5es de com\u00e9rcio exterior, em termos de seguran\u00e7a. Al\u00e9m disso, o RIOgale\u00e3o Cargo passa a ser um parceiro estrat\u00e9gico da Receita Federal do Brasil, proporcionando maior previsibilidade no fluxo do mercado internacional e consequente impuls\u00e3o em investimentos na economia brasileira.<\/p>&nbsp;&nbsp;\n<p>Outra homenageada da noite foi a empresa BRINKS, por sua opera\u00e7\u00e3o de destaque em cuidados especiais no transporte de cargas de valor elevado. A homenagem destacou a criatividade e a complexidade nas solu\u00e7\u00f5es propostas pela companhia, refor\u00e7ando e garantindo uma cadeia log\u00edstica segura.<\/p>&nbsp;&nbsp;\n<p>Encerrando a premia\u00e7\u00e3o, como forma de agradecimento e reconhecimento dos parceiros do aeroporto, o RIOgale\u00e3o Cargo sorteou uma viagem com acompanhante para assistir ao\u00a0<em>Airshow<\/em>\u00a0de\u00a0<em>Farnborough<\/em>, na Gr\u00e3-Bretanha. Importante evento internacional da ind\u00fastria aeroespacial e de defesa, o show a\u00e9reo conta com exibi\u00e7\u00f5es di\u00e1rias de voos de aeronaves comerciais, militares e hist\u00f3ricas, para potenciais clientes e investidores e p\u00fablico em geral.<\/p>&nbsp;&nbsp;\n<p><strong><em>Destaques de 2018<\/em><\/strong><\/p>\n<p>Encerrado em dezembro de 2018, o terceiro ano do Programa de Efici\u00eancia Log\u00edstica RIOgale\u00e3o Cargo contou com a participa\u00e7\u00e3o de diferentes representantes do mercado de importa\u00e7\u00e3o e exporta\u00e7\u00e3o, e suas respectivas cadeias log\u00edsticas, que atuam no terminal de cargas do RIOgale\u00e3o. Os vencedores foram definidos a partir da avalia\u00e7\u00e3o de rankings mensais de desempenho, apurados de janeiro a dezembro do ano passado. O \u00edndice levou em conta o monitoramento do tempo de perman\u00eancia da carga, desde a chegada ao terminal at\u00e9 a entrega ao representante.<\/p>&nbsp;&nbsp;\n<p>Neste \u00faltimo ano, houve novidades nos acompanhamentos e pontua\u00e7\u00e3o, como a padroniza\u00e7\u00e3o de no m\u00ednimo cinco embarques\/m\u00eas por participante, em todos os segmentos. Essa padroniza\u00e7\u00e3o aumentou 32% em m\u00e9dia o total de concorrentes, com destaque para o crescimento nos segmentos Farmac\u00eautico (+43%), Instrumentos e Equipamentos M\u00e9dicos (+53%), Transporte A\u00e9reo (+38%) e Petr\u00f3leo e G\u00e1s (+48%).<\/p>&nbsp;&nbsp;\n<p>Al\u00e9m do aumento da abrang\u00eancia do programa, o ano de 2018 marcou a redu\u00e7\u00e3o de 26% do tempo m\u00e9dio de perman\u00eancia de cargas em canal verde, para 54:09. No segmento automotivo, foi registrado benchmark de apenas 7:42, 17% menor do que o tempo m\u00ednimo registrado em 2017 neste mesmo setor. Outro destaque de 2018 foi a forte ades\u00e3o da cadeia log\u00edstica, com aumentos de participantes nas classifica\u00e7\u00f5es Agente de carga, Despachante e Transportador Rodovi\u00e1rio.<\/p>&nbsp;&nbsp;\n<p><strong><em>Novidades em 2019<\/em><\/strong><\/p>\n<p>Com o objetivo de incentivar ainda mais a busca por efici\u00eancia e a participa\u00e7\u00e3o de importadores e prestadores de servi\u00e7os do TECA, a RIOgal\u00e7e\u00e3o Cargo fez algumas mudan\u00e7as no PEL, resultando nas seguintes categorias a ser premiadas em 2019: Automotivo \/ Metal Mec\u00e2nico; Diversos; Equipamentos e Instrumentos M\u00e9dicos; Farmac\u00eautico; Linha Azul; Transporte Naval; Petr\u00f3leo e G\u00e1s \u2013 Opera\u00e7\u00f5es; Petr\u00f3leo e G\u00e1s \u2013 Servi\u00e7os; Qu\u00edmicos; Tecnologia; T\u00eaxtil \/ Moda; Transporte A\u00e9reo \/ Transporte Terrestre. Ser\u00e3o mantidos os seis destaques premiados em 2018: Melhor Importador; Melhor Exportador; Melhor Agente de Cargas; Melhor Despachante; e Melhor Transportador Rodovi\u00e1rio.<\/p>&nbsp;&nbsp;\n<p><strong><em>Confira os vencedores de 2018:<\/em><\/strong><\/p>\n<p><a href=\"http:\/\/www.cargonews.com.br\/wp-content\/uploads\/2019\/06\/Vencedores.jpg\"><img \"alignnone size-medium wp-image-27738 aligncenter&#8221; src=&#8221;https:\/\/www.truckbrasil.com.br\/wp\/wp-content\/uploads\/2019\/06\/destaques-de-2018-3.jpg&#8221; alt=&#8221;&#8221; width=&#8221;280&#8243; height=&#8221;300&#8243; srcset=&#8221;https:\/\/www.truckbrasil.com.br\/wp\/wp-content\/uploads\/2019\/06\/destaques-de-2018-3.jpg 280w, http:\/\/www.cargonews.com.br\/wp-content\/uploads\/2019\/06\/Vencedores-768&#215;823.jpg 768w, http:\/\/www.cargonews.com.br\/wp-content\/uploads\/2019\/06\/Vencedores-956&#215;1024.jpg 956w&#8221; sizes=&#8221;(max-width: 280px) 100vw, 280px&#8221;\/><\/a><\/p>\n<p><strong><em>obre o Programa de Efici\u00eancia Log\u00edstica<\/em><\/strong><\/p>\n<p>O Programa de Efici\u00eancia Log\u00edstica apoia importadores e prestadores de servi\u00e7os do Terminal de Cargas do aeroporto, para que aprimorem suas performances e utilizem o menor tempo poss\u00edvel nos processos de importa\u00e7\u00e3o. Para mais informa\u00e7\u00f5es sobre o PEL, acesse\u00a0<a href=\"https:\/\/nam05.safelinks.protection.outlook.com\/?url=http%3A%2F%2Fwww.riogaleaocargo.com%2Fprograma-de-eficiencia-logistica%2F&amp;data=02%7C01%7CBianca.Carvalho%40edelman.com%7C3b2382e60c8b428dc71e08d6e81e2370%7Cb824bfb3918e43c2bb1cdcc1ba40a82b%7C0%7C0%7C636951613542778178&amp;sdata=P6i7zaHvyzk0gOJBb6%2BDNPqFDdOJ25yI1YeW0hHYSfY%3D&amp;reserved=0\" data-saferedirecturl=\"https:\/\/www.google.com\/url?q=https:\/\/nam05.safelinks.protection.outlook.com\/?url%3Dhttp%253A%252F%252Fwww.riogaleaocargo.com%252Fprograma-de-eficiencia-logistica%252F%26data%3D02%257C01%257CBianca.Carvalho%2540edelman.com%257C3b2382e60c8b428dc71e08d6e81e2370%257Cb824bfb3918e43c2bb1cdcc1ba40a82b%257C0%257C0%257C636951613542778178%26sdata%3DP6i7zaHvyzk0gOJBb6%252BDNPqFDdOJ25yI1YeW0hHYSfY%253D%26reserved%3D0&amp;source=gmail&amp;ust=1559653341897000&amp;usg=AFQjCNEpXy4AtoeCb6tDWiB8FLg9_v6L5g\">http:\/\/www.riogaleaocargo.com\/programa-de-eficiencia-logistica\/<\/a><\/p>\n<p>Assessoria de Imprensa<\/p>\n","protected":false},"excerpt":{"rendered":"<p>Evento homenageia importadores que apresentaram melhor desempenho em 2018 no Terminal de Cargas do Aeroporto&#8230;<\/p>\n","protected":false},"author":1,"featured_media":0,"comment_status":"open","ping_status":"open","sticky":false,"template":"","format":"standard","meta":{"fifu_image_url":"","fifu_image_alt":"","footnotes":""},"categories":[8725],"tags":[9946],"class_list":["post-74941","post","type-post","status-publish","format-standard","hentry","category-geralmercado","tag-noticiasprograma-de-eficiencia-logistica-pelriogaleao-cargo","wpcat-8725-id"],"_links":{"self":[{"href":"https:\/\/verde-amarelo.net\/verdeamarelo\/wp-json\/wp\/v2\/posts\/74941","targetHints":{"allow":["GET"]}}],"collection":[{"href":"https:\/\/verde-amarelo.net\/verdeamarelo\/wp-json\/wp\/v2\/posts"}],"about":[{"href":"https:\/\/verde-amarelo.net\/verdeamarelo\/wp-json\/wp\/v2\/types\/post"}],"author":[{"embeddable":true,"href":"https:\/\/verde-amarelo.net\/verdeamarelo\/wp-json\/wp\/v2\/users\/1"}],"replies":[{"embeddable":true,"href":"https:\/\/verde-amarelo.net\/verdeamarelo\/wp-json\/wp\/v2\/comments?post=74941"}],"version-history":[{"count":0,"href":"https:\/\/verde-amarelo.net\/verdeamarelo\/wp-json\/wp\/v2\/posts\/74941\/revisions"}],"wp:attachment":[{"href":"https:\/\/verde-amarelo.net\/verdeamarelo\/wp-json\/wp\/v2\/media?parent=74941"}],"wp:term":[{"taxonomy":"category","embeddable":true,"href":"https:\/\/verde-amarelo.net\/verdeamarelo\/wp-json\/wp\/v2\/categories?post=74941"},{"taxonomy":"post_tag","embeddable":true,"href":"https:\/\/verde-amarelo.net\/verdeamarelo\/wp-json\/wp\/v2\/tags?post=74941"}],"curies":[{"name":"wp","href":"https:\/\/api.w.org\/{rel}","templated":true}]}}