{"id":74944,"date":"2019-06-04T03:26:24","date_gmt":"2019-06-04T06:26:24","guid":{"rendered":"https:\/\/verde-amarelo.net\/verdeamarelo\/2019\/06\/viao-santa-cruz-renova-frota-com-22-novos-nibus-marcopolo\/"},"modified":"2019-06-04T03:26:24","modified_gmt":"2019-06-04T06:26:24","slug":"viao-santa-cruz-renova-frota-com-22-novos-nibus-marcopolo","status":"publish","type":"post","link":"https:\/\/verde-amarelo.net\/verdeamarelo\/2019\/06\/viao-santa-cruz-renova-frota-com-22-novos-nibus-marcopolo\/","title":{"rendered":"Via&ccedil;&atilde;o Santa Cruz renova frota com 22 novos &ocirc;nibus Marcopolo"},"content":{"rendered":"<p>\nA Via\u00e7\u00e3o Santa Cruz, uma das<br \/>\nprincipais operadoras paulistas, com atua\u00e7\u00e3o tamb\u00e9m em Minas Gerais, acaba<br \/>\nde incorporar \u00e0 sua frota 22 novos \u00f4nibus Marcopolo. Do modelo Paradiso 1050<br \/>\nNew G7, os ve\u00edculos ser\u00e3o utilizados nas linhas intermunicipais (Artesp) e<br \/>\ninterestaduais (ANTT) da empresa.<\/p>&nbsp;&nbsp;\n<p>?A Santa Cruz \u00e9 cliente Marcopolo h\u00e1 mais de 40 anos e tem maioria de seus<br \/>\nve\u00edculos da nossa marca. Com programa cont\u00ednuo de renova\u00e7\u00e3o, oferece o mais<br \/>\nelevado padr\u00e3o de conforto e seguran\u00e7a para os seus passageiros?, comenta<br \/>\nRodrigo Pikussa, diretor do Neg\u00f3cio \u00d4nibus da Marcopolo.<\/p>&nbsp;&nbsp;\n<p>Os 22 Paradiso 1050 New G7 da Via\u00e7\u00e3o Santa Cruz possuem chassi Scania K360 e<br \/>\ns\u00e3o equipados com poltronas semileito, dispositivo de poltrona m\u00f3vel (DPM),<br \/>\nsanit\u00e1rio, sistema de ar-condicionado, tomadas USB individuais e itiner\u00e1rio<br \/>\neletr\u00f4nico.<\/p>&nbsp;&nbsp;\n<p>Desenvolvido para oferecer o mais elevado padr\u00e3o dispon\u00edvel no mercado de<br \/>\n\u00f4nibus rodovi\u00e1rios de curtas e m\u00e9dias dist\u00e2ncias, o Marcopolo Paradiso 1050<br \/>\nproporciona mais conforto aos usu\u00e1rios, menor custo operacional e f\u00e1cil<br \/>\nmanuten\u00e7\u00e3o, com componentes e pe\u00e7as dispon\u00edveis em toda a rede Marcopolo.<\/p>&nbsp;&nbsp;\n<p>A Via\u00e7\u00e3o Santa Cruz atua no segmento de transporte de passageiros h\u00e1 mais de<br \/>\n60 anos e est\u00e1 presente em mais de 100 cidades nos Estados de S\u00e3o Paulo e<br \/>\nMinas Gerais, atendendo as principais regi\u00f5es de S\u00e3o Paulo e Sul de Minas<br \/>\nGerais. S\u00e3o mais de 16 mil embarques di\u00e1rios, oferecendo os servi\u00e7os<br \/>\nConvencional, Executivo e Semileito, com mais de 300 partidas di\u00e1rias.<\/p>&nbsp;&nbsp;\n<p>A beleza e a sofistica\u00e7\u00e3o dos novos \u00f4nibus da Via\u00e7\u00e3o Santa Cruz foram<br \/>\nreconhecidas, em 2018, pela revista Maiores do Transporte &#038; Melhores do<br \/>\nTransporte e a empresa conquistou o primeiro lugar no 49\u00ba edi\u00e7\u00e3o do Concurso<br \/>\nde Comunica\u00e7\u00e3o Visual e Pintura de frota, promovido pela Revista Transporte<br \/>\nModerno.<\/p>&nbsp;&nbsp;\n\n","protected":false},"excerpt":{"rendered":"<p>A Via\u00e7\u00e3o Santa Cruz, uma das principais operadoras paulistas, com atua\u00e7\u00e3o tamb\u00e9m em Minas Gerais,&#8230;<\/p>\n","protected":false},"author":1,"featured_media":0,"comment_status":"open","ping_status":"open","sticky":false,"template":"","format":"standard","meta":{"fifu_image_url":"","fifu_image_alt":"","footnotes":""},"categories":[8427],"tags":[],"class_list":["post-74944","post","type-post","status-publish","format-standard","hentry","category-geral","wpcat-8427-id"],"_links":{"self":[{"href":"https:\/\/verde-amarelo.net\/verdeamarelo\/wp-json\/wp\/v2\/posts\/74944","targetHints":{"allow":["GET"]}}],"collection":[{"href":"https:\/\/verde-amarelo.net\/verdeamarelo\/wp-json\/wp\/v2\/posts"}],"about":[{"href":"https:\/\/verde-amarelo.net\/verdeamarelo\/wp-json\/wp\/v2\/types\/post"}],"author":[{"embeddable":true,"href":"https:\/\/verde-amarelo.net\/verdeamarelo\/wp-json\/wp\/v2\/users\/1"}],"replies":[{"embeddable":true,"href":"https:\/\/verde-amarelo.net\/verdeamarelo\/wp-json\/wp\/v2\/comments?post=74944"}],"version-history":[{"count":0,"href":"https:\/\/verde-amarelo.net\/verdeamarelo\/wp-json\/wp\/v2\/posts\/74944\/revisions"}],"wp:attachment":[{"href":"https:\/\/verde-amarelo.net\/verdeamarelo\/wp-json\/wp\/v2\/media?parent=74944"}],"wp:term":[{"taxonomy":"category","embeddable":true,"href":"https:\/\/verde-amarelo.net\/verdeamarelo\/wp-json\/wp\/v2\/categories?post=74944"},{"taxonomy":"post_tag","embeddable":true,"href":"https:\/\/verde-amarelo.net\/verdeamarelo\/wp-json\/wp\/v2\/tags?post=74944"}],"curies":[{"name":"wp","href":"https:\/\/api.w.org\/{rel}","templated":true}]}}