{"id":74945,"date":"2019-06-04T18:00:40","date_gmt":"2019-06-04T21:00:40","guid":{"rendered":"https:\/\/verde-amarelo.net\/verdeamarelo\/2019\/06\/brasil-aguarda-autorizacao-para-voltar-a-exportar-carne-para-a-china\/"},"modified":"2019-06-04T18:00:40","modified_gmt":"2019-06-04T21:00:40","slug":"brasil-aguarda-autorizacao-para-voltar-a-exportar-carne-para-a-china","status":"publish","type":"post","link":"https:\/\/verde-amarelo.net\/verdeamarelo\/2019\/06\/brasil-aguarda-autorizacao-para-voltar-a-exportar-carne-para-a-china\/","title":{"rendered":"Brasil aguarda autoriza\u00e7\u00e3o para voltar a exportar carne para a China"},"content":{"rendered":"<blockquote class=\"quote_content\" readability=\"30\">\n<p><span>Publicado em 04\/06\/2019 \u2013 11:36 Por Pedro Peduzzi \u2013 Rep\u00f3rter da Ag\u00eancia Brasil Bras\u00edlia<\/span><\/p>\n<\/blockquote>\n<div id=\"attachment_27749\" class=\"wp-caption alignleft\"><a href=\"http:\/\/www.cargonews.com.br\/wp-content\/uploads\/2019\/06\/carne2.jpg\">&#8221; wp-image-27749&#8243; src=&#8221;https:\/\/www.truckbrasil.com.br\/wp\/wp-content\/uploads\/2019\/06\/brasil-aguarda-autorizacao-para-voltar-a-exportar-carne-para-a-china.jpg&#8221; alt=&#8221;&#8221; width=&#8221;501&#8243; height=&#8221;334&#8243; srcset=&#8221;https:\/\/www.truckbrasil.com.br\/wp\/wp-content\/uploads\/2019\/06\/brasil-aguarda-autorizacao-para-voltar-a-exportar-carne-para-a-china.jpg 300w, http:\/\/www.cargonews.com.br\/wp-content\/uploads\/2019\/06\/carne2-768&#215;512.jpg 768w, http:\/\/www.cargonews.com.br\/wp-content\/uploads\/2019\/06\/carne2-1024&#215;683.jpg 1024w, http:\/\/www.cargonews.com.br\/wp-content\/uploads\/2019\/06\/carne2.jpg 1180w&#8221; sizes=&#8221;(max-width: 501px) 100vw, 501px&#8221;\/><\/a><\/p>\n<p class=\"wp-caption-text\">Divulga\u00e7\u00e3o\/Abiec<\/p>\n<\/div>\n<p>A ministra da Agricultura, Tereza Cristina, disse hoje (4) que o governo brasileiro j\u00e1 entregou \u00e0 Organiza\u00e7\u00e3o Internacional de Sa\u00fade Animal (OIE) os documentos necess\u00e1rios para reverter a suspens\u00e3o tempor\u00e1ria da exporta\u00e7\u00e3o de carne bovina para a China.<\/p>&nbsp;&nbsp;\n<p>A suspens\u00e3o tempor\u00e1ria de certificados sanit\u00e1rios para a exporta\u00e7\u00e3o de carne para a China foi confirmada ontem (3) pelo minist\u00e9rio, ap\u00f3s a notifica\u00e7\u00e3o de ocorr\u00eancia de um caso de mal da vaca louca (Encefalopatia Espongiforme Bovina) no Mato Grosso. A medida atende a um protocolo assinado pelos dois pa\u00edses, em 2015.<\/p>&nbsp;&nbsp;\n<p>\u201cS\u00e3o suspens\u00f5es tempor\u00e1rias, s\u00f3 para avalia\u00e7\u00e3o dos documentos entregues [pelo governo brasileiro]. A OIE [Organiza\u00e7\u00e3o Internacional de Sa\u00fade Animal] j\u00e1 terminou o processo. Abriu e fechou sem pedidos complementares. \u00c9 uma coisa absolutamente normal e estamos esperando a China nos pr\u00f3ximos dias nos pedir para retirarmos a suspens\u00e3o, que foi feita pelo Brasil\u201d, disse a ministra, hoje (4), ao chegar ao Minist\u00e9rio de Minas e Energia, onde participa da reuni\u00e3o do Conselho Nacional de Pol\u00edtica Energ\u00e9tica (CNPE).<\/p>&nbsp;&nbsp;\n<p>O registro da doen\u00e7a foi informado na \u00faltima sexta-feira (31). De acordo com a pasta, trata-se de uma ocorr\u00eancia isolada e sem risco para a popula\u00e7\u00e3o.<\/p>&nbsp;&nbsp;\n<p>Segundo a ministra, a situa\u00e7\u00e3o do com\u00e9rcio entre os dois pa\u00edses continua bem, apesar do ocorrido. \u201cN\u00e3o tem nada. \u00c9 uma coisa comum que aconteceu em v\u00e1rios pa\u00edses. Isso mostra que o servi\u00e7o de inspe\u00e7\u00e3o brasileiro continua funcionando. Dif\u00edcil seria se n\u00e3o acontecesse nunca nada\u201d.<\/p>&nbsp;&nbsp;\n<p>Tereza Cristina lembrou que no ano passado mais de 20 pa\u00edses tiveram ocorr\u00eancias como esta, que \u00e9 considerada at\u00edpica. \u201cN\u00e3o \u00e9 contagiosa e n\u00e3o tem perigo para ningu\u00e9m. \u00c9 uma coisa normal que mostra a transpar\u00eancia e a governan\u00e7a do servi\u00e7o de inspe\u00e7\u00e3o\u201d, explicou.<\/p>&nbsp;&nbsp;\n<p>\u201cO \u00fanico pa\u00eds que exige essa suspens\u00e3o tempor\u00e1ria \u00e9 a China. Vamos ent\u00e3o conversar no futuro sobre um novo protocolo\u201d, acrescentou a ministra, sem especificar a data. \u201cN\u00e3o posso dizer quando [a medida ser\u00e1 suspensa] porque o problema agora est\u00e1 com a China. N\u00e3o com o Brasil. O mais importante \u00e9 que Brasil e China fazem parte da OIE, que abriu o processo na sexta e fechou ontem, liquidando o assunto\u201d, completou.<\/p>&nbsp;&nbsp;\n<p>A doen\u00e7a<br \/>Doen\u00e7a cerebral em bovinos adultos que pode ser transmitida aos seres humanos pela ingest\u00e3o de carne contaminada, o mal da vaca louca \u00e9 causado por prote\u00ednas alteradas e n\u00e3o tem cura nem tratamento. O c\u00e9rebro das v\u00edtimas perde massa e torna-se uma esponja, com o paciente sofrendo acelerada deteriora\u00e7\u00e3o mental e entrando em coma em poucos meses. N\u00e3o existe transmiss\u00e3o de uma pessoa para outra.<\/p>&nbsp;&nbsp;\n<p>No fim dos anos 1990, alguns pa\u00edses da Europa enfrentaram um surto de casos de vaca louca por causa do consumo, por outros animais, de ra\u00e7\u00e3o processada de bovinos afetados pela doen\u00e7a.<\/p>&nbsp;&nbsp;\n<p><strong>Saiba mais<\/strong><br \/>Minist\u00e9rio da Agricultura confirma caso de vaca louca no Mato Grosso<br \/>Minist\u00e9rio suspende exporta\u00e7\u00e3o de carne bovina para a China<\/p>\n<p>Edi\u00e7\u00e3o: Fernando Fraga<\/p>\n","protected":false},"excerpt":{"rendered":"<p>Publicado em 04\/06\/2019 \u2013 11:36 Por Pedro Peduzzi \u2013 Rep\u00f3rter da Ag\u00eancia Brasil Bras\u00edlia &#8221;&#8230;<\/p>\n","protected":false},"author":1,"featured_media":0,"comment_status":"open","ping_status":"open","sticky":false,"template":"","format":"standard","meta":{"fifu_image_url":"","fifu_image_alt":"","footnotes":""},"categories":[727],"tags":[9948],"class_list":["post-74945","post","type-post","status-publish","format-standard","hentry","category-noticias","tag-economiaexportacaonoticias","wpcat-727-id"],"_links":{"self":[{"href":"https:\/\/verde-amarelo.net\/verdeamarelo\/wp-json\/wp\/v2\/posts\/74945","targetHints":{"allow":["GET"]}}],"collection":[{"href":"https:\/\/verde-amarelo.net\/verdeamarelo\/wp-json\/wp\/v2\/posts"}],"about":[{"href":"https:\/\/verde-amarelo.net\/verdeamarelo\/wp-json\/wp\/v2\/types\/post"}],"author":[{"embeddable":true,"href":"https:\/\/verde-amarelo.net\/verdeamarelo\/wp-json\/wp\/v2\/users\/1"}],"replies":[{"embeddable":true,"href":"https:\/\/verde-amarelo.net\/verdeamarelo\/wp-json\/wp\/v2\/comments?post=74945"}],"version-history":[{"count":0,"href":"https:\/\/verde-amarelo.net\/verdeamarelo\/wp-json\/wp\/v2\/posts\/74945\/revisions"}],"wp:attachment":[{"href":"https:\/\/verde-amarelo.net\/verdeamarelo\/wp-json\/wp\/v2\/media?parent=74945"}],"wp:term":[{"taxonomy":"category","embeddable":true,"href":"https:\/\/verde-amarelo.net\/verdeamarelo\/wp-json\/wp\/v2\/categories?post=74945"},{"taxonomy":"post_tag","embeddable":true,"href":"https:\/\/verde-amarelo.net\/verdeamarelo\/wp-json\/wp\/v2\/tags?post=74945"}],"curies":[{"name":"wp","href":"https:\/\/api.w.org\/{rel}","templated":true}]}}