{"id":74946,"date":"2019-06-04T17:01:17","date_gmt":"2019-06-04T20:01:17","guid":{"rendered":"https:\/\/verde-amarelo.net\/verdeamarelo\/2019\/06\/producao-industrial-cresce-03-de-marco-para-abril\/"},"modified":"2019-06-04T17:01:17","modified_gmt":"2019-06-04T20:01:17","slug":"producao-industrial-cresce-03-de-marco-para-abril","status":"publish","type":"post","link":"https:\/\/verde-amarelo.net\/verdeamarelo\/2019\/06\/producao-industrial-cresce-03-de-marco-para-abril\/","title":{"rendered":"Produ\u00e7\u00e3o industrial cresce 0,3% de mar\u00e7o para abril"},"content":{"rendered":"<blockquote class=\"quote_content\" readability=\"33\">\n<p><span>Entre as 26 atividades pesquisadas, 20 tiveram alta<\/span><\/p>\n<p><span>Publicado em 04\/06\/2019 \u2013 09:20 Por Vitor Abdala \u2013 Rep\u00f3rter da Ag\u00eancia Brasil Rio de Janeiro<\/span><\/p>\n<\/blockquote>\n<div id=\"attachment_27746\" class=\"wp-caption alignleft\" readability=\"32\"><a href=\"http:\/\/www.cargonews.com.br\/wp-content\/uploads\/2019\/06\/producao-industrial.jpg\">&#8221; wp-image-27746&#8243; src=&#8221;https:\/\/www.truckbrasil.com.br\/wp\/wp-content\/uploads\/2019\/06\/producao-industrial-cresce-03-de-marco-para-abril.jpg&#8221; alt=&#8221;&#8221; width=&#8221;380&#8243; height=&#8221;253&#8243; srcset=&#8221;https:\/\/www.truckbrasil.com.br\/wp\/wp-content\/uploads\/2019\/06\/producao-industrial-cresce-03-de-marco-para-abril.jpg 300w, http:\/\/www.cargonews.com.br\/wp-content\/uploads\/2019\/06\/producao-industrial-768&#215;512.jpg 768w, http:\/\/www.cargonews.com.br\/wp-content\/uploads\/2019\/06\/producao-industrial-1024&#215;683.jpg 1024w, http:\/\/www.cargonews.com.br\/wp-content\/uploads\/2019\/06\/producao-industrial.jpg 1140w&#8221; sizes=&#8221;(max-width: 380px) 100vw, 380px&#8221;\/><\/a><\/p>\n<p class=\"wp-caption-text\">Arquivo \u2013 Ag\u00eancia Brasil<\/p>\n<\/div>\n<p>A produ\u00e7\u00e3o industrial brasileira teve alta de 0,3% na passagem de mar\u00e7o para abril deste ano. O crescimento veio depois de uma queda de 1,4% na passagem de fevereiro para mar\u00e7o. Os dados s\u00e3o da Pesquisa Industrial Mensal, do Instituto Brasileiro de Geografia e Estat\u00edstica (IBGE), divulgada hoje (4).<\/p>&nbsp;&nbsp;\n<p>De acordo com a pesquisa, em abril, no entanto, houve quedas nos outros quatro tipos de compara\u00e7\u00e3o: -3,9% na compara\u00e7\u00e3o com abril de 2018, -0,1% na m\u00e9dia m\u00f3vel trimestral, -2,7% no acumulado do ano e de -1,1% no acumulado de 12 meses.<\/p>&nbsp;&nbsp;\n<p>Na passagem de mar\u00e7o para abril, houve alta em tr\u00eas das quatro grandes categorias econ\u00f4micas, com destaque para os bens de consumo dur\u00e1veis (3,4%). Tamb\u00e9m tiveram crescimento os bens de capital, isto \u00e9, as m\u00e1quinas e equipamentos (2,9%), e os bens de consumo semi e n\u00e3o dur\u00e1veis (2,6%).<\/p>&nbsp;&nbsp;\n<p>Por outro lado, os bens intermedi\u00e1rios, isto \u00e9, os insumos industrializados usados no setor produtivo, ca\u00edram 1,4% de mar\u00e7o para abril.<\/p>&nbsp;&nbsp;\n<p>Entre as 26 atividades industriais pesquisadas, 20 tiveram alta na produ\u00e7\u00e3o, com destaque para ve\u00edculos automotores, reboques e carrocerias (7,1%), m\u00e1quinas e equipamentos (8,3%), outros produtos qu\u00edmicos (5,2%) e produtos aliment\u00edcios (1,5%), todos revertendo as quedas registradas em mar\u00e7o.<\/p>&nbsp;&nbsp;\n<p>Das seis atividades em queda, o destaque foi para as ind\u00fastrias extrativas, que recuaram 9,7%, registrando o quarto resultado negativo do setor e acumulando perda de 25,7% no per\u00edodo.<\/p>&nbsp;&nbsp;\n<p>Edi\u00e7\u00e3o: Gra\u00e7a Adjuto<\/p>\n","protected":false},"excerpt":{"rendered":"<p>Entre as 26 atividades pesquisadas, 20 tiveram alta Publicado em 04\/06\/2019 \u2013 09:20 Por Vitor&#8230;<\/p>\n","protected":false},"author":1,"featured_media":0,"comment_status":"open","ping_status":"open","sticky":false,"template":"","format":"standard","meta":{"fifu_image_url":"","fifu_image_alt":"","footnotes":""},"categories":[727],"tags":[9519],"class_list":["post-74946","post","type-post","status-publish","format-standard","hentry","category-noticias","tag-economianoticias","wpcat-727-id"],"_links":{"self":[{"href":"https:\/\/verde-amarelo.net\/verdeamarelo\/wp-json\/wp\/v2\/posts\/74946","targetHints":{"allow":["GET"]}}],"collection":[{"href":"https:\/\/verde-amarelo.net\/verdeamarelo\/wp-json\/wp\/v2\/posts"}],"about":[{"href":"https:\/\/verde-amarelo.net\/verdeamarelo\/wp-json\/wp\/v2\/types\/post"}],"author":[{"embeddable":true,"href":"https:\/\/verde-amarelo.net\/verdeamarelo\/wp-json\/wp\/v2\/users\/1"}],"replies":[{"embeddable":true,"href":"https:\/\/verde-amarelo.net\/verdeamarelo\/wp-json\/wp\/v2\/comments?post=74946"}],"version-history":[{"count":0,"href":"https:\/\/verde-amarelo.net\/verdeamarelo\/wp-json\/wp\/v2\/posts\/74946\/revisions"}],"wp:attachment":[{"href":"https:\/\/verde-amarelo.net\/verdeamarelo\/wp-json\/wp\/v2\/media?parent=74946"}],"wp:term":[{"taxonomy":"category","embeddable":true,"href":"https:\/\/verde-amarelo.net\/verdeamarelo\/wp-json\/wp\/v2\/categories?post=74946"},{"taxonomy":"post_tag","embeddable":true,"href":"https:\/\/verde-amarelo.net\/verdeamarelo\/wp-json\/wp\/v2\/tags?post=74946"}],"curies":[{"name":"wp","href":"https:\/\/api.w.org\/{rel}","templated":true}]}}