{"id":74947,"date":"2019-06-04T18:17:34","date_gmt":"2019-06-04T21:17:34","guid":{"rendered":"https:\/\/verde-amarelo.net\/verdeamarelo\/2019\/06\/conheca-um-pouco-do-hyundai-hb20-2020-que-estreia-esse-ano-no-brasil\/"},"modified":"2019-06-04T18:17:34","modified_gmt":"2019-06-04T21:17:34","slug":"conheca-um-pouco-do-hyundai-hb20-2020-que-estreia-esse-ano-no-brasil","status":"publish","type":"post","link":"https:\/\/verde-amarelo.net\/verdeamarelo\/2019\/06\/conheca-um-pouco-do-hyundai-hb20-2020-que-estreia-esse-ano-no-brasil\/","title":{"rendered":"Conhe\u00e7a um pouco do Hyundai HB20 2020 que estreia esse ano no Brasil"},"content":{"rendered":"<div class=\"featured-area\">\n<div class=\"featured-area-inner\"><img decoding=\"async\" src=\"data:image\/gif;base64,R0lGODlhAQABAIAAAAAAAP\/\/\/ywAAAAAAQABAAACAUwAOw==\" fifu-lazy=\"1\" fifu-data-sizes=\"auto\" fifu-data-srcset=\"https:\/\/i1.wp.com\/www.carpointnews.com.br\/wp-content\/themes\/jannah\/assets\/images\/tie-empty.png?ssl=1&w=75&resize=75&ssl=1 75w, https:\/\/i1.wp.com\/www.carpointnews.com.br\/wp-content\/themes\/jannah\/assets\/images\/tie-empty.png?ssl=1&w=100&resize=100&ssl=1 100w, https:\/\/i1.wp.com\/www.carpointnews.com.br\/wp-content\/themes\/jannah\/assets\/images\/tie-empty.png?ssl=1&w=150&resize=150&ssl=1 150w, https:\/\/i1.wp.com\/www.carpointnews.com.br\/wp-content\/themes\/jannah\/assets\/images\/tie-empty.png?ssl=1&w=240&resize=240&ssl=1 240w, https:\/\/i1.wp.com\/www.carpointnews.com.br\/wp-content\/themes\/jannah\/assets\/images\/tie-empty.png?ssl=1&w=320&resize=320&ssl=1 320w, https:\/\/i1.wp.com\/www.carpointnews.com.br\/wp-content\/themes\/jannah\/assets\/images\/tie-empty.png?ssl=1&w=500&resize=500&ssl=1 500w, https:\/\/i1.wp.com\/www.carpointnews.com.br\/wp-content\/themes\/jannah\/assets\/images\/tie-empty.png?ssl=1&w=640&resize=640&ssl=1 640w, https:\/\/i1.wp.com\/www.carpointnews.com.br\/wp-content\/themes\/jannah\/assets\/images\/tie-empty.png?ssl=1&w=800&resize=800&ssl=1 800w, https:\/\/i1.wp.com\/www.carpointnews.com.br\/wp-content\/themes\/jannah\/assets\/images\/tie-empty.png?ssl=1&w=1024&resize=1024&ssl=1 1024w, https:\/\/i1.wp.com\/www.carpointnews.com.br\/wp-content\/themes\/jannah\/assets\/images\/tie-empty.png?ssl=1&w=1280&resize=1280&ssl=1 1280w, https:\/\/i1.wp.com\/www.carpointnews.com.br\/wp-content\/themes\/jannah\/assets\/images\/tie-empty.png?ssl=1&w=1600&resize=1600&ssl=1 1600w\" width=\"960\" height=\"640\" fifu-data-src=\"https:\/\/i1.wp.com\/www.carpointnews.com.br\/wp-content\/themes\/jannah\/assets\/images\/tie-empty.png?ssl=1\" class=\"attachment-full size-full lazy-img wp-post-image\" alt=\"\" data-src=\"https:\/\/www.carpointnews.com.br\/wp-content\/uploads\/2019\/06\/Novo-HB20-2020-2.jpg\"\/><\/div>\n<\/div>\n<div class=\"entry-content entry clearfix\" readability=\"56.341264446\">\n<p>O Novo HB20 aposta no equil\u00edbrio de express\u00e3o e funcionalidade, mantendo a simplicidade no design. O entre-eixos do modelo aumenta em 30 mm na nova gera\u00e7\u00e3o. Grade na dianteira vai ampliar impress\u00e3o de esportividade. O interior ganha central multim\u00eddia de 8 polegadas, controle do ar condicionado digital e distribui\u00e7\u00e3o mais horizontal e compactada, facilitando acesso aos comandos.<\/p>&nbsp;&nbsp;\n<p><a href=\"https:\/\/www.carpointnews.com.br\/importadora-traz-passat-oettinger-para-o-brasil\/novo-hb20-2020-3\/\" rel=\"attachment wp-att-72430\"><img \"alignnone size-full wp-image-72430&#8243; src=&#8221;https:\/\/www.carpointnews.com.br\/wp-content\/uploads\/2019\/06\/Novo-HB20-2020-3.jpg&#8221; alt=&#8221;&#8221; width=&#8221;960&#8243; height=&#8221;640&#8243; srcset=&#8221;https:\/\/www.carpointnews.com.br\/wp-content\/uploads\/2019\/06\/Novo-HB20-2020-3.jpg 960w, https:\/\/www.carpointnews.com.br\/wp-content\/uploads\/2019\/06\/Novo-HB20-2020-3-300&#215;200.jpg 300w, https:\/\/www.carpointnews.com.br\/wp-content\/uploads\/2019\/06\/Novo-HB20-2020-3-768&#215;512.jpg 768w, https:\/\/www.carpointnews.com.br\/wp-content\/uploads\/2019\/06\/Novo-HB20-2020-3-120&#215;80.jpg 120w&#8221; sizes=&#8221;(max-width: 960px) 100vw, 960px&#8221;\/><\/a><\/p>\n<p>A nova gera\u00e7\u00e3o incorpora a nova filosofia de design da Hyundai. O carro ganha melhorias em seguran\u00e7a, estrutura e durabilidade, al\u00e9m de maior espa\u00e7o interno. Capacidade do porta-malas tamb\u00e9m aumenta. A motoriza\u00e7\u00e3o para o lan\u00e7amento no Brasil ser\u00e1 a 1.0 litro aspirada com 80 cavalos de pot\u00eancia e a estreia da motoriza\u00e7\u00e3o 1.0 turno com inje\u00e7\u00e3o direta que produz 120 cavalos de pot\u00eancia e 17,5 kgfm de torque, dispon\u00edvel a 1.500 rpm.<\/p>&nbsp;&nbsp;\n<p><a href=\"https:\/\/www.carpointnews.com.br\/importadora-traz-passat-oettinger-para-o-brasil\/novo-hb20-2020-4\/\" rel=\"attachment wp-att-72431\"><img \"alignnone size-full wp-image-72431&#8243; src=&#8221;https:\/\/www.carpointnews.com.br\/wp-content\/uploads\/2019\/06\/Novo-HB20-2020-4.jpg&#8221; alt=&#8221;&#8221; width=&#8221;960&#8243; height=&#8221;640&#8243; srcset=&#8221;https:\/\/www.carpointnews.com.br\/wp-content\/uploads\/2019\/06\/Novo-HB20-2020-4.jpg 960w, https:\/\/www.carpointnews.com.br\/wp-content\/uploads\/2019\/06\/Novo-HB20-2020-4-300&#215;200.jpg 300w, https:\/\/www.carpointnews.com.br\/wp-content\/uploads\/2019\/06\/Novo-HB20-2020-4-768&#215;512.jpg 768w, https:\/\/www.carpointnews.com.br\/wp-content\/uploads\/2019\/06\/Novo-HB20-2020-4-120&#215;80.jpg 120w&#8221; sizes=&#8221;(max-width: 960px) 100vw, 960px&#8221;\/><\/a><\/p>\n<p>Entre os recursos de tecnologias temos alerta de colis\u00e3o dianteiro com atua\u00e7\u00e3o, sistema de manuten\u00e7\u00e3o em faixa de rolagem (s\u00f3 aviso), Smart Key e Engine start Button. De s\u00e9rie o sistema start e stop do motor Controle de tra\u00e7\u00e3o e estabilidade, sensor de press\u00e3o dos pneus e porta USB com carregamento r\u00e1pido. As configura\u00e7\u00f5es para o nosso mercado ainda v\u00e3o ser definidas pela Hyundai Motor Brasil. Nosso parceiro do site Mec\u00e2nica Online nos enviou as fotos diretamente da Coreia do Sul onde acontece a apresenta\u00e7\u00e3o oficial para alguns jornalistas.<\/p>&nbsp;&nbsp;\n<p>Fonte: http:\/\/www.mecanicaonline.com.br<\/p>\n<\/p><\/div>\n<div class=\"toggle-post-content clearfix\"><a id=\"toggle-post-button\" class=\"button\" href=\"https:\/\/www.carpointnews.com.br\/conheca-um-pouco-do-hyundai-hb20-2020-que-estreia-esse-ano-no-brasil\/#\">Mostrar mais <\/a><\/div>\n","protected":false},"excerpt":{"rendered":"<p>O Novo HB20 aposta no equil\u00edbrio de express\u00e3o e funcionalidade, mantendo a simplicidade no design&#8230;.<\/p>\n","protected":false},"author":1,"featured_media":0,"comment_status":"open","ping_status":"open","sticky":false,"template":"","format":"standard","meta":{"fifu_image_url":"","fifu_image_alt":"","footnotes":""},"categories":[8699],"tags":[9949],"class_list":["post-74947","post","type-post","status-publish","format-standard","hentry","category-geralcarros","tag-carroshyundai-hb20-2020noticias","wpcat-8699-id"],"_links":{"self":[{"href":"https:\/\/verde-amarelo.net\/verdeamarelo\/wp-json\/wp\/v2\/posts\/74947","targetHints":{"allow":["GET"]}}],"collection":[{"href":"https:\/\/verde-amarelo.net\/verdeamarelo\/wp-json\/wp\/v2\/posts"}],"about":[{"href":"https:\/\/verde-amarelo.net\/verdeamarelo\/wp-json\/wp\/v2\/types\/post"}],"author":[{"embeddable":true,"href":"https:\/\/verde-amarelo.net\/verdeamarelo\/wp-json\/wp\/v2\/users\/1"}],"replies":[{"embeddable":true,"href":"https:\/\/verde-amarelo.net\/verdeamarelo\/wp-json\/wp\/v2\/comments?post=74947"}],"version-history":[{"count":0,"href":"https:\/\/verde-amarelo.net\/verdeamarelo\/wp-json\/wp\/v2\/posts\/74947\/revisions"}],"wp:attachment":[{"href":"https:\/\/verde-amarelo.net\/verdeamarelo\/wp-json\/wp\/v2\/media?parent=74947"}],"wp:term":[{"taxonomy":"category","embeddable":true,"href":"https:\/\/verde-amarelo.net\/verdeamarelo\/wp-json\/wp\/v2\/categories?post=74947"},{"taxonomy":"post_tag","embeddable":true,"href":"https:\/\/verde-amarelo.net\/verdeamarelo\/wp-json\/wp\/v2\/tags?post=74947"}],"curies":[{"name":"wp","href":"https:\/\/api.w.org\/{rel}","templated":true}]}}