{"id":74948,"date":"2019-06-05T15:40:33","date_gmt":"2019-06-05T18:40:33","guid":{"rendered":"https:\/\/verde-amarelo.net\/verdeamarelo\/2019\/06\/loggi-quer-entregas-de-um-dia-no-brasil\/"},"modified":"2019-06-05T15:40:33","modified_gmt":"2019-06-05T18:40:33","slug":"loggi-quer-entregas-de-um-dia-no-brasil","status":"publish","type":"post","link":"https:\/\/verde-amarelo.net\/verdeamarelo\/2019\/06\/loggi-quer-entregas-de-um-dia-no-brasil\/","title":{"rendered":"Loggi quer entregas de um dia no Brasil"},"content":{"rendered":"<div><img decoding=\"async\" src=\"data:image\/gif;base64,R0lGODlhAQABAIAAAAAAAP\/\/\/ywAAAAAAQABAAACAUwAOw==\" fifu-lazy=\"1\" fifu-data-sizes=\"auto\" fifu-data-srcset=\"https:\/\/i3.wp.com\/www.truckbrasil.com.br\/wp\/wp-content\/uploads\/2019\/06\/loggi-quer-entregas-de-um-dia-no-brasil.jpg?ssl=1&w=75&resize=75&ssl=1 75w, https:\/\/i3.wp.com\/www.truckbrasil.com.br\/wp\/wp-content\/uploads\/2019\/06\/loggi-quer-entregas-de-um-dia-no-brasil.jpg?ssl=1&w=100&resize=100&ssl=1 100w, https:\/\/i3.wp.com\/www.truckbrasil.com.br\/wp\/wp-content\/uploads\/2019\/06\/loggi-quer-entregas-de-um-dia-no-brasil.jpg?ssl=1&w=150&resize=150&ssl=1 150w, https:\/\/i3.wp.com\/www.truckbrasil.com.br\/wp\/wp-content\/uploads\/2019\/06\/loggi-quer-entregas-de-um-dia-no-brasil.jpg?ssl=1&w=240&resize=240&ssl=1 240w, https:\/\/i3.wp.com\/www.truckbrasil.com.br\/wp\/wp-content\/uploads\/2019\/06\/loggi-quer-entregas-de-um-dia-no-brasil.jpg?ssl=1&w=320&resize=320&ssl=1 320w, https:\/\/i3.wp.com\/www.truckbrasil.com.br\/wp\/wp-content\/uploads\/2019\/06\/loggi-quer-entregas-de-um-dia-no-brasil.jpg?ssl=1&w=500&resize=500&ssl=1 500w, https:\/\/i3.wp.com\/www.truckbrasil.com.br\/wp\/wp-content\/uploads\/2019\/06\/loggi-quer-entregas-de-um-dia-no-brasil.jpg?ssl=1&w=640&resize=640&ssl=1 640w, https:\/\/i3.wp.com\/www.truckbrasil.com.br\/wp\/wp-content\/uploads\/2019\/06\/loggi-quer-entregas-de-um-dia-no-brasil.jpg?ssl=1&w=800&resize=800&ssl=1 800w, https:\/\/i3.wp.com\/www.truckbrasil.com.br\/wp\/wp-content\/uploads\/2019\/06\/loggi-quer-entregas-de-um-dia-no-brasil.jpg?ssl=1&w=1024&resize=1024&ssl=1 1024w, https:\/\/i3.wp.com\/www.truckbrasil.com.br\/wp\/wp-content\/uploads\/2019\/06\/loggi-quer-entregas-de-um-dia-no-brasil.jpg?ssl=1&w=1280&resize=1280&ssl=1 1280w, https:\/\/i3.wp.com\/www.truckbrasil.com.br\/wp\/wp-content\/uploads\/2019\/06\/loggi-quer-entregas-de-um-dia-no-brasil.jpg?ssl=1&w=1600&resize=1600&ssl=1 1600w\" fifu-data-src=\"https:\/\/i3.wp.com\/www.truckbrasil.com.br\/wp\/wp-content\/uploads\/2019\/06\/loggi-quer-entregas-de-um-dia-no-brasil.jpg?ssl=1\" class=\"ff-og-image-inserted\"\/><\/div>\n<p>O mais novo unic\u00f3rnio do setor de tecnologia da Am\u00e9rica Latina tem um objetivo ambicioso: entrega no dia seguinte para praticamente qualquer pessoa no Brasil. N\u00e3o ser\u00e1 tarefa f\u00e1cil no pa\u00eds com a quinta maior extens\u00e3o territorial do mundo e onde as redes de infraestrutura ficam muito aqu\u00e9m das encontradas na maioria dos pa\u00edses desenvolvidos.<br \/>A Loggi agora est\u00e1 avaliada em US$ 1 bilh\u00e3o, depois de levantar US$ 100 milh\u00f5es este m\u00eas em uma rodada de financiamento liderada pelo Vision Fund, do SoftBank Group, segundo informa\u00e7\u00f5es divulgadas pela empresa na quarta-feira.<\/p>&nbsp;&nbsp;\n<p>A inje\u00e7\u00e3o de caixa vem na esteira de um investimento de US$ 100 milh\u00f5es que o Vision Fund fez na empresa no fim do ano passado.<\/p>&nbsp;&nbsp;\n<p>A startup, fundada em 2014 para entregas de documentos na cidade de S\u00e3o Paulo, est\u00e1 usando o investimento para formar uma equipe de mais de 1.000 engenheiros enquanto monta um servi\u00e7o de log\u00edstica em todo o Brasil.<\/p>&nbsp;&nbsp;\n<p>A empresa atualmente cobre cerca de 35% da popula\u00e7\u00e3o e faz cerca de 100 mil entregas por dia para clientes, que incluem a varejista francesa Carrefour, a gigante de com\u00e9rcio eletr\u00f4nico MercadoLibre e redes de fast-food McDonald\u2019s e Burger King.<\/p>&nbsp;&nbsp;\n<p>O presidente da Loggi, Fabien Mendez, diz que a empresa planeja aumentar sua cobertura para 95% do pa\u00eds at\u00e9 o fim de 2020 e aumentar a frequ\u00eancia das entregas para cerca de 5 milh\u00f5es por dia dentro de cinco anos.<\/p>&nbsp;&nbsp;\n<p>\u201cNossa filosofia \u00e9 entregar qualquer coisa para qualquer um\u201d, disse Mendez em entrevista. \u201cAt\u00e9 o fim de 2020, queremos conectar todas as cidades brasileiras. A ideia \u00e9 oferecer entrega no dia seguinte a todos os brasileiros. \u201d<\/p>\n<p>Para isso, a Loggi ter\u00e1 que superar os desafios log\u00edsticos. O Brasil \u00e9 maior que o territ\u00f3rio continental dos EUA, mas a infraestrutura de transporte do pa\u00eds \u00e9 semelhante \u00e0 de Ruanda, segundo o F\u00f3rum Econ\u00f4mico Mundial. \u201cA \u00fanica maneira de ultrapassar as barreiras estruturais \u00e9 atrav\u00e9s do uso de tecnologia\u201d, disse Mendez.<\/p>&nbsp;&nbsp;\n<p>A empresa est\u00e1 criando uma rede de centros de distribui\u00e7\u00e3o em todo o pa\u00eds, com pequenos dep\u00f3sitos nos bairros. A Loggi utiliza muita rob\u00f3tica, intelig\u00eancia artificial e algoritmos para encontrar a rota mais eficiente ao enviar pacotes para esses centros.<\/p>&nbsp;&nbsp;\n<p>O sistema alerta um entregador aut\u00f4nomo nos arredores \u2013 cerca de 25 mil fazem entregas para a Loggi \u2013 para fazer a entrega final. O objetivo \u00e9 ter o m\u00ednimo de m\u00e3o de obra envolvida no processo, com apenas algumas m\u00e3os humanas tocando o pacote durante cada etapa da entrega, disse Mendez.<\/p>&nbsp;&nbsp;\n<p>Se conseguir estabelecer seu servi\u00e7o em todo o Brasil, a Loggi planeja expandir a opera\u00e7\u00e3o para outros mercados da Am\u00e9rica Latina, disse Mendez, de 33 anos, que cresceu em uma pequena vila no sul da Fran\u00e7a e se mudou para o Brasil em 2010.<\/p>&nbsp;&nbsp;\n<p>O executivo planeja aumentar o n\u00famero de funcion\u00e1rios dos atuais 600 para 1,5 mil. A empresa cobra uma taxa de entrega com base no peso e no destino do pacote, al\u00e9m de uma taxa de seguro. Com capital fechado, a Loggi n\u00e3o divulga dados de vendas, mas Mendez disse que espera registrar lucro no ano que vem e que a empresa teve lucro em 2017.<\/p>&nbsp;&nbsp;\n<p>Mendez afirmou que a startup n\u00e3o tem planos imediatos para realizar uma oferta p\u00fablica inicial ou buscar um parceiro. Mas \u201co plano \u00e9 fazer com que a empresa seja capaz de fazer um IPO\u201d, disse. \u201cQueremos mostrar crescimento exponencial, mas tamb\u00e9m o Ebitda para nos tornarmos atraentes para o mercado.\u201d<\/p>\n","protected":false},"excerpt":{"rendered":"<p>O mais novo unic\u00f3rnio do setor de tecnologia da Am\u00e9rica Latina tem um objetivo ambicioso:&#8230;<\/p>\n","protected":false},"author":1,"featured_media":0,"comment_status":"open","ping_status":"open","sticky":false,"template":"","format":"standard","meta":{"fifu_image_url":"","fifu_image_alt":"","footnotes":""},"categories":[727],"tags":[9950],"class_list":["post-74948","post","type-post","status-publish","format-standard","hentry","category-noticias","tag-4newsdeliveryentregasloggilogistica","wpcat-727-id"],"_links":{"self":[{"href":"https:\/\/verde-amarelo.net\/verdeamarelo\/wp-json\/wp\/v2\/posts\/74948","targetHints":{"allow":["GET"]}}],"collection":[{"href":"https:\/\/verde-amarelo.net\/verdeamarelo\/wp-json\/wp\/v2\/posts"}],"about":[{"href":"https:\/\/verde-amarelo.net\/verdeamarelo\/wp-json\/wp\/v2\/types\/post"}],"author":[{"embeddable":true,"href":"https:\/\/verde-amarelo.net\/verdeamarelo\/wp-json\/wp\/v2\/users\/1"}],"replies":[{"embeddable":true,"href":"https:\/\/verde-amarelo.net\/verdeamarelo\/wp-json\/wp\/v2\/comments?post=74948"}],"version-history":[{"count":0,"href":"https:\/\/verde-amarelo.net\/verdeamarelo\/wp-json\/wp\/v2\/posts\/74948\/revisions"}],"wp:attachment":[{"href":"https:\/\/verde-amarelo.net\/verdeamarelo\/wp-json\/wp\/v2\/media?parent=74948"}],"wp:term":[{"taxonomy":"category","embeddable":true,"href":"https:\/\/verde-amarelo.net\/verdeamarelo\/wp-json\/wp\/v2\/categories?post=74948"},{"taxonomy":"post_tag","embeddable":true,"href":"https:\/\/verde-amarelo.net\/verdeamarelo\/wp-json\/wp\/v2\/tags?post=74948"}],"curies":[{"name":"wp","href":"https:\/\/api.w.org\/{rel}","templated":true}]}}