{"id":74949,"date":"2019-06-05T11:00:36","date_gmt":"2019-06-05T14:00:36","guid":{"rendered":"https:\/\/verde-amarelo.net\/verdeamarelo\/2019\/06\/dia-mundial-do-meio-ambiente-viracopos-if-e-ceiba-entregam-area-de-cerrado-restaurada-em-mogi-guacu\/"},"modified":"2019-06-05T11:00:36","modified_gmt":"2019-06-05T14:00:36","slug":"dia-mundial-do-meio-ambiente-viracopos-if-e-ceiba-entregam-area-de-cerrado-restaurada-em-mogi-guacu","status":"publish","type":"post","link":"https:\/\/verde-amarelo.net\/verdeamarelo\/2019\/06\/dia-mundial-do-meio-ambiente-viracopos-if-e-ceiba-entregam-area-de-cerrado-restaurada-em-mogi-guacu\/","title":{"rendered":"Dia Mundial do Meio Ambiente: Viracopos, IF e Ceiba entregam \u00e1rea de cerrado restaurada em Mogi Gua\u00e7u"},"content":{"rendered":"<blockquote class=\"quote_content\" readability=\"31\">\n<p><span>Local foi recuperado com esp\u00e9cies vegetais t\u00edpicas e fica a 750 metros do Rio Mogi Gua\u00e7u; trilha ecol\u00f3gica ser\u00e1 inaugurada<\/span><\/p>\n<\/blockquote>\n<p><a href=\"http:\/\/www.cargonews.com.br\/wp-content\/uploads\/2019\/06\/bx-IMG_20190313_114156664-2.jpg\"><img \"wp-image-27752 alignleft&#8221; src=&#8221;https:\/\/www.truckbrasil.com.br\/wp\/wp-content\/uploads\/2019\/06\/dia-mundial-do-meio-ambiente-viracopos-if-e-ceiba-entregam-area-de-cerrado-restaurada-em-mogi-guacu.jpg&#8221; alt=&#8221;&#8221; width=&#8221;449&#8243; height=&#8221;253&#8243; srcset=&#8221;https:\/\/www.truckbrasil.com.br\/wp\/wp-content\/uploads\/2019\/06\/dia-mundial-do-meio-ambiente-viracopos-if-e-ceiba-entregam-area-de-cerrado-restaurada-em-mogi-guacu.jpg 300w, http:\/\/www.cargonews.com.br\/wp-content\/uploads\/2019\/06\/bx-IMG_20190313_114156664-2-768&#215;432.jpg 768w, http:\/\/www.cargonews.com.br\/wp-content\/uploads\/2019\/06\/bx-IMG_20190313_114156664-2-1024&#215;576.jpg 1024w, http:\/\/www.cargonews.com.br\/wp-content\/uploads\/2019\/06\/bx-IMG_20190313_114156664-2.jpg 1180w&#8221; sizes=&#8221;(max-width: 449px) 100vw, 449px&#8221;\/><\/a>No dia Mundial do Meio Ambiente, celebrada nesta quarta-feira, 5 de junho, uma \u00e1rea de cerrado de aproximadamente 45 campos de futebol, em Mogi Gua\u00e7u (SP), ser\u00e1 entregue ap\u00f3s ser recuperada como parte de um projeto ecol\u00f3gico realizado por meio de uma parceria entre o Aeroporto Internacional de Viracopos, o Instituto Florestal (IF), entidade ligada \u00e0 Secretaria de Infraestrutura e Meio Ambiente de SP, e a empresa CEIBA Consultoria Ambiental.<\/p>&nbsp;&nbsp;\n<p>A \u00e1rea restaurada possui 442,5 mil m2 e est\u00e1 localizada dentro da Esta\u00e7\u00e3o Experimental de Mogi Gua\u00e7u, chamada Fazenda Campininha. Dentro desse espa\u00e7o, tamb\u00e9m ser\u00e1 inaugurada no dia 5 de junho, Dia Mundial do Meio Ambiente, a Trilha das Lobeiras, que consiste em um caminho de um quil\u00f4metro que foi desenvolvido pelos t\u00e9cnicos do IF e da Ceiba, com apoio de Viracopos, para trabalhar a conscientiza\u00e7\u00e3o ambiental com as crian\u00e7as e adultos.<\/p>&nbsp;&nbsp;\n<p>A metodologia do projeto de restaura\u00e7\u00e3o envolveu o plantio de adensamento e enriquecimento associado com a condu\u00e7\u00e3o de regenera\u00e7\u00e3o natural da \u00e1rea. O projeto teve in\u00edcio em 2015, ap\u00f3s assinatura do TCRA (Termo de Compromisso de Recupera\u00e7\u00e3o Ambiental), entre Viracopos e Cetesb (Companhia Ambiental do Estado de SP) devido ao processo de licenciamento ambiental pelas obras de amplia\u00e7\u00e3o do aeroporto de Viracopos.<\/p>&nbsp;&nbsp;\n<p>As \u00e1reas est\u00e3o inseridas numa regi\u00e3o de predomin\u00e2ncia de cerrado, com presen\u00e7a de regenerantes de esp\u00e9cies caracter\u00edsticas e, em alguns pontos, apresenta uma vegeta\u00e7\u00e3o mais adensada t\u00edpicas de locais mais \u00famidos, com a presen\u00e7a de esp\u00e9cies encontradas ao longo das margens florestadas do Rio Mogi-Gua\u00e7u, que se encontra a 750 metros da \u00e1rea de plantio.<\/p>&nbsp;&nbsp;\n<p>Ap\u00f3s a sele\u00e7\u00e3o das \u00e1reas para restaura\u00e7\u00e3o, as equipes t\u00e9cnicas realizaram um sobrevoo de drone para obten\u00e7\u00e3o de imagens a\u00e9reas com o objetivo de observar os padr\u00f5es de densidade de regenerantes na \u00e1rea e documentar a evolu\u00e7\u00e3o dos locais em restaura\u00e7\u00e3o ao longo do tempo, al\u00e9m da realiza\u00e7\u00e3o de levantamento flor\u00edstico das \u00e1reas para caracterizar os tipos de vegeta\u00e7\u00e3o e embasar a escolha das esp\u00e9cies t\u00edpicas para compor o plantio.<\/p>&nbsp;&nbsp;\n<p>A estrat\u00e9gia definida para o plantio resultou num aumento da densidade de indiv\u00edduos e na diversidade de esp\u00e9cies, associadas ao controle de esp\u00e9cies invasoras e controle de formigas cortadeiras. Sem essas duas provid\u00eancias, dificilmente as mudas plantadas poderiam sobreviver e se desenvolver, segundo os respons\u00e1veis pelo projeto. Ap\u00f3s as opera\u00e7\u00f5es de replantio das diversas esp\u00e9cies foi realizado no per\u00edodo de estiagem a irriga\u00e7\u00e3o das mudas para evitar a perda por desidrata\u00e7\u00e3o.<\/p>&nbsp;&nbsp;\n<p>\u201cO ponto alto de toda essa experi\u00eancia foi o dia em que avistei um lobo guara em tr\u00e2nsito pela \u00e1rea, solto, livre e interagindo com seu pr\u00f3prio ambiente natural. Naquele momento, um epis\u00f3dio raro, tive a certeza que nosso principal objetivo havia sido atingido\u201d, disse o bi\u00f3logo e analista ambiental de Viracopos, Tiago Aranha.<\/p>&nbsp;&nbsp;\n<p>Atualmente, \u00e9 poss\u00edvel observar no local a ocorr\u00eancia de esp\u00e9cies de gram\u00edneas nativas, em especial o rabo-de-burro (Andropogon bicornis) e uma esp\u00e9cie de sap\u00ea comum em \u00e1reas de cerrado, al\u00e9m da flora\u00e7\u00e3o e frutifica\u00e7\u00e3o de diversas esp\u00e9cies atrativas \u00e0 fauna, tais como lobeiras (Solanum lycocarpum) e jurubebas (Solanum paniculatum), indai\u00e1 (Attalea geraensis), cajueiro-do-campo (Anacardium humile), gabirobas (Campomanesia sp) entre outras.<\/p>&nbsp;&nbsp;\n<p>\u201cAs \u00e1reas de cerrado s\u00e3o extremamente significativas para a manuten\u00e7\u00e3o da biodiversidade, mas a\u00e7\u00f5es pr\u00e1ticas de restaura\u00e7\u00e3o ecol\u00f3gica nesse bioma s\u00e3o relativamente mais raras. Aproveito para agradecer a toda equipe do IF, da Ceiba e de Viracopos pela parceria desenvolvida nesse trabalho\u201d, completou o analista ambiental.<\/p>&nbsp;&nbsp;\n<p>O projeto de restaura\u00e7\u00e3o da \u00e1rea tem como objetivo atender as exig\u00eancias legais previstas no Termo de Compromisso de Recupera\u00e7\u00e3o Ambiental (TCRA) N\u00b0 25919\/2015, que visa o cumprimento de condicionantes ambientais da Licen\u00e7a de Instala\u00e7\u00e3o N\u00b0 2126\/2012 e da Licen\u00e7a de Opera\u00e7\u00e3o N\u00b0 2243\/2014, bem como atender aos par\u00e2metros de recomposi\u00e7\u00e3o previstos na Resolu\u00e7\u00e3o SMA N\u00b0 32\/2014, cuja finalidade \u00e9 a restaura\u00e7\u00e3o ecol\u00f3gica de \u00e1reas degradadas.<\/p>&nbsp;&nbsp;\n<p>\u201cFinalizar esse processo com a inaugura\u00e7\u00e3o da \u2018Trilha das Lobeiras\u2019, um espa\u00e7o que ser\u00e1 utilizado para educa\u00e7\u00e3o ambiental de crian\u00e7as e adultos, contribuindo com a conscientiza\u00e7\u00e3o e conserva\u00e7\u00e3o do cerrado, \u00e9 algo que eu jamais teria imaginado quando todo esse processo se iniciou\u201d, concluiu o bi\u00f3logo de Viracopos.<\/p>&nbsp;&nbsp;\n<p>Assessoria de Imprensa<\/p>\n","protected":false},"excerpt":{"rendered":"<p>Local foi recuperado com esp\u00e9cies vegetais t\u00edpicas e fica a 750 metros do Rio Mogi&#8230;<\/p>\n","protected":false},"author":1,"featured_media":0,"comment_status":"open","ping_status":"open","sticky":false,"template":"","format":"standard","meta":{"fifu_image_url":"","fifu_image_alt":"","footnotes":""},"categories":[8725],"tags":[9947],"class_list":["post-74949","post","type-post","status-publish","format-standard","hentry","category-geralmercado","tag-meio-ambientenoticias","wpcat-8725-id"],"_links":{"self":[{"href":"https:\/\/verde-amarelo.net\/verdeamarelo\/wp-json\/wp\/v2\/posts\/74949","targetHints":{"allow":["GET"]}}],"collection":[{"href":"https:\/\/verde-amarelo.net\/verdeamarelo\/wp-json\/wp\/v2\/posts"}],"about":[{"href":"https:\/\/verde-amarelo.net\/verdeamarelo\/wp-json\/wp\/v2\/types\/post"}],"author":[{"embeddable":true,"href":"https:\/\/verde-amarelo.net\/verdeamarelo\/wp-json\/wp\/v2\/users\/1"}],"replies":[{"embeddable":true,"href":"https:\/\/verde-amarelo.net\/verdeamarelo\/wp-json\/wp\/v2\/comments?post=74949"}],"version-history":[{"count":0,"href":"https:\/\/verde-amarelo.net\/verdeamarelo\/wp-json\/wp\/v2\/posts\/74949\/revisions"}],"wp:attachment":[{"href":"https:\/\/verde-amarelo.net\/verdeamarelo\/wp-json\/wp\/v2\/media?parent=74949"}],"wp:term":[{"taxonomy":"category","embeddable":true,"href":"https:\/\/verde-amarelo.net\/verdeamarelo\/wp-json\/wp\/v2\/categories?post=74949"},{"taxonomy":"post_tag","embeddable":true,"href":"https:\/\/verde-amarelo.net\/verdeamarelo\/wp-json\/wp\/v2\/tags?post=74949"}],"curies":[{"name":"wp","href":"https:\/\/api.w.org\/{rel}","templated":true}]}}