{"id":74953,"date":"2019-06-06T02:46:24","date_gmt":"2019-06-06T05:46:24","guid":{"rendered":"https:\/\/verde-amarelo.net\/verdeamarelo\/2019\/06\/daf-caminhes-participa-da-21-transposul-em-bento-gonalves-rs\/"},"modified":"2019-06-06T02:46:24","modified_gmt":"2019-06-06T05:46:24","slug":"daf-caminhes-participa-da-21-transposul-em-bento-gonalves-rs","status":"publish","type":"post","link":"https:\/\/verde-amarelo.net\/verdeamarelo\/2019\/06\/daf-caminhes-participa-da-21-transposul-em-bento-gonalves-rs\/","title":{"rendered":"DAF Caminh&otilde;es participa da 21&ordf; TranspoSul em Bento Gon&ccedil;alves (RS)"},"content":{"rendered":"<p>\nA DAF Caminh\u00f5es Brasil, em conjunto com as concession\u00e1rias DAF Austral<br \/>\ne DAF Eldorado, participa da 21\u00aa edi\u00e7\u00e3o da TranspoSul. A maior feira de<br \/>\ntransporte e log\u00edstica do Sul do Pa\u00eds acontece entre os dias 5 e 7 de<br \/>\njunho, no Fundaparque, na cidade de Bento Gon\u00e7alves (RS). Durante o<br \/>\nevento, haver\u00e1 a exposi\u00e7\u00e3o do XF105 rodovi\u00e1rio, nas configura\u00e7\u00f5es 6&#215;2 e<br \/>\n6&#215;4.<\/p>&nbsp;&nbsp;\n<p>O extrapesado estar\u00e1 dispon\u00edvel para test-drive dos clientes, que<br \/>\ntamb\u00e9m poder\u00e3o conhecer os servi\u00e7os oferecidos em toda a Rede de<br \/>\nConcession\u00e1rias DAF, como o Cons\u00f3rcio Nacional DAF e o atendimento<br \/>\nmultimarcas, com as pe\u00e7as TRP, da PACCAR Parts.<\/p>&nbsp;&nbsp;\n<p>&#8220;\u00c9 uma honra participar de mais uma edi\u00e7\u00e3o da TranspoSul, uma excelente<br \/>\noportunidade para divulgarmos a qualidade, robustez e baixo custo<br \/>\noperacional dos caminh\u00f5es DAF. Vamos aproveitar esse momento para<br \/>\nrefor\u00e7ar nossa presen\u00e7a no Sul do Pa\u00eds, regi\u00e3o muito importante para os<br \/>\nneg\u00f3cios da DAF e com grande potencial de novos clientes&#8221;, afirma Lu\u00eds<br \/>\nGambim, Diretor Comercial da DAF Caminh\u00f5es Brasil.<\/p>&nbsp;&nbsp;\n<p>Localizada na Serra Ga\u00facha, a TranspoSul &#8211; que est\u00e1 em uma das regi\u00f5es<br \/>\nmais importantes para a DAF no Pa\u00eds &#8211; \u00e9 vitrine para milhares de<br \/>\nempres\u00e1rios, executivos e estudantes do setor, interessados em<br \/>\nnovidades tecnol\u00f3gicas nos segmentos de caminh\u00f5es, pneus,<br \/>\ndistribuidores de combust\u00edveis e implementos. Aproximadamente 12 mil<br \/>\npessoas devem visitar a feira, que tem a expectativa de gerar R$ 180<br \/>\nmilh\u00f5es em novos neg\u00f3cios.<\/p>&nbsp;&nbsp;\n<p>Conhe\u00e7a o DAF XF105<\/p>\n<p>Robusto e com excelente custo-benef\u00edcio, o XF105 \u00e9 produzido na planta<br \/>\nda DAF, em Ponta Grossa (PR). Em sua vers\u00e3o rodovi\u00e1ria, \u00e9 indicado para<br \/>\ntransporte pesado e longas dist\u00e2ncias, dispon\u00edvel com as pot\u00eancias de<br \/>\n410 cv, 460 cv e 510 cv. O extrapesado \u00e9 comercializado nas vers\u00f5es 4&#215;2<br \/>\ne 6&#215;2, com CMT de 60t, bem como na vers\u00e3o 6&#215;4 com CMT de 80 toneladas.<br \/>\nA motoriza\u00e7\u00e3o \u00e9 a PACCAR MX de 12,9 litros, com transmiss\u00e3o ZF ASTronic<br \/>\nautomatizada de 16 marchas.<\/p>&nbsp;&nbsp;\n<p>Para saber mais sobre a DAF Caminh\u00f5es Brasil, acesse o site<br \/>\n<http:> .<\/p>&nbsp;&nbsp;\n<p>Servi\u00e7o:<br \/>\n21\u00aa TranspoSul<br \/>\nData: 5 a 8 junho<br \/>\nHor\u00e1rio: das 13h \u00e0s 20h<br \/>\nLocal: Fundaparque &#8211; Pavilh\u00e3o E &#8211; Bento Gon\u00e7alves &#8211; RS<br \/>\nInforma\u00e7\u00f5es: <a href=\"http:\/\/www.transposul.com\/\">www.transposul.com\/<\/a><\/p>\n","protected":false},"excerpt":{"rendered":"<p>A DAF Caminh\u00f5es Brasil, em conjunto com as concession\u00e1rias DAF Austral e DAF Eldorado, participa&#8230;<\/p>\n","protected":false},"author":1,"featured_media":0,"comment_status":"open","ping_status":"open","sticky":false,"template":"","format":"standard","meta":{"fifu_image_url":"","fifu_image_alt":"","footnotes":""},"categories":[8427],"tags":[],"class_list":["post-74953","post","type-post","status-publish","format-standard","hentry","category-geral","wpcat-8427-id"],"_links":{"self":[{"href":"https:\/\/verde-amarelo.net\/verdeamarelo\/wp-json\/wp\/v2\/posts\/74953","targetHints":{"allow":["GET"]}}],"collection":[{"href":"https:\/\/verde-amarelo.net\/verdeamarelo\/wp-json\/wp\/v2\/posts"}],"about":[{"href":"https:\/\/verde-amarelo.net\/verdeamarelo\/wp-json\/wp\/v2\/types\/post"}],"author":[{"embeddable":true,"href":"https:\/\/verde-amarelo.net\/verdeamarelo\/wp-json\/wp\/v2\/users\/1"}],"replies":[{"embeddable":true,"href":"https:\/\/verde-amarelo.net\/verdeamarelo\/wp-json\/wp\/v2\/comments?post=74953"}],"version-history":[{"count":0,"href":"https:\/\/verde-amarelo.net\/verdeamarelo\/wp-json\/wp\/v2\/posts\/74953\/revisions"}],"wp:attachment":[{"href":"https:\/\/verde-amarelo.net\/verdeamarelo\/wp-json\/wp\/v2\/media?parent=74953"}],"wp:term":[{"taxonomy":"category","embeddable":true,"href":"https:\/\/verde-amarelo.net\/verdeamarelo\/wp-json\/wp\/v2\/categories?post=74953"},{"taxonomy":"post_tag","embeddable":true,"href":"https:\/\/verde-amarelo.net\/verdeamarelo\/wp-json\/wp\/v2\/tags?post=74953"}],"curies":[{"name":"wp","href":"https:\/\/api.w.org\/{rel}","templated":true}]}}