{"id":74956,"date":"2019-06-06T13:00:47","date_gmt":"2019-06-06T16:00:47","guid":{"rendered":"https:\/\/verde-amarelo.net\/verdeamarelo\/2019\/06\/especializacoes-voltadas-para-comunicacao-e-marketing-mostram-diversas-possibilidades-para-profissionais-da-area\/"},"modified":"2019-06-06T13:00:47","modified_gmt":"2019-06-06T16:00:47","slug":"especializacoes-voltadas-para-comunicacao-e-marketing-mostram-diversas-possibilidades-para-profissionais-da-area","status":"publish","type":"post","link":"https:\/\/verde-amarelo.net\/verdeamarelo\/2019\/06\/especializacoes-voltadas-para-comunicacao-e-marketing-mostram-diversas-possibilidades-para-profissionais-da-area\/","title":{"rendered":"Especializa\u00e7\u00f5es voltadas para Comunica\u00e7\u00e3o e Marketing mostram diversas possibilidades para profissionais da \u00e1rea"},"content":{"rendered":"<p><a href=\"http:\/\/www.cargonews.com.br\/wp-content\/uploads\/2019\/06\/unnamed-63.jpg\"><img \"wp-image-27772 alignleft&#8221; src=&#8221;https:\/\/www.truckbrasil.com.br\/wp\/wp-content\/uploads\/2019\/06\/especializacoes-voltadas-para-comunicacao-e-marketing-mostram-diversas-possibilidades-para-profissionais-da-area.jpg&#8221; alt=&#8221;&#8221; width=&#8221;368&#8243; height=&#8221;245&#8243; srcset=&#8221;https:\/\/www.truckbrasil.com.br\/wp\/wp-content\/uploads\/2019\/06\/especializacoes-voltadas-para-comunicacao-e-marketing-mostram-diversas-possibilidades-para-profissionais-da-area.jpg 300w, http:\/\/www.cargonews.com.br\/wp-content\/uploads\/2019\/06\/unnamed-63-768&#215;512.jpg 768w, http:\/\/www.cargonews.com.br\/wp-content\/uploads\/2019\/06\/unnamed-63-1024&#215;682.jpg 1024w, http:\/\/www.cargonews.com.br\/wp-content\/uploads\/2019\/06\/unnamed-63.jpg 1180w&#8221; sizes=&#8221;(max-width: 368px) 100vw, 368px&#8221;\/><\/a>As mudan\u00e7as no cen\u00e1rio editorial mostram um per\u00edodo em que os profissionais de comunica\u00e7\u00e3o e marketing procuram novos nichos do mercado, como tamb\u00e9m atualiza\u00e7\u00f5es que possam complementar as experi\u00eancias adquiridas<\/p>\n<p>Junho 2019 \u2013 A Unincor elaborou novos cursos de P\u00f3s-Gradua\u00e7\u00e3o voltados para contribuir com o atual mercado de comunica\u00e7\u00e3o, marketing e especialmente o jornalismo que vem passando por grandes mudan\u00e7as. O que os profissionais dessas \u00e1reas j\u00e1 sabem \u00e9 que para manter-se bem na carreira \u00e9 preciso ter muito jogo de cintura, estar sempre atualizado com as informa\u00e7\u00f5es e tecnologias.<\/p>&nbsp;&nbsp;\n<p><strong>Como se posicionar com estrat\u00e9gias, planejamento, clareza e, acima de tudo, destaque?<\/strong><\/p>\n<p>Com a alta concorr\u00eancia, o profissional que quiser se destacar no mercado vai ter que mostrar talento, vis\u00e3o de mercado, antecipar tend\u00eancias e ser criativo em v\u00e1rias situa\u00e7\u00f5es. Com vagas dispon\u00edveis para junho, os cursos de especializa\u00e7\u00e3o da Unincor contam com matr\u00edculas a partir de R$146 e mensalidades de R$280. As inscri\u00e7\u00f5es podem ser feitas atrav\u00e9s do link: http:\/\/twixar.me\/GCGn.<\/p>&nbsp;&nbsp;\n<p><strong>Confira quais s\u00e3os os cursos:<\/strong><\/p>\n<p>Jornalismo empresarial e assessoria de imprensa<\/p>\n<p>Gest\u00e3o da inova\u00e7\u00e3o, marketing e intelig\u00eancia competitiva<\/p>\n<p>MBA em branding: comunica\u00e7\u00e3o e gest\u00e3o estrat\u00e9gica de marcas<\/p>\n<p>MBA em comunica\u00e7\u00e3o corporativa, planejamento e gest\u00e3o<\/p>\n<p>MBA em jornalismo esportivo: editoria, cobertura e comunica\u00e7\u00e3o<\/p>\n<p>MBA em marketing de varejo e gest\u00e3o de trade marketing<\/p>\n<p>MBA em marketing pol\u00edtico, comunica\u00e7\u00e3o e planejamento estrat\u00e9gico de campanhas eleitorais<\/p>\n<p>O curso de JORNALISMO EMPRESARIAL E ASSESSORIA DE IMPRENSA<br \/>tem a coordena\u00e7\u00e3o de Fabiana Cardoso dos Santos, graduada em Comunica\u00e7\u00e3o Social com bacharelado em Jornalismo e roteiro pela Universidade Anhembi Morumbi e Especializada em Jornalismo Empresarial e Assessoria de Imprensa pela Universidade Gama Filho. Atualmente \u00e9 editora-chefe freelancer da Revista Chat e integra a equipe de comunica\u00e7\u00e3o da Ag\u00eancia Fervo. Com mais de 15 anos de experi\u00eancia em assessoria de imprensa Fabiana j\u00e1 atendeu o mais diversos segmentos como, varejo, educa\u00e7\u00e3o, pet\/veterin\u00e1ria, m\u00fasica, cultura\/entretenimento, gastronomia, esportes, entre outros. Sua carreira tamb\u00e9m acumula experi\u00eancia em produ\u00e7\u00e3o executiva, focada principalmente em produ\u00e7\u00e3o de shows, festivais e grava\u00e7\u00f5es de DVD.<\/p>&nbsp;&nbsp;\n<p>Os demais cursos citados s\u00e3o coordenados por Raul Fonseca Silva. Bacharel em Desenho Industrial pela FAAP. Mestre em Comunica\u00e7\u00e3o Social pela Universidade Metodista de S\u00e3o Paulo; e fez diversos cursos de extens\u00e3o universit\u00e1ria na \u00e1rea de marketing e comunica\u00e7\u00e3o de marketing. Tem grande experi\u00eancia profissional na \u00e1rea de marketing e comunica\u00e7\u00e3o, com \u00eanfase em comunica\u00e7\u00e3o publicit\u00e1ria e comunica\u00e7\u00e3o de marketing, tendo atuado como gerente de produto em grandes empresas como Bosch, Ericsson e Editora Abril. Foi designer de produto e comunica\u00e7\u00e3o visual da Alexandre Wollner Designo e atuou como diretor de cria\u00e7\u00e3o em grandes ag\u00eancias, como Maitiry, J.W.Thompson e GFM Propeg. Foi Chefe de Departamento da Universidade S\u00e3o Judas Tadeu e Chefe de Departamento e Coordenador do Curso de Comunica\u00e7\u00e3o Social do Centro Universit\u00e1rio FIAM FAAM.<\/p>&nbsp;&nbsp;\n<p>As especializa\u00e7\u00f5es da UNINCOR s\u00e3o um modelo inovador de educa\u00e7\u00e3o a dist\u00e2ncia que oferece videoaulas pelo Ambiente Virtual de Aprendizagem (AVA) e permite que o aluno tenha flexibilidade de hor\u00e1rio com a possiblidades de assistir \u00e0s aulas quantas vezes quiser.<\/p>&nbsp;&nbsp;\n<p><strong>SERVI\u00c7OS:<\/strong><\/p>\n<p><strong>In\u00edcio dos cursos em junho<\/strong><\/p>\n<p><strong>Modalidade:<\/strong> Dist\u00e2ncia<\/p>\n<p><strong>Carga Hor\u00e1ria:<\/strong> 460h<\/p>\n<p><strong>\u00c1rea de Conhecimento:<\/strong> Comunica\u00e7\u00e3o e Marketing<\/p>\n<p><strong>Inscri\u00e7\u00f5es:<\/strong><\/p>\n<p><strong>https:<\/strong>\/\/www.posgraduacaounincor.com.br\/cursos-pos-graduacao<\/p>\n<p>Assessoria de Imprensa<\/p>\n","protected":false},"excerpt":{"rendered":"","protected":false},"author":1,"featured_media":0,"comment_status":"open","ping_status":"open","sticky":false,"template":"","format":"standard","meta":{"fifu_image_url":"","fifu_image_alt":"","footnotes":""},"categories":[8725],"tags":[9953],"class_list":["post-74956","post","type-post","status-publish","format-standard","hentry","category-geralmercado","tag-comunicacao-e-marketingnoticias","wpcat-8725-id"],"_links":{"self":[{"href":"https:\/\/verde-amarelo.net\/verdeamarelo\/wp-json\/wp\/v2\/posts\/74956","targetHints":{"allow":["GET"]}}],"collection":[{"href":"https:\/\/verde-amarelo.net\/verdeamarelo\/wp-json\/wp\/v2\/posts"}],"about":[{"href":"https:\/\/verde-amarelo.net\/verdeamarelo\/wp-json\/wp\/v2\/types\/post"}],"author":[{"embeddable":true,"href":"https:\/\/verde-amarelo.net\/verdeamarelo\/wp-json\/wp\/v2\/users\/1"}],"replies":[{"embeddable":true,"href":"https:\/\/verde-amarelo.net\/verdeamarelo\/wp-json\/wp\/v2\/comments?post=74956"}],"version-history":[{"count":0,"href":"https:\/\/verde-amarelo.net\/verdeamarelo\/wp-json\/wp\/v2\/posts\/74956\/revisions"}],"wp:attachment":[{"href":"https:\/\/verde-amarelo.net\/verdeamarelo\/wp-json\/wp\/v2\/media?parent=74956"}],"wp:term":[{"taxonomy":"category","embeddable":true,"href":"https:\/\/verde-amarelo.net\/verdeamarelo\/wp-json\/wp\/v2\/categories?post=74956"},{"taxonomy":"post_tag","embeddable":true,"href":"https:\/\/verde-amarelo.net\/verdeamarelo\/wp-json\/wp\/v2\/tags?post=74956"}],"curies":[{"name":"wp","href":"https:\/\/api.w.org\/{rel}","templated":true}]}}