{"id":74957,"date":"2019-06-05T20:15:52","date_gmt":"2019-06-05T23:15:52","guid":{"rendered":"https:\/\/verde-amarelo.net\/verdeamarelo\/2019\/06\/infraero-esta-alinhada-com-o-tema-do-dia-mundial-do-meio-ambiente-2019\/"},"modified":"2019-06-05T20:15:52","modified_gmt":"2019-06-05T23:15:52","slug":"infraero-esta-alinhada-com-o-tema-do-dia-mundial-do-meio-ambiente-2019","status":"publish","type":"post","link":"https:\/\/verde-amarelo.net\/verdeamarelo\/2019\/06\/infraero-esta-alinhada-com-o-tema-do-dia-mundial-do-meio-ambiente-2019\/","title":{"rendered":"Infraero est\u00e1 alinhada com o tema do Dia Mundial do Meio Ambiente 2019"},"content":{"rendered":"<div id=\"attachment_27764\" class=\"wp-caption alignleft\" readability=\"32\"><a href=\"http:\/\/www.cargonews.com.br\/wp-content\/uploads\/2019\/06\/Cr%C3%A9dito-Divulga%C3%A7%C3%A3o-Infraero_Aerofauna.jpg\">&#8221; wp-image-27764&#8243; src=&#8221;https:\/\/www.truckbrasil.com.br\/wp\/wp-content\/uploads\/2019\/06\/infraero-esta-alinhada-com-o-tema-do-dia-mundial-do-meio-ambiente-2019.jpg&#8221; alt=&#8221;&#8221; width=&#8221;388&#8243; height=&#8221;291&#8243; srcset=&#8221;http:\/\/www.cargonews.com.br\/wp-content\/uploads\/2019\/06\/Cr&#xE9;dito-Divulga&#xE7;&#xE3;o-Infraero_Aerofauna-300&#215;225.jpg 300w, http:\/\/www.cargonews.com.br\/wp-content\/uploads\/2019\/06\/Cr&#xE9;dito-Divulga&#xE7;&#xE3;o-Infraero_Aerofauna-768&#215;576.jpg 768w, http:\/\/www.cargonews.com.br\/wp-content\/uploads\/2019\/06\/Cr&#xE9;dito-Divulga&#xE7;&#xE3;o-Infraero_Aerofauna-1024&#215;768.jpg 1024w, http:\/\/www.cargonews.com.br\/wp-content\/uploads\/2019\/06\/Cr&#xE9;dito-Divulga&#xE7;&#xE3;o-Infraero_Aerofauna.jpg 1180w&#8221; sizes=&#8221;(max-width: 388px) 100vw, 388px&#8221;\/><\/a><\/p>\n<p class=\"wp-caption-text\">Cr\u00e9dito-Divulga\u00e7\u00e3o-Infraero_Aerofauna<\/p>\n<\/div>\n<p>A Infraero tem com um conjunto de a\u00e7\u00f5es alinhadas com o tema do Dia Mundial do Meio Ambiente das Na\u00e7\u00f5es Unidas. Dentro do lema \u201cVamos Juntos #CombaterAPolui\u00e7\u00e3odoAr\u201d, a empresa, que atua em todas as regi\u00f5es do Pa\u00eds, realiza uma s\u00e9rie de an\u00e1lises de fontes de poluentes atmosf\u00e9ricos em seus aeroportos para propor e adotar a\u00e7\u00f5es para minimizar os poss\u00edveis impactos ambientais.<\/p>&nbsp;&nbsp;\n<p>Com expertise de 46 anos na opera\u00e7\u00e3o de aeroportos de grande, m\u00e9dio e pequeno portes, a Infraero participa ativamente do desenvolvimento do transporte a\u00e9reo no Brasil, e, por consequ\u00eancia, da tem\u00e1tica ambiental associada \u00e0 opera\u00e7\u00e3o de aeroportos do pa\u00eds. Neste sentido, a empresa desenvolveu o seu Programa Emiss\u00f5es Atmosf\u00e9ricas, que abarca diversas a\u00e7\u00f5es de diagn\u00f3stico e redu\u00e7\u00e3o das emiss\u00f5es de poluentes atmosf\u00e9ricos em aeroportos. Uma das principais ferramentas s\u00e3o os Invent\u00e1rios de Poluentes Atmosf\u00e9ricos, que identificam e comparam as diferentes fontes de emiss\u00f5es nos aeroportos. Para elaborar estes estudos, a empresa re\u00fane dados operacionais de seus terminais e de concession\u00e1rios e aplica uma s\u00e9rie de modelos matem\u00e1ticos, que simulam cen\u00e1rios e avaliam os n\u00edveis de polui\u00e7\u00e3o no entorno de um aeroporto.<\/p>&nbsp;&nbsp;\n<p>Tamb\u00e9m s\u00e3o utilizados dados de ciclos de pouso e decolagem, uso de fontes estacion\u00e1rias (geradores de energia e tanques de combust\u00edvel), circula\u00e7\u00e3o de ve\u00edculos de servi\u00e7o e utiliza\u00e7\u00e3o de equipamentos de apoio em terra, bem como dados acerca do tr\u00e1fego de acesso ao aeroporto e atividades que envolvem medidas de emerg\u00eancia como os treinamentos de inc\u00eandio. Todas essas informa\u00e7\u00f5es s\u00e3o analisadas em ferramentas como o EDMS (Emissions and Dispersion Modeling System), um software de modelagem matem\u00e1tica desenvolvido pela Federal Aviation Administration (FAA) dos Estados Unidos e que tem permitido a elabora\u00e7\u00e3o diagn\u00f3sticos e planos de a\u00e7\u00e3o para a redu\u00e7\u00e3o das emiss\u00f5es de poluentes nos aeroportos do Brasil. \u201cCom essas medidas a Infraero consegue compreender os diferentes tipos de poluentes registrados nos nossos aeroportos, al\u00e9m de mapear as principais fontes emissoras. Isso nos permite adotar a\u00e7\u00f5es que correspondam \u00e0 realidade de cada aeroporto, dada a diversidade ambiental do nosso Pa\u00eds\u201d, afirma o superintendente de Meio Ambiente da Infraero, Fued Abr\u00e3o Junior.<\/p>&nbsp;&nbsp;\n<p><strong>Portf\u00f3lio<\/strong><br \/>Al\u00e9m das a\u00e7\u00f5es relacionadas \u00e0 qualidade do ar, a Infraero conta com uma s\u00e9rie de a\u00e7\u00f5es no segmento ambiental. Elas envolvem consultorias, a\u00e7\u00f5es, pareceres t\u00e9cnicos e programas nas tem\u00e1ticas energia, fauna, licenciamento ambiental, ru\u00eddo aeron\u00e1utico, solos e flora, res\u00edduos s\u00f3lidos, recursos h\u00eddricos e educa\u00e7\u00e3o ambiental. Todas as a\u00e7\u00f5es est\u00e3o alinhadas ao novo Planejamento Estrat\u00e9gico (2019-2023) da empresa, direcionado \u00e0 presta\u00e7\u00e3o de servi\u00e7os aeroportu\u00e1rios, e est\u00e3o dispon\u00edveis aos Governos Estaduais, Municipais e outros operadores de aeroportos.<\/p>&nbsp;&nbsp;\n<p>Trata-se de um trabalho desenvolvido a partir da experi\u00eancia de 46 anos em gest\u00e3o de aeroportos e que se reverte em investimentos que ajudam a preservar o meio ambiente e incentivem o uso racional dos recursos naturais nos aeroportos sob sua administra\u00e7\u00e3o. Nos \u00faltimos dois anos, por exemplo, foram desenvolvidas cerca de 1,6 mil a\u00e7\u00f5es com foco na sustentabilidade socioambiental. Um dos exemplos \u00e9 o sistema de capta\u00e7\u00e3o e reaproveitamento de \u00e1gua dos testes dos caminh\u00f5es de combate a inc\u00eandio, que devem ser realizados diariamente para assegurar que o equipamento esteja funcionando em caso de emerg\u00eancia. Com os ajustes, os testes passaram a economizar cerca de 17 mil m\u00b3 por ano, o que abasteceria cem resid\u00eancias com quatro pessoas por 12 meses.<\/p>&nbsp;&nbsp;\n<p>Outra solu\u00e7\u00e3o \u00e9 o sistema cont\u00ednuo de monitoramento de ru\u00eddo, que opera a base de energia solar e comunica\u00e7\u00e3o remota. Ele permite identificar os n\u00edveis de ru\u00eddo do ambiente e aqueles provocados pelas aeronaves, vinculando as informa\u00e7\u00f5es daquele determinado voo no momento da medi\u00e7\u00e3o, o que d\u00e1 mais precis\u00e3o a identifica\u00e7\u00e3o \u00e0s medidas que devem ser adotadas em conjunto com os operadores de aeronaves.<\/p>&nbsp;&nbsp;\n<p>Refer\u00eancia<br \/>A expertise da empresa tamb\u00e9m resultou na elabora\u00e7\u00e3o da publica\u00e7\u00e3o Aspectos Ambientais em Aeroportos. Dispon\u00edvel para download gratuito na p\u00e1gina da Infraero, ele re\u00fane 16 artigos t\u00e9cnicos publicados entre 2017 e 2018. Os textos demonstram a atua\u00e7\u00e3o da Infraero em aspectos ambientais inerentes a atividade aeroportu\u00e1ria, como Gest\u00e3o de Efluentes, Mudan\u00e7as do Clima e Resili\u00eancia Aeroportu\u00e1ria, Indicadores de Gerenciamento de Res\u00edduos S\u00f3lidos, Potencial de Redu\u00e7\u00e3o de Emiss\u00f5es Atmosf\u00e9ricas e Gerenciamento do Risco da Fauna no Entorno de Aeroportos.<\/p>&nbsp;&nbsp;\n<p>Os trabalhos que comp\u00f5em essa publica\u00e7\u00e3o s\u00e3o resultado direto da aplica\u00e7\u00e3o da Pol\u00edtica Ambiental da Infraero e de seus dez Programas Ambientais. O volume tamb\u00e9m \u00e9 uma fonte de informa\u00e7\u00e3o sobre a gest\u00e3o ambiental em aeroportos nas mais diferentes regi\u00f5es do Brasil. \u201cEsse \u00e9 um projeto que visa contribuir para o setor de transporte a\u00e9reo, dada a escassez de bibliografias nacionais relacionadas a tem\u00e1tica ambiental aplicada a aeroportos brasileiros\u201d, destacou.<\/p>&nbsp;&nbsp;\n<p>Assessoria de Imprensa<\/p>\n","protected":false},"excerpt":{"rendered":"<p>&#8221; wp-image-27764&#8243; src=&#8221;https:\/\/www.truckbrasil.com.br\/wp\/wp-content\/uploads\/2019\/06\/infraero-esta-alinhada-com-o-tema-do-dia-mundial-do-meio-ambiente-2019.jpg&#8221; alt=&#8221;&#8221; width=&#8221;388&#8243; height=&#8221;291&#8243; srcset=&#8221;http:\/\/www.cargonews.com.br\/wp-content\/uploads\/2019\/06\/Cr&#xE9;dito-Divulga&#xE7;&#xE3;o-Infraero_Aerofauna-300&#215;225.jpg 300w, http:\/\/www.cargonews.com.br\/wp-content\/uploads\/2019\/06\/Cr&#xE9;dito-Divulga&#xE7;&#xE3;o-Infraero_Aerofauna-768&#215;576.jpg 768w, http:\/\/www.cargonews.com.br\/wp-content\/uploads\/2019\/06\/Cr&#xE9;dito-Divulga&#xE7;&#xE3;o-Infraero_Aerofauna-1024&#215;768.jpg 1024w, http:\/\/www.cargonews.com.br\/wp-content\/uploads\/2019\/06\/Cr&#xE9;dito-Divulga&#xE7;&#xE3;o-Infraero_Aerofauna.jpg 1180w&#8221; sizes=&#8221;(max-width:&#8230;<\/p>\n","protected":false},"author":1,"featured_media":0,"comment_status":"open","ping_status":"open","sticky":false,"template":"","format":"standard","meta":{"fifu_image_url":"","fifu_image_alt":"","footnotes":""},"categories":[8725],"tags":[9947],"class_list":["post-74957","post","type-post","status-publish","format-standard","hentry","category-geralmercado","tag-meio-ambientenoticias","wpcat-8725-id"],"_links":{"self":[{"href":"https:\/\/verde-amarelo.net\/verdeamarelo\/wp-json\/wp\/v2\/posts\/74957","targetHints":{"allow":["GET"]}}],"collection":[{"href":"https:\/\/verde-amarelo.net\/verdeamarelo\/wp-json\/wp\/v2\/posts"}],"about":[{"href":"https:\/\/verde-amarelo.net\/verdeamarelo\/wp-json\/wp\/v2\/types\/post"}],"author":[{"embeddable":true,"href":"https:\/\/verde-amarelo.net\/verdeamarelo\/wp-json\/wp\/v2\/users\/1"}],"replies":[{"embeddable":true,"href":"https:\/\/verde-amarelo.net\/verdeamarelo\/wp-json\/wp\/v2\/comments?post=74957"}],"version-history":[{"count":0,"href":"https:\/\/verde-amarelo.net\/verdeamarelo\/wp-json\/wp\/v2\/posts\/74957\/revisions"}],"wp:attachment":[{"href":"https:\/\/verde-amarelo.net\/verdeamarelo\/wp-json\/wp\/v2\/media?parent=74957"}],"wp:term":[{"taxonomy":"category","embeddable":true,"href":"https:\/\/verde-amarelo.net\/verdeamarelo\/wp-json\/wp\/v2\/categories?post=74957"},{"taxonomy":"post_tag","embeddable":true,"href":"https:\/\/verde-amarelo.net\/verdeamarelo\/wp-json\/wp\/v2\/tags?post=74957"}],"curies":[{"name":"wp","href":"https:\/\/api.w.org\/{rel}","templated":true}]}}