{"id":74960,"date":"2019-06-06T11:10:16","date_gmt":"2019-06-06T14:10:16","guid":{"rendered":"https:\/\/verde-amarelo.net\/verdeamarelo\/2019\/06\/nada-substitui-o-fator-humano\/"},"modified":"2019-06-06T11:10:16","modified_gmt":"2019-06-06T14:10:16","slug":"nada-substitui-o-fator-humano","status":"publish","type":"post","link":"https:\/\/verde-amarelo.net\/verdeamarelo\/2019\/06\/nada-substitui-o-fator-humano\/","title":{"rendered":"Nada substitui o fator humano"},"content":{"rendered":"<blockquote class=\"quote_content\">\n<p><span>Por Josana Teruchkin<\/span><\/p>\n<\/blockquote>\n<p><a href=\"http:\/\/www.cargonews.com.br\/wp-content\/uploads\/2019\/06\/IMG_5640.jpg\"><img \"wp-image-27767 alignleft&#8221; src=&#8221;https:\/\/www.truckbrasil.com.br\/wp\/wp-content\/uploads\/2019\/06\/nada-substitui-o-fator-humano.jpg&#8221; alt=&#8221;&#8221; width=&#8221;240&#8243; height=&#8221;360&#8243; srcset=&#8221;https:\/\/www.truckbrasil.com.br\/wp\/wp-content\/uploads\/2019\/06\/nada-substitui-o-fator-humano.jpg 200w, http:\/\/www.cargonews.com.br\/wp-content\/uploads\/2019\/06\/IMG_5640-768&#215;1152.jpg 768w, http:\/\/www.cargonews.com.br\/wp-content\/uploads\/2019\/06\/IMG_5640-683&#215;1024.jpg 683w, http:\/\/www.cargonews.com.br\/wp-content\/uploads\/2019\/06\/IMG_5640.jpg 1180w&#8221; sizes=&#8221;(max-width: 240px) 100vw, 240px&#8221;\/><\/a>Por causa dos avan\u00e7os tecnol\u00f3gicos nos transportes \u00e9 f\u00e1cil associar uma empresa como a Sulista a recursos f\u00edsicos como caminh\u00f5es, computadores de bordo, combust\u00edvel, etc. Mas, apesar de serem indispens\u00e1veis, equipamentos de ponta de nada servem sem a intelig\u00eancia e a execu\u00e7\u00e3o do homem.<\/p>&nbsp;&nbsp;\n<p>Em outros termos, tamb\u00e9m na ind\u00fastria log\u00edstica, o fator humano \u00e9 crucial para o sucesso. Por mais que pare\u00e7a \u00f3bvio, ainda n\u00e3o se d\u00e1 o devido valor ao colaborador no nosso segmento. Mas, para n\u00f3s, o capital humano \u00e9 um diferencial. Temos uma equipe experiente, que se sente dona do neg\u00f3cio e faz acontecer. O cliente confia nas nossas pessoas. Sim, a tecnologia automatiza processos e oferece maior efici\u00eancia na cadeia log\u00edstica, exatid\u00e3o e confiabilidade nas informa\u00e7\u00f5es. Mas s\u00e3o as pessoas que est\u00e3o no comando para garantir a melhor entrega ao cliente.<\/p>&nbsp;&nbsp;\n<p>Pode parecer um pouco paradoxal, mas \u00e9 em fun\u00e7\u00e3o do crescimento do uso da tecnologia e dos processos cada dia mais automatizados que a gest\u00e3o de pessoas se torna ainda mais importante dentro da log\u00edstica. Envolver e desenvolver os colaboradores em toda a cadeia, de forma engajada e motivada, cuidando da capacita\u00e7\u00e3o e desenvolvimento \u00e9 imprescind\u00edvel. Os l\u00edderes devem cada vez mais saber tirar o melhor de cada um, trabalhar com a diversidade na equipe e, a partir das diferen\u00e7as, conquistar uma opera\u00e7\u00e3o eficiente e com um m\u00ednimo de falhas. E nada disso \u00e9 poss\u00edvel se as nossas pessoas n\u00e3o estiverem satisfeitas com o que fazem e alinhadas com o prop\u00f3sito da empresa.<\/p>&nbsp;&nbsp;\n<p>O olho no olho, hoje pouco utilizado, passa a ser um diferencial e ter grande relev\u00e2ncia no nosso neg\u00f3cio. Somos convictos de que s\u00f3 as pessoas possuem o poder de decis\u00e3o e a criatividade para gerar inova\u00e7\u00e3o. Por isso acreditamos que o colaborador \u00e9 o cart\u00e3o de visitas da Sulista e incentivamos a proximidade entre o cliente e a nossa equipe. Focamos cada dia mais nas rela\u00e7\u00f5es de parceria , buscamos o ganha a ganha e queremos gerar uma boa experi\u00eancia para nossos clientes, fornecedores e colaboradores.<\/p>&nbsp;&nbsp;\n<p>Por\u00e9m esse n\u00e3o \u00e9 um caminho f\u00e1cil. Tudo \u00e9 um aprendizado que ainda estamos conquistando , porque sempre fomos muito focados em resultados e trabalhamos em um ambiente de alta press\u00e3o, como \u00e9 comum no meio log\u00edstico. Mas, aos poucos, estamos percebendo, com a consolida\u00e7\u00e3o da nossa empresa e o nosso amadurecimento como gestores, a import\u00e2ncia de um ambiente mais flex\u00edvel e com um pouco mais de \u201ccora\u00e7\u00e3o\u201d .<\/p>&nbsp;&nbsp;\n<p>Assessoria de Imprensa<\/p>\n","protected":false},"excerpt":{"rendered":"<p>Por Josana Teruchkin<\/p>\n","protected":false},"author":1,"featured_media":0,"comment_status":"open","ping_status":"open","sticky":false,"template":"","format":"standard","meta":{"fifu_image_url":"","fifu_image_alt":"","footnotes":""},"categories":[8702],"tags":[9956],"class_list":["post-74960","post","type-post","status-publish","format-standard","hentry","category-logistica","tag-dia-da-logisticalogistica","wpcat-8702-id"],"_links":{"self":[{"href":"https:\/\/verde-amarelo.net\/verdeamarelo\/wp-json\/wp\/v2\/posts\/74960","targetHints":{"allow":["GET"]}}],"collection":[{"href":"https:\/\/verde-amarelo.net\/verdeamarelo\/wp-json\/wp\/v2\/posts"}],"about":[{"href":"https:\/\/verde-amarelo.net\/verdeamarelo\/wp-json\/wp\/v2\/types\/post"}],"author":[{"embeddable":true,"href":"https:\/\/verde-amarelo.net\/verdeamarelo\/wp-json\/wp\/v2\/users\/1"}],"replies":[{"embeddable":true,"href":"https:\/\/verde-amarelo.net\/verdeamarelo\/wp-json\/wp\/v2\/comments?post=74960"}],"version-history":[{"count":0,"href":"https:\/\/verde-amarelo.net\/verdeamarelo\/wp-json\/wp\/v2\/posts\/74960\/revisions"}],"wp:attachment":[{"href":"https:\/\/verde-amarelo.net\/verdeamarelo\/wp-json\/wp\/v2\/media?parent=74960"}],"wp:term":[{"taxonomy":"category","embeddable":true,"href":"https:\/\/verde-amarelo.net\/verdeamarelo\/wp-json\/wp\/v2\/categories?post=74960"},{"taxonomy":"post_tag","embeddable":true,"href":"https:\/\/verde-amarelo.net\/verdeamarelo\/wp-json\/wp\/v2\/tags?post=74960"}],"curies":[{"name":"wp","href":"https:\/\/api.w.org\/{rel}","templated":true}]}}