{"id":74976,"date":"2019-06-07T19:11:44","date_gmt":"2019-06-07T22:11:44","guid":{"rendered":"https:\/\/verde-amarelo.net\/verdeamarelo\/2019\/06\/2o-dia-do-superlogica-xperience-discute-tendencias-do-mercado-de-pagamentos-e-do-marketing-digital\/"},"modified":"2019-06-07T19:11:44","modified_gmt":"2019-06-07T22:11:44","slug":"2o-dia-do-superlogica-xperience-discute-tendencias-do-mercado-de-pagamentos-e-do-marketing-digital","status":"publish","type":"post","link":"https:\/\/verde-amarelo.net\/verdeamarelo\/2019\/06\/2o-dia-do-superlogica-xperience-discute-tendencias-do-mercado-de-pagamentos-e-do-marketing-digital\/","title":{"rendered":"2\u00ba dia do Superl\u00f3gica Xperience discute tend\u00eancias do mercado de pagamentos e do marketing digital"},"content":{"rendered":"<blockquote class=\"quote_content\" readability=\"33\">\n<p><span>Realizado em Campinas, o maior evento da economia da recorr\u00eancia da Am\u00e9rica Latina reuniu cerca de 4 mil pessoas em seu primeiro dia, nesta quinta-feira<\/span><\/p>\n<\/blockquote>\n<p><a href=\"http:\/\/www.cargonews.com.br\/wp-content\/uploads\/2019\/06\/3.jpg\"><img \"wp-image-27798 alignleft&#8221; src=&#8221;https:\/\/www.truckbrasil.com.br\/wp\/wp-content\/uploads\/2019\/06\/2o-dia-do-superlogica-xperience-discute-tendencias-do-mercado-de-pagamentos-e-do-marketing-digital.jpg&#8221; alt=&#8221;&#8221; width=&#8221;425&#8243; height=&#8221;283&#8243; srcset=&#8221;https:\/\/www.truckbrasil.com.br\/wp\/wp-content\/uploads\/2019\/06\/2o-dia-do-superlogica-xperience-discute-tendencias-do-mercado-de-pagamentos-e-do-marketing-digital.jpg 300w, http:\/\/www.cargonews.com.br\/wp-content\/uploads\/2019\/06\/3-768&#215;512.jpg 768w, http:\/\/www.cargonews.com.br\/wp-content\/uploads\/2019\/06\/3-1024&#215;682.jpg 1024w, http:\/\/www.cargonews.com.br\/wp-content\/uploads\/2019\/06\/3.jpg 1280w&#8221; sizes=&#8221;(max-width: 425px) 100vw, 425px&#8221;\/><\/a>A 3\u00aa edi\u00e7\u00e3o do Superl\u00f3gica Xperience, maior evento de economia da recorr\u00eancia da Am\u00e9rica Latina, teve um primeiro dia com quase 40 palestrantes discorrendo sobre as principais tend\u00eancias que impactar\u00e3o o segmento nos pr\u00f3ximos anos. Promovido pelo Grupo Superl\u00f3gica, composto pelas fintechs Superl\u00f3gica e PJBank, o evento ter\u00e1 nesta sexta, seu segundo dia, mais de 30 palestras com fundadores e executivos de empresas que s\u00e3o refer\u00eancias atuando na economia da recorr\u00eancia.<\/p>&nbsp;&nbsp;\n<p>Um dos grandes atrativos deste segundo dia ser\u00e1 o painel \u201cA evolu\u00e7\u00e3o e o futuro do cart\u00e3o de cr\u00e9dito\u201d, que trar\u00e1 Pedro Coutinho \u2013 CEO GetNet, Eduardo Abreu \u2013 VP de Novos Neg\u00f3cios Visa, Felipe Maffei \u2013 Diretor de Neg\u00f3cios Elo e Alexandre Norberto \u2013 Diretor de Neg\u00f3cios PJBank, para contar para onde vai este mercado, que apresenta uma das competi\u00e7\u00f5es mais acirradas do mundo dos neg\u00f3cios nacional atualmente.<\/p>&nbsp;&nbsp;\n<p>Tamb\u00e9m nesta sexta (7) o executivo Dan Tyre, sales director da Hubspot, que vem pela primeira vez no Brasil, fala sobre o tema \u201cEsque\u00e7a o funil de vendas, comece seu flywheel\u201d. Tyre acredita que, apesar de o modelo de funil, que ilustra a jornada completa do cliente, desde o primeiro contato com a marca at\u00e9 o fechamento do neg\u00f3cio, ter performado bem por um tempo, n\u00e3o \u00e9 o mais indicado no mundo dos neg\u00f3cios de hoje.<\/p>&nbsp;&nbsp;\n<p>Em seu speaking, o executivo detalhar\u00e1 o conceito de flywheel, que representa um processo circular que, segundo ele, tem capacidade de produzir mais crescimento \u00e0 medida que aumenta a contagem de clientes encantados com o servi\u00e7o ou produto. Tyre explicar\u00e1 como conseguir adicionar densidade a esses clientes, fazendo-os contratarem mais produtos e com mais frequ\u00eancia, baseado em tr\u00eas palavras de ordem: atrair, envolver e encantar.<\/p>&nbsp;&nbsp;\n<p><strong>Destaques desta quinta-feira<\/strong><br \/>Al\u00e9m do CEO da Superl\u00f3gica, Andr\u00e9 Baldini, que abriu o evento tra\u00e7ando um panorama da transforma\u00e7\u00e3o digital no Brasil, tamb\u00e9m foi destaque nesta quinta (6), Douglas Tokuno, respons\u00e1vel por Waze Carpool na Am\u00e9rica Latina, que compartilhou sua vis\u00e3o de futuro sobre a mobilidade. \u201c\u00c9 um prazer participar do Xperience e falar um pouco sobre iniciativas e experi\u00eancias que mudam o nosso modo de pensar e, em grande escala, transformam o mundo\u201d, disse.<\/p>&nbsp;&nbsp;\n<p>Lan\u00e7ado no Brasil no segundo semestre do ano passado, o Waze Carpool captou mais de 125 mil usu\u00e1rios que rodaram 96 mil Kms, atrav\u00e9s da proposta de tornar mais f\u00e1cil e divertido para os wazers viajarem juntos, economizando tempo e dinheiro, e reduzindo o impacto sobre as estradas e o meio ambiente. Os usu\u00e1rios n\u00e3o s\u00e3o motoristas profissionais, e os passageiros cobrem apenas os custos com gasolina e manuten\u00e7\u00e3o. Com 4,5 milh\u00f5es de usu\u00e1rios ativos mensais na grande S\u00e3o Paulo, cerca de metade da frota de ve\u00edculos da regi\u00e3o metropolitana, iniciativa j\u00e1 tem mais de 115 milh\u00f5es de usu\u00e1rios ativos mensais no mundo em 185 pa\u00edses.<\/p>&nbsp;&nbsp;\n<p>Alguns dos outros palestrantes que se destacaram neste primeiro dia foram Fabricio Bloisi, CEO da Movile, que abordou o tema: \u201cSubindo a r\u00e9gua para impactar positivamente 1 bilh\u00e3o de pessoas\u201d; Mateus Pestana, CEO da Sensedata, que abordou o Customer Success 2.0 como uma nova m\u00e1quina de crescimento; e Juliano Tubino, VP da TOTVS, que contou a jornada da empresa, considerado o 1\u00ba \u201cunic\u00f3rnio brasileiro\u201d, entre muitos outros destaques.<\/p>&nbsp;&nbsp;\n<p><strong>Economia da Recorr\u00eancia veio para ficar<\/strong><\/p>\n<p>Modelo que se tornou o \u201cqueridinho\u201d da economia p\u00f3s-industrial, j\u00e1 que usa como base a premissa de que o consumidor pode assinar como servi\u00e7o algo que antes ele precisava ter. Em vez de comprar CD, pago um servi\u00e7o recorrente de streaming de m\u00fasica, em vez dos DVDs, um streaming de filmes e s\u00e9ries. C\u00f4modo para o consumidor, rent\u00e1vel para a empresa que rentabiliza em cima do servi\u00e7o e n\u00e3o mais do produto.<\/p>&nbsp;&nbsp;\n<p>Evento refer\u00eancia para profissionais e empresas que atuam na economia da recorr\u00eancia, nos \u00faltimos tr\u00eas anos o Superl\u00f3gica Xperience apresentou crescimento espantoso, o que mostra que trata de uma tend\u00eancia em grande crescimento no Brasil. Em 2017, foram 1,2 mil participantes, em 2018, cerca de dois mil participantes, e neste ano os ingressos se esgotaram com 4 mil unidades vendidas, tornando o Xperience o maior evento do g\u00eanero no hemisf\u00e9rio sul.<\/p>&nbsp;&nbsp;\n<p>O evento acaba sendo tamb\u00e9m, em consequ\u00eancia de seu conte\u00fado, uma grande reuni\u00e3o de empresas que atuam no modelo de recorr\u00eancia, como SaaS, imobili\u00e1rias, administradoras de condom\u00ednios, institui\u00e7\u00f5es de ensino de todo o Brasil e os temas abordados s\u00e3o voltados a empreendedores que atuam em qualquer neg\u00f3cio que cobre assinaturas, mensalidades, parcelas ou taxas.<\/p>&nbsp;&nbsp;\n<p><strong>Grupo Superl\u00f3gica<\/strong><\/p>\n<p>Promotor do evento, o Grupo Superl\u00f3gica tem crescido exponencialmente e conta com 270 profissionais e mais de 5 mil clientes. O Grupo Superl\u00f3gica \u00e9 composto pelas fintechs Superl\u00f3gica, software de gest\u00e3o, e PJBank, conta digital para empresas.<br \/>Mais informa\u00e7\u00f5es sobre o evento no site: https:\/\/xperience.superlogica.com.<\/p>&nbsp;&nbsp;\n<p><strong>Servi\u00e7o:<\/strong><\/p>\n<p><strong>Evento:<\/strong> Superl\u00f3gica Xperience<br \/><strong>Data:<\/strong> 6 e 7 de junho de 2019<br \/><strong>Hor\u00e1rio:<\/strong> 8h \u00e0s 19h30<br \/><strong>Cidade:<\/strong> Campinas (SP)<br \/><strong>Local:<\/strong> Royal Palm Hall<br \/><strong>Endere\u00e7o:<\/strong> Av. Royal Palm Plaza, 277 G \u2013 Jardim Nova California<\/p>\n<p>Assessoria de Imprensa<\/p>\n","protected":false},"excerpt":{"rendered":"<p>Realizado em Campinas, o maior evento da economia da recorr\u00eancia da Am\u00e9rica Latina reuniu cerca&#8230;<\/p>\n","protected":false},"author":1,"featured_media":0,"comment_status":"open","ping_status":"open","sticky":false,"template":"","format":"standard","meta":{"fifu_image_url":"","fifu_image_alt":"","footnotes":""},"categories":[8725],"tags":[58],"class_list":["post-74976","post","type-post","status-publish","format-standard","hentry","category-geralmercado","tag-noticias","wpcat-8725-id"],"_links":{"self":[{"href":"https:\/\/verde-amarelo.net\/verdeamarelo\/wp-json\/wp\/v2\/posts\/74976","targetHints":{"allow":["GET"]}}],"collection":[{"href":"https:\/\/verde-amarelo.net\/verdeamarelo\/wp-json\/wp\/v2\/posts"}],"about":[{"href":"https:\/\/verde-amarelo.net\/verdeamarelo\/wp-json\/wp\/v2\/types\/post"}],"author":[{"embeddable":true,"href":"https:\/\/verde-amarelo.net\/verdeamarelo\/wp-json\/wp\/v2\/users\/1"}],"replies":[{"embeddable":true,"href":"https:\/\/verde-amarelo.net\/verdeamarelo\/wp-json\/wp\/v2\/comments?post=74976"}],"version-history":[{"count":0,"href":"https:\/\/verde-amarelo.net\/verdeamarelo\/wp-json\/wp\/v2\/posts\/74976\/revisions"}],"wp:attachment":[{"href":"https:\/\/verde-amarelo.net\/verdeamarelo\/wp-json\/wp\/v2\/media?parent=74976"}],"wp:term":[{"taxonomy":"category","embeddable":true,"href":"https:\/\/verde-amarelo.net\/verdeamarelo\/wp-json\/wp\/v2\/categories?post=74976"},{"taxonomy":"post_tag","embeddable":true,"href":"https:\/\/verde-amarelo.net\/verdeamarelo\/wp-json\/wp\/v2\/tags?post=74976"}],"curies":[{"name":"wp","href":"https:\/\/api.w.org\/{rel}","templated":true}]}}