{"id":74977,"date":"2019-06-07T17:00:58","date_gmt":"2019-06-07T20:00:58","guid":{"rendered":"https:\/\/verde-amarelo.net\/verdeamarelo\/2019\/06\/logistique-e-parceira-de-programa-de-inovacao-e-empreendedorismo-em-logistica-e-mobilidade-em-joinville\/"},"modified":"2019-06-07T17:00:58","modified_gmt":"2019-06-07T20:00:58","slug":"logistique-e-parceira-de-programa-de-inovacao-e-empreendedorismo-em-logistica-e-mobilidade-em-joinville","status":"publish","type":"post","link":"https:\/\/verde-amarelo.net\/verdeamarelo\/2019\/06\/logistique-e-parceira-de-programa-de-inovacao-e-empreendedorismo-em-logistica-e-mobilidade-em-joinville\/","title":{"rendered":"Logistique \u00e9 parceira de programa de inova\u00e7\u00e3o e empreendedorismo em log\u00edstica e mobilidade em Joinville"},"content":{"rendered":"<p><a href=\"http:\/\/www.cargonews.com.br\/wp-content\/uploads\/2019\/06\/JEDI_divulgacao.jpg\"><img \"wp-image-27804 alignleft&#8221; src=&#8221;https:\/\/www.truckbrasil.com.br\/wp\/wp-content\/uploads\/2019\/06\/logistique-e-parceira-de-programa-de-inovacao-e-empreendedorismo-em-logistica-e-mobilidade-em-joinville.jpg&#8221; alt=&#8221;&#8221; width=&#8221;427&#8243; height=&#8221;246&#8243; srcset=&#8221;https:\/\/www.truckbrasil.com.br\/wp\/wp-content\/uploads\/2019\/06\/logistique-e-parceira-de-programa-de-inovacao-e-empreendedorismo-em-logistica-e-mobilidade-em-joinville.jpg 300w, http:\/\/www.cargonews.com.br\/wp-content\/uploads\/2019\/06\/JEDI_divulgacao-768&#215;443.jpg 768w, http:\/\/www.cargonews.com.br\/wp-content\/uploads\/2019\/06\/JEDI_divulgacao.jpg 923w&#8221; sizes=&#8221;(max-width: 427px) 100vw, 427px&#8221;\/><\/a>A Logistique \u2013 Feira e Congresso de Log\u00edstica e Neg\u00f3cios Intermodais, ser\u00e1 parceira na realiza\u00e7\u00e3o da 3\u00aa etapa da Jornada de Empreendedorismo, Desenvolvimento e Inova\u00e7\u00e3o (JEDI), voltada \u00e0 log\u00edstica e mobilidade. O projeto foi criado para proporcionar o desenvolvimento do empreendedorismo, com os objetivos gerar novos neg\u00f3cios com alto potencial de crescimento, desenvolver empreendedores de impacto e fomentar o ecossistema de inova\u00e7\u00e3o.<\/p>&nbsp;&nbsp;\n<p>A parceria com a Logistique consiste na participa\u00e7\u00e3o dos diretores do evento durante a primeira fase da JEDI, em 27 de julho, com a apresenta\u00e7\u00e3o do tema \u201clog\u00edstica\u201d em pain\u00e9is e workshops, e depois com a cess\u00e3o de espa\u00e7o na feira, que acontece de 27 a 29 de agosto. A expectativa \u00e9 reunir mais de 15 mil visitantes em torno de 120 importantes players do setor que expor\u00e3o seus produtos e servi\u00e7os no Complexo de Exposi\u00e7\u00f5es Expoville.<\/p>&nbsp;&nbsp;\n<p>\u201cOs gestores da Logistique participam, juntos com especialistas dos setores de log\u00edstica e mobilidade, da etapa chamada de \u2018voz do mercado\u2019, que \u00e9 a fase em que pessoas que vivem o dia a dia da log\u00edstica ou da mobilidade apresentam problemas e oportunidades para os empreendedores\u201d, explica o coordenador do evento e Diretor Executivo da Secretaria de Planejamento Urbano e Desenvolvimento Sustent\u00e1vel de Joinville (SEPUD), Fabiano Dell\u2019 Agnolo. \u201cTamb\u00e9m ser\u00e1 na Logistique, que \u00e9 hoje um dos maiores eventos do segmento log\u00edstico do Brasil, que as equipes que forem aprovadas no JEDI ter\u00e3o oportunidade de mostrar seus projetos para poss\u00edveis investidores\u201d, acrescenta.<\/p>&nbsp;&nbsp;\n<p>O programa da 3\u00ba JEDI prev\u00ea um pr\u00e9-evento em 27 de julho, com um levantamento dos problemas nos mercados de log\u00edstica e mobilidade e desenvolvimento de solu\u00e7\u00f5es e forma\u00e7\u00e3o dos times. Para o primeiro final de semana de agosto, dias 3 e 4, est\u00e3o programados workshops (sobre Customer Development, prototipa\u00e7\u00e3o e estudo de mercado), trabalhos de mentoria e in\u00edcio de desenvolvimento dos projetos.<\/p>&nbsp;&nbsp;\n<p>Ao longo das duas semanas seguintes, as equipes v\u00e3o a campo para desenvolver o projeto e buscar mercado e retornam para uma rodada nos dias 17 e 18 de agosto, quando o foco principal ser\u00e1 propriamente a constru\u00e7\u00e3o do neg\u00f3cio, com a defini\u00e7\u00e3o do processo de abertura da empresa e o modelo societ\u00e1rio. \u201cA Logistique ser\u00e1 tamb\u00e9m uma importante ferramenta no networking dos autores dos projetos aprovados com empresas do setor de log\u00edstica\u201d, completa Dell\u2019 Agnolo. O JEDI \u00e9 uma iniciativa de entidades ligadas ao Sistema de Inova\u00e7\u00e3o de Joinville, tendo \u00e0 frente a SEPUD, o Conselho Municipal de Ci\u00eancia e Tecnologia (COMCITI) e a associa\u00e7\u00e3o sem fins lucrativos Join.valle.<\/p>&nbsp;&nbsp;\n<p>O Diretor da Logistique, Leonardo Rinaldi, destaca a import\u00e2ncia dessa parceria no est\u00edmulo a dissemina\u00e7\u00e3o da cultura empreendedora, no desenvolvimento de projetos mais concretos e na cria\u00e7\u00e3o de startups. \u201cSanta Catarina \u00e9 o Estado com maior quantidade per capita de startups e pra n\u00f3s, da Logistique, ser\u00e1 uma grande honra contribuirmos para a gera\u00e7\u00e3o de novos neg\u00f3cios com alto potencial de crescimento no segmento log\u00edstico, que \u00e9 um mercado din\u00e2mico e com vasto potencial\u201d, diz Rinaldi.<\/p>&nbsp;&nbsp;\n<p><strong>Mais informa\u00e7\u00f5es no endere\u00e7o www.logistique.com.br e http:\/\/www.jedi.joinvalle.com.br\/<\/strong><\/p>\n<p><strong>Servi\u00e7o<\/strong><\/p>\n<p><strong>O que:<\/strong> Logistique \u2013 Feira de Log\u00edstica e Neg\u00f3cios Multimodal<\/p>\n<p><strong>Quando:<\/strong> 27 a 29 de agosto de 2019, das 14h \u00e0s 21h<\/p>\n<p><strong>Onde:<\/strong> Centro de Exposi\u00e7\u00f5es Expoville \u2013 Rua Quinze de Novembro, 4350 \u2013 Joinville \u2013 SC<\/p>\n<p><strong>Contato:<\/strong> 55 (49) 3361 9200 \/ info@logistique.com.br<\/p>\n<p><strong>Informa\u00e7\u00f5es e reservas:<\/strong> www.logistique.com.br<\/p>\n<p>Assessoria de Imprensa<\/p>\n","protected":false},"excerpt":{"rendered":"","protected":false},"author":1,"featured_media":0,"comment_status":"open","ping_status":"open","sticky":false,"template":"","format":"standard","meta":{"fifu_image_url":"","fifu_image_alt":"","footnotes":""},"categories":[8725],"tags":[9961],"class_list":["post-74977","post","type-post","status-publish","format-standard","hentry","category-geralmercado","tag-feira-e-congresso-de-logistica-e-negocios-intermodaisnoticias","wpcat-8725-id"],"_links":{"self":[{"href":"https:\/\/verde-amarelo.net\/verdeamarelo\/wp-json\/wp\/v2\/posts\/74977","targetHints":{"allow":["GET"]}}],"collection":[{"href":"https:\/\/verde-amarelo.net\/verdeamarelo\/wp-json\/wp\/v2\/posts"}],"about":[{"href":"https:\/\/verde-amarelo.net\/verdeamarelo\/wp-json\/wp\/v2\/types\/post"}],"author":[{"embeddable":true,"href":"https:\/\/verde-amarelo.net\/verdeamarelo\/wp-json\/wp\/v2\/users\/1"}],"replies":[{"embeddable":true,"href":"https:\/\/verde-amarelo.net\/verdeamarelo\/wp-json\/wp\/v2\/comments?post=74977"}],"version-history":[{"count":0,"href":"https:\/\/verde-amarelo.net\/verdeamarelo\/wp-json\/wp\/v2\/posts\/74977\/revisions"}],"wp:attachment":[{"href":"https:\/\/verde-amarelo.net\/verdeamarelo\/wp-json\/wp\/v2\/media?parent=74977"}],"wp:term":[{"taxonomy":"category","embeddable":true,"href":"https:\/\/verde-amarelo.net\/verdeamarelo\/wp-json\/wp\/v2\/categories?post=74977"},{"taxonomy":"post_tag","embeddable":true,"href":"https:\/\/verde-amarelo.net\/verdeamarelo\/wp-json\/wp\/v2\/tags?post=74977"}],"curies":[{"name":"wp","href":"https:\/\/api.w.org\/{rel}","templated":true}]}}