{"id":74978,"date":"2019-06-10T11:54:49","date_gmt":"2019-06-10T14:54:49","guid":{"rendered":"https:\/\/verde-amarelo.net\/verdeamarelo\/2019\/06\/marco-stefanini-participa-do-8-congresso-brasileiro-de-inovacao-da-industria\/"},"modified":"2019-06-10T11:54:49","modified_gmt":"2019-06-10T14:54:49","slug":"marco-stefanini-participa-do-8-congresso-brasileiro-de-inovacao-da-industria","status":"publish","type":"post","link":"https:\/\/verde-amarelo.net\/verdeamarelo\/2019\/06\/marco-stefanini-participa-do-8-congresso-brasileiro-de-inovacao-da-industria\/","title":{"rendered":"Marco Stefanini participa do 8\u00b0 Congresso Brasileiro de Inova\u00e7\u00e3o da Ind\u00fastria"},"content":{"rendered":"<p>Como moderador de painel, o CEO Global da Stefanini abordar\u00e1 como as aplica\u00e7\u00f5es de Blockchain extrapolam o controle das opera\u00e7\u00f5es financeiras dentro das corpora\u00e7\u00f5es<\/p>\n<p><a href=\"https:\/\/www.truckbrasil.com.br\/wp\/wp-content\/uploads\/2019\/06\/marco-stefanini-participa-do-8-congresso-brasileiro-de-inovacao-da-industria.jpg\">&#8220;size-full wp-image-27813 alignleft&#8221; src=&#8221;https:\/\/www.truckbrasil.com.br\/wp\/wp-content\/uploads\/2019\/06\/marco-stefanini-participa-do-8-congresso-brasileiro-de-inovacao-da-industria.jpg&#8221; alt=&#8221;&#8221; width=&#8221;208&#8243; height=&#8221;296&#8243;\/><\/a>S\u00e3o Paulo, junho de 2019 \u2013 Marco Stefanini, CEO global da Stefanini, participa do 8\u00b0 Congresso Brasileiro de Inova\u00e7\u00e3o da Ind\u00fastria 2019, que acontece de 10 a 11 de Junho, no S\u00e3o Paulo Expo \u2013 Exhibition &amp; Convention Center. A iniciativa \u00e9 da Confedera\u00e7\u00e3o Nacional da Ind\u00fastria (CNI) e do Servi\u00e7o Brasileiro de Apoio \u00e0s Micro e Pequenas Empresas (Sebrae) e faz parte da agenda da Mobiliza\u00e7\u00e3o Empresarial pela Inova\u00e7\u00e3o (MEI).<\/p>&nbsp;&nbsp;\n<p>O CEO Global da Stefanini ser\u00e1 moderador do painel \u201cBlockchain: aplica\u00e7\u00f5es que extrapolam o controle de opera\u00e7\u00f5es financeiras e mudan\u00e7as no processo produtivo\u201d. Na ocasi\u00e3o, o principal executivo da empresa debater\u00e1 com os participantes como o Blockchain est\u00e1 sendo utilizado no desenvolvimento de novas aplica\u00e7\u00f5es. Participar\u00e3o do debate: Marcela Gon\u00e7alves, diretora de Desenvolvimento Empresarial da Multiledgers; Alex Nascimento, cofundador do UCLA Blockchain Lab, e Daniel Gasteiger, fundador e CEO, Procivis AG (Su\u00ed\u00e7a).<\/p>&nbsp;&nbsp;\n<p>\u201cPrecisamos incentivar mais eventos deste porte para mostrar como as novas tecnologias podem transformar os neg\u00f3cios de maneira exponencial. Os executivos precisam criar um ecossistema competitivo, que possa acelerar os processos internos e promover a transforma\u00e7\u00e3o digital\u201d, comenta Marco Stefanini.<\/p>&nbsp;&nbsp;\n<p>Para contribuir com a inova\u00e7\u00e3o, a CNI e o Sebrae realizam, a cada dois anos, o Congresso Brasileiro de Inova\u00e7\u00e3o da Ind\u00fastria. O evento re\u00fane representantes do setor produtivo, do governo e da academia para um debate consistente sobre inova\u00e7\u00e3o da Am\u00e9rica Latina.<\/p>&nbsp;&nbsp;\n<p><strong>ANOTE EM SUA AGENDA<\/strong><\/p>\n<p><strong>Palestra:<\/strong> \u201cBlockchain: aplica\u00e7\u00f5es que extrapolam o controle de opera\u00e7\u00f5es financeiras e mudan\u00e7as no processo produtivo | Marco Stefanini<br \/><strong>Dia:<\/strong> 11 de junho<br \/><strong>Hor\u00e1rio:<\/strong> 11h50 a 12h50<br \/><strong>Local:<\/strong> S\u00e3o Paulo Expo \u2013 Exhibition &amp; Convention Center \u2013 1,5, Rod. dos Imigrantes \u2013 Vila \u00c1gua Funda<\/p>\n<p>Assessoria de Imprensa<\/p>\n","protected":false},"excerpt":{"rendered":"<p>Como moderador de painel, o CEO Global da Stefanini abordar\u00e1 como as aplica\u00e7\u00f5es de Blockchain&#8230;<\/p>\n","protected":false},"author":1,"featured_media":0,"comment_status":"open","ping_status":"open","sticky":false,"template":"","format":"standard","meta":{"fifu_image_url":"","fifu_image_alt":"","footnotes":""},"categories":[8702],"tags":[9962],"class_list":["post-74978","post","type-post","status-publish","format-standard","hentry","category-logistica","tag-blockchainlogistica","wpcat-8702-id"],"_links":{"self":[{"href":"https:\/\/verde-amarelo.net\/verdeamarelo\/wp-json\/wp\/v2\/posts\/74978","targetHints":{"allow":["GET"]}}],"collection":[{"href":"https:\/\/verde-amarelo.net\/verdeamarelo\/wp-json\/wp\/v2\/posts"}],"about":[{"href":"https:\/\/verde-amarelo.net\/verdeamarelo\/wp-json\/wp\/v2\/types\/post"}],"author":[{"embeddable":true,"href":"https:\/\/verde-amarelo.net\/verdeamarelo\/wp-json\/wp\/v2\/users\/1"}],"replies":[{"embeddable":true,"href":"https:\/\/verde-amarelo.net\/verdeamarelo\/wp-json\/wp\/v2\/comments?post=74978"}],"version-history":[{"count":0,"href":"https:\/\/verde-amarelo.net\/verdeamarelo\/wp-json\/wp\/v2\/posts\/74978\/revisions"}],"wp:attachment":[{"href":"https:\/\/verde-amarelo.net\/verdeamarelo\/wp-json\/wp\/v2\/media?parent=74978"}],"wp:term":[{"taxonomy":"category","embeddable":true,"href":"https:\/\/verde-amarelo.net\/verdeamarelo\/wp-json\/wp\/v2\/categories?post=74978"},{"taxonomy":"post_tag","embeddable":true,"href":"https:\/\/verde-amarelo.net\/verdeamarelo\/wp-json\/wp\/v2\/tags?post=74978"}],"curies":[{"name":"wp","href":"https:\/\/api.w.org\/{rel}","templated":true}]}}