{"id":74982,"date":"2019-06-11T03:26:24","date_gmt":"2019-06-11T06:26:24","guid":{"rendered":"https:\/\/verde-amarelo.net\/verdeamarelo\/2019\/06\/zf-amplia-sua-diviso-e-mobility\/"},"modified":"2019-06-11T03:26:24","modified_gmt":"2019-06-11T06:26:24","slug":"zf-amplia-sua-diviso-e-mobility","status":"publish","type":"post","link":"https:\/\/verde-amarelo.net\/verdeamarelo\/2019\/06\/zf-amplia-sua-diviso-e-mobility\/","title":{"rendered":"ZF amplia sua divis&atilde;o E-Mobility"},"content":{"rendered":"<p>\nCom o objetivo de ampliar o foco em<br \/>\neletromobilidade, a ZF Friedrichshafen AG amplia sua divis\u00e3o E-Mobility com<br \/>\nnovos pr\u00e9dios e unidades. A empresa inaugurou nesta semana um novo edif\u00edcio para<br \/>\nadministra\u00e7\u00e3o, P&#038;D e vendas na sede divisional em Schweinfurt, Alemanha. Em<br \/>\nPan?evo, perto da capital s\u00e9rvia, Belgrado, uma nova f\u00e1brica de motores de<br \/>\ntra\u00e7\u00e3o el\u00e9trica entrar\u00e1 em opera\u00e7\u00e3o na pr\u00f3xima semana.<\/p>&nbsp;&nbsp;\n<p>\u201cA demanda por solu\u00e7\u00f5es em transmiss\u00f5es el\u00e9tricas cresceu fortemente\u201d, disse<br \/>\nMichael Hankel, membro do Board of Management da ZF, com responsabilidade sobre<br \/>\n\u00e1reas como eletromobilidade e produ\u00e7\u00e3o corporativa. \u201cEste \u00e9 o motivo pelo qual<br \/>\ninvestimos pesado nesta divis\u00e3o, criando atraentes oportunidades de emprego e<br \/>\naumento na capacidade de produ\u00e7\u00e3o. Com a eletromobilidade, a ZF est\u00e1 abrindo<br \/>\ncaminho para solu\u00e7\u00f5es de mobilidade da pr\u00f3xima gera\u00e7\u00e3o, e contribuindo para a<br \/>\nredu\u00e7\u00e3o de emiss\u00f5es veiculares em todo o mundo\u201d. Eletromobilidade, controle de<br \/>\nmovimento de ve\u00edculos, dire\u00e7\u00e3o totalmente automatizada e seguran\u00e7a integrada s\u00e3o<br \/>\nos quatro pilares tecnol\u00f3gicos que suportam a estrat\u00e9gia \u201cNext Generation<br \/>\nMobility\u201d da ZF.<\/p>&nbsp;&nbsp;\n<p>Moderno Conceito de Escrit\u00f3rio<\/p>\n<p>Com o novo pr\u00e9dio em Schweinfurt, a ZF criou um espa\u00e7o para cerca de 520 novos<br \/>\ncolaboradores. Os locais de trabalho s\u00e3o baseados no conceito de escrit\u00f3rio 3.0<br \/>\nda ZF, que permite o trabalho flex\u00edvel, baseado em projetos e que facilita a<br \/>\ncomunica\u00e7\u00e3o dos funcion\u00e1rios uns com os outros. \u201cEste moderno conceito de<br \/>\nescrit\u00f3rio cria o perfeito ambiente vers\u00e1til de trabalho, que reflete a<br \/>\ntransforma\u00e7\u00e3o neste universo, agora caracterizado pela agilidade e<br \/>\ndigitaliza\u00e7\u00e3o. Queremos oferecer a nossos colaboradores um ambiente de trabalho<br \/>\nexcepcional\u201d, comentou J\u00f6rg Grotendorst, Head da divis\u00e3o E-Mobility. O pr\u00e9dio de<br \/>\n30 milh\u00f5es de euros tamb\u00e9m abriga 16 bancadas de teste e instala\u00e7\u00f5es de checagem<br \/>\nque podem ser utilizadas para testar motores de tra\u00e7\u00e3o el\u00e9trica e h\u00edbridos bem<br \/>\ncomo seus componentes.<\/p>&nbsp;&nbsp;\n<p>Com mais de 9.400 funcion\u00e1rios, Schweinfurt \u00e9 um dos maiores locais da ZF no<br \/>\nmundo e tamb\u00e9m a maior empregadora na regi\u00e3o da Baixa Franc\u00f4nia. Al\u00e9m da divis\u00e3o<br \/>\nE-Mobility, fundada em 2016, a divis\u00e3o Aftermarket da ZF tamb\u00e9m \u00e9 administrada<br \/>\nna cidade.<\/p>&nbsp;&nbsp;\n<p>Novos locais de produ\u00e7\u00e3o para motores de tra\u00e7\u00e3o el\u00e9trica<\/p>\n<p>A ZF est\u00e1 ampliando tamb\u00e9m sua divis\u00e3o E-Mobility e aumentando sua capacidade de<br \/>\nprodu\u00e7\u00e3o em dois outros locais. Na semana que vem, ap\u00f3s um ano r\u00e1pido de<br \/>\ntrabalhos de constru\u00e7\u00e3o, a nova f\u00e1brica de Pan?evo entrar\u00e1 em opera\u00e7\u00e3o. Na<br \/>\nunidade, localizada 14 quil\u00f4metros da capital s\u00e9rvia de Belgrado, a ZF ir\u00e1<br \/>\nprimeiramente produzir motores el\u00e9tricos, geradores para motores el\u00e9tricos e<br \/>\nh\u00edbridos, seletores de transmiss\u00e3o e microinterruptores. O local j\u00e1 est\u00e1 sendo<br \/>\nampliado para atender a enorme demanda por estes produtos. Em torno de mil<br \/>\ncolaboradores est\u00e3o prontos para trabalhar no local, brevemente. Outro local de<br \/>\nprodu\u00e7\u00e3o para motores de tra\u00e7\u00e3o el\u00e9trica est\u00e1 atualmente em constru\u00e7\u00e3o em<br \/>\nHangzhou, sul de Xangai, na China. Esta f\u00e1brica est\u00e1 pronta para entrar em<br \/>\nopera\u00e7\u00e3o j\u00e1 em 2020.<\/p>&nbsp;&nbsp;\n<p>\u00a0\u201cQueremos oferecer solu\u00e7\u00f5es excepcionais em tecnologia a nossos clientes. Ter<br \/>\nsucesso no longo prazo requer lideran\u00e7a em custos bem como lideran\u00e7a em<br \/>\ntecnologia. Podemos alcan\u00e7ar essas metas atrav\u00e9s do alto n\u00edvel de<br \/>\ncomprometimento demonstrado por nossos funcion\u00e1rios e com nossa rede mundial de<br \/>\nprodu\u00e7\u00e3o. Isto nos traz uma presen\u00e7a equilibrada em diferentes regi\u00f5es, o que<br \/>\npor sua vez permite que estejamos pr\u00f3ximos de nossos clientes com estruturas de<br \/>\ncustos competitivas\u201d, disse Michael Hankel.<\/p>&nbsp;&nbsp;\n","protected":false},"excerpt":{"rendered":"<p>Com o objetivo de ampliar o foco em eletromobilidade, a ZF Friedrichshafen AG amplia sua&#8230;<\/p>\n","protected":false},"author":1,"featured_media":0,"comment_status":"open","ping_status":"open","sticky":false,"template":"","format":"standard","meta":{"fifu_image_url":"","fifu_image_alt":"","footnotes":""},"categories":[8427],"tags":[],"class_list":["post-74982","post","type-post","status-publish","format-standard","hentry","category-geral","wpcat-8427-id"],"_links":{"self":[{"href":"https:\/\/verde-amarelo.net\/verdeamarelo\/wp-json\/wp\/v2\/posts\/74982","targetHints":{"allow":["GET"]}}],"collection":[{"href":"https:\/\/verde-amarelo.net\/verdeamarelo\/wp-json\/wp\/v2\/posts"}],"about":[{"href":"https:\/\/verde-amarelo.net\/verdeamarelo\/wp-json\/wp\/v2\/types\/post"}],"author":[{"embeddable":true,"href":"https:\/\/verde-amarelo.net\/verdeamarelo\/wp-json\/wp\/v2\/users\/1"}],"replies":[{"embeddable":true,"href":"https:\/\/verde-amarelo.net\/verdeamarelo\/wp-json\/wp\/v2\/comments?post=74982"}],"version-history":[{"count":0,"href":"https:\/\/verde-amarelo.net\/verdeamarelo\/wp-json\/wp\/v2\/posts\/74982\/revisions"}],"wp:attachment":[{"href":"https:\/\/verde-amarelo.net\/verdeamarelo\/wp-json\/wp\/v2\/media?parent=74982"}],"wp:term":[{"taxonomy":"category","embeddable":true,"href":"https:\/\/verde-amarelo.net\/verdeamarelo\/wp-json\/wp\/v2\/categories?post=74982"},{"taxonomy":"post_tag","embeddable":true,"href":"https:\/\/verde-amarelo.net\/verdeamarelo\/wp-json\/wp\/v2\/tags?post=74982"}],"curies":[{"name":"wp","href":"https:\/\/api.w.org\/{rel}","templated":true}]}}