{"id":74984,"date":"2019-06-11T03:31:28","date_gmt":"2019-06-11T06:31:28","guid":{"rendered":"https:\/\/verde-amarelo.net\/verdeamarelo\/2019\/06\/caminhoneiros-so-os-profissionais-que-mais-morrem-em-acidentes-durante-o-trabalho\/"},"modified":"2019-06-11T03:31:28","modified_gmt":"2019-06-11T06:31:28","slug":"caminhoneiros-so-os-profissionais-que-mais-morrem-em-acidentes-durante-o-trabalho","status":"publish","type":"post","link":"https:\/\/verde-amarelo.net\/verdeamarelo\/2019\/06\/caminhoneiros-so-os-profissionais-que-mais-morrem-em-acidentes-durante-o-trabalho\/","title":{"rendered":"Caminhoneiros s&atilde;o os profissionais que mais morrem em acidentes durante o trabalho"},"content":{"rendered":"<p>\nPesquisas realizadas por diferentes institutos constataram a dura realidade dos caminhoneiros brasileiros. Al\u00e9m da \u00e1rdua jornada de trabalho, eles\u00a0s\u00e3o alvo de crimes e acidentes de tr\u00e2nsito nas rodovias.<br \/>\nNo in\u00edcio deste ano, a Confedera\u00e7\u00e3o Nacional do Transporte entrevistou mais de mil caminhoneiros e 64,6% deles afirmaram que um dos maiores problemas enfrentados na profiss\u00e3o s\u00e3o os crimes. E 49,5% relataram j\u00e1 ter recusado um servi\u00e7o por medo de serem alvo de roubos e assaltos.<br \/>\nE ainda: dados do Minist\u00e9rio da Sa\u00fade de 2018 d\u00e3o conta que no per\u00edodo entre 2007 e 2016, os caminhoneiros lideraram as mortes de tr\u00e2nsito relacionadas \u00e0 profiss\u00e3o, representando 13% do total de apura\u00e7\u00f5es.<br \/>\nDentre as causas dos acidentes envolvendo caminhoneiros est\u00e1 o n\u00e3o cumprimento do descanso estabelecido pela Lei No. 13.103\/2015, tamb\u00e9m conhecida como Lei do Motorista. Segundo um outro estudo, realizado pela Unifesp, quando uma pessoa fica mais de 19 horas sem dormir, pode perder os reflexos de forma equivalente ao que acontece com pessoas embriagadas.<br \/>\nPor isso, a Lei do Motorista estabelece a esse profissional o direito de descansar por 11 horas a cada 24 horas, sendo que 8 delas devem ser ininterruptas. Al\u00e9m disso, s\u00e3o obrigat\u00f3rios 30 minutos de descanso a cada 6 horas na condu\u00e7\u00e3o de ve\u00edculos de carga.<br \/>\nA falta de locais apropriados para o descanso contribuem para a consolida\u00e7\u00e3o deste cen\u00e1rio.\u00a0<br \/>\nFoi pensando em todos os\u00a0perigos enfrentados pelos caminhoneiros, que os irm\u00e3os Vinicius Vendrami Malucelli e Antonio Vendrami Malucelli decidiram construir uma Parada\u00a0com foco no atendimento a caminhoneiros.<br \/>\nEm fase de constru\u00e7\u00e3o e com previs\u00e3o de inaugura\u00e7\u00e3o para dezembro de 2019, a Parada Vendrami, como foi chamada, fica localizada\u00a0em uma das rodovias mais movimentadas do Brasil, a BR-376, na regi\u00e3o de Ponta Grossa (PR).\u00a0O munic\u00edpio abriga o Distrito Industrial, local que fica no cruzamento da PR-151 e BR-376, recebendo, portanto, todos os dias uma enorme quantidade de ve\u00edculos e principalmente caminh\u00f5es de carga. Inclusive, essa \u00e9 uma \u00e1rea de acidentes, tanto \u00e9 que em 2017 ocorreram 1688 acidentes de tr\u00e2nsito, resultando em 109 mortes, segundo o\u00a0Departamento de Estradas de Rodagem (DER).<br \/>\n\u00a0\u00a0<br \/>\nCom um projeto inovador, a Parada Vendrami proporcionar\u00e1 um local de descanso apropriado para esses profissionais, com estacionamento monitarado para\u00a0215 caminh\u00f5es\u00a0ou mais de 80 bi-trens. Al\u00e9m disso, eles poder\u00e3o compartilhar\u00a0de uma sala de descanso, banheiros, chuveiros com vesti\u00e1rio individual, entre outras facilidades.<br \/>\nNo local haver\u00e1 tamb\u00e9m restaurantes, lojas de conveni\u00eancia e outros servi\u00e7os como barbeiro e a algumas lavadoras de roupas.<br \/>\nEst\u00e1 previsto dentro deste novo conceito uma central de cargas, onde os profissionais poder\u00e3o negociar fretes, e mais de 20 escrit\u00f3rios comerciais destinados a seguradoras, despachantes, transportadoras, al\u00e9m de, entre outros servi\u00e7os exclusivos para os caminhoneiros, uma central de reparos.<br \/>\n&ldquo;Ponta Grossa \u00e9 um ponto log\u00edstico fundamental para o Brasil e n\u00f3s percebemos que n\u00e3o havia nenhum estabelecimento seguro e moderno nessa regi\u00e3o, por isso resolvemos iniciar esse projeto, no qual os motoristas e principalmente os caminhoneiros, que ficam mais vulner\u00e1veis no exerc\u00edcio da profiss\u00e3o, poder\u00e3o descansar, se alimentar e at\u00e9 resolver problemas com o ve\u00edculo em seguran\u00e7a&rdquo;, declara Vinicius Malucelli.<br \/>\nPara o empreendedor, a realiza\u00e7\u00e3o de projetos como esse \u00e9 de grande import\u00e2ncia e deveria se repetir: &ldquo;O Brasil deveria contar com mais \u00e1reas de descanso como essas, visando a seguran\u00e7a nas estradas. O n\u00famero de acidentes certamente cairia muito&rdquo;, avalia Vinicius. \u00a0<br \/>\n\u00a0<\/p>\n","protected":false},"excerpt":{"rendered":"<p>Pesquisas realizadas por diferentes institutos constataram a dura realidade dos caminhoneiros brasileiros. Al\u00e9m da \u00e1rdua&#8230;<\/p>\n","protected":false},"author":1,"featured_media":0,"comment_status":"open","ping_status":"open","sticky":false,"template":"","format":"standard","meta":{"fifu_image_url":"","fifu_image_alt":"","footnotes":""},"categories":[8427],"tags":[],"class_list":["post-74984","post","type-post","status-publish","format-standard","hentry","category-geral","wpcat-8427-id"],"_links":{"self":[{"href":"https:\/\/verde-amarelo.net\/verdeamarelo\/wp-json\/wp\/v2\/posts\/74984","targetHints":{"allow":["GET"]}}],"collection":[{"href":"https:\/\/verde-amarelo.net\/verdeamarelo\/wp-json\/wp\/v2\/posts"}],"about":[{"href":"https:\/\/verde-amarelo.net\/verdeamarelo\/wp-json\/wp\/v2\/types\/post"}],"author":[{"embeddable":true,"href":"https:\/\/verde-amarelo.net\/verdeamarelo\/wp-json\/wp\/v2\/users\/1"}],"replies":[{"embeddable":true,"href":"https:\/\/verde-amarelo.net\/verdeamarelo\/wp-json\/wp\/v2\/comments?post=74984"}],"version-history":[{"count":0,"href":"https:\/\/verde-amarelo.net\/verdeamarelo\/wp-json\/wp\/v2\/posts\/74984\/revisions"}],"wp:attachment":[{"href":"https:\/\/verde-amarelo.net\/verdeamarelo\/wp-json\/wp\/v2\/media?parent=74984"}],"wp:term":[{"taxonomy":"category","embeddable":true,"href":"https:\/\/verde-amarelo.net\/verdeamarelo\/wp-json\/wp\/v2\/categories?post=74984"},{"taxonomy":"post_tag","embeddable":true,"href":"https:\/\/verde-amarelo.net\/verdeamarelo\/wp-json\/wp\/v2\/tags?post=74984"}],"curies":[{"name":"wp","href":"https:\/\/api.w.org\/{rel}","templated":true}]}}