{"id":74985,"date":"2019-06-11T03:31:30","date_gmt":"2019-06-11T06:31:30","guid":{"rendered":"https:\/\/verde-amarelo.net\/verdeamarelo\/2019\/06\/toyota-e-subaru-desenvolvero-juntas-plataforma-para-suv-eltrico\/"},"modified":"2019-06-11T03:31:30","modified_gmt":"2019-06-11T06:31:30","slug":"toyota-e-subaru-desenvolvero-juntas-plataforma-para-suv-eltrico","status":"publish","type":"post","link":"https:\/\/verde-amarelo.net\/verdeamarelo\/2019\/06\/toyota-e-subaru-desenvolvero-juntas-plataforma-para-suv-eltrico\/","title":{"rendered":"Toyota e Subaru desenvolver&atilde;o juntas plataforma para SUV el&eacute;trico"},"content":{"rendered":"<p>\nA Toyota Motor Corporation e a Subaru Corporation (Subaru) divulgaram<br \/>\nontem, 6 de junho, no Jap\u00e3o, que ir\u00e3o desenvolver conjuntamente uma<br \/>\nplataforma dedicada a ve\u00edculos el\u00e9tricos a bateria (BEVs) de m\u00e9dio e<br \/>\ngrande porte e um SUV BEV para venda sob a marca pr\u00f3pria de cada<br \/>\nempresa. Combinando suas respectivas fortalezas, como as tecnologias de<br \/>\ntra\u00e7\u00e3o nas quatro rodas que a Subaru domina h\u00e1 muitos anos, e as<br \/>\ntecnologias de eletrifica\u00e7\u00e3o de ve\u00edculos que a Toyota est\u00e1 empregando<br \/>\npara reunir outras empresas que compartilham suas aspira\u00e7\u00f5es, as duas<br \/>\nempresas pretendem enfrentar o desafio de criar produtos atraentes com<br \/>\napelo que somente os BEVs podem oferecer.<\/p>&nbsp;&nbsp;\n<p>Desde a conclus\u00e3o de um acordo de colabora\u00e7\u00e3o comercial, em 2005, a<br \/>\nToyota e a Subaru v\u00eam aprofundando sua coopera\u00e7\u00e3o em v\u00e1rios campos,<br \/>\nincluindo desenvolvimento, produ\u00e7\u00e3o e vendas. Os exemplos incluem os<br \/>\nesfor\u00e7os que levaram ao in\u00edcio das vendas do Toyota 86 e do Subaru BRZ,<br \/>\ndesenvolvidos em conjunto, em 2012, e o in\u00edcio das vendas do<br \/>\nh\u00edbrido-el\u00e9trico original (HEV) Subaru Crosstrain Hybrid nos Estados<br \/>\nUnidos, que recebeu conhecimento relacionado \u00e0s tecnologias HEV da<br \/>\nToyota.<\/p>&nbsp;&nbsp;\n<p>A ind\u00fastria automotiva est\u00e1 no meio de um per\u00edodo de transforma\u00e7\u00e3o<br \/>\nprofunda que ocorre uma vez em cada s\u00e9culo. Come\u00e7ando com as respostas<br \/>\nao acr\u00f4nimo que vem dominando a ind\u00fastria automotiva atualmente &#8211; CASE,<br \/>\nque significa Conectividade, Dire\u00e7\u00e3o Aut\u00f4noma ou Assistida, Nova<br \/>\nMobilidade ou Compartilhamento de Carros, e Eletrifica\u00e7\u00e3o, a Toyota e a<br \/>\nSubaru se encontram diante da necessidade de condu\u00e7\u00e3o do<br \/>\ndesenvolvimento tecnol\u00f3gico com um senso de velocidade em um amplo<br \/>\nespectro de iniciativas. Baseando-se em seus la\u00e7os de colabora\u00e7\u00e3o, o<br \/>\nnovo acordo anunciado representa uma nova \u00e1rea de colabora\u00e7\u00e3o que se<br \/>\nconcentra especialmente na necessidade urgente de responder ao dom\u00ednio<br \/>\n&#8220;E&#8221; do CASE, ou seja, conjuntos de motoriza\u00e7\u00e3o e componentes<br \/>\neletrificados.<\/p>&nbsp;&nbsp;\n<p>Atualmente, abordar a eletrifica\u00e7\u00e3o de ve\u00edculos \u00e9 obrigat\u00f3rio, devido a<br \/>\nquest\u00f5es energ\u00e9ticas e a pol\u00edticas governamentais de cada pa\u00eds ou<br \/>\nregi\u00e3o, bem como devido \u00e0s diferen\u00e7as nas regulamenta\u00e7\u00f5es ambientais,<br \/>\nnas etapas de prepara\u00e7\u00e3o da infraestrutura e nas necessidades do<br \/>\nmercado por ve\u00edculos el\u00e9tricos, efici\u00eancia e r\u00e1pido desenvolvimento de<br \/>\nprodutos adequados.<\/p>&nbsp;&nbsp;\n<p>Al\u00e9m disso, a comercializa\u00e7\u00e3o de BEVs requer o uso de baterias de<br \/>\ngrande capacidade e, junto com a populariza\u00e7\u00e3o de ve\u00edculos com este<br \/>\ntipo de propuls\u00e3o, demanda uma nova dimens\u00e3o para o fornecimento de<br \/>\nbaterias. Com as diferen\u00e7as na forma como os carros ser\u00e3o utilizados e<br \/>\nao estado da constru\u00e7\u00e3o da infra-estrutura, uma nova abordagem nos<br \/>\nm\u00e9todos de vendas tamb\u00e9m ser\u00e1 necess\u00e1ria. Essas e outras quest\u00f5es<br \/>\napresentam um crescente n\u00famero de desafios relacionados a custos,<br \/>\nsuprimentos e formas de vender.<\/p>&nbsp;&nbsp;\n<p>Para responder com um senso de velocidade \u00e0s diversas necessidades<br \/>\ndesses mercados e a m\u00faltiplos desafios, a Toyota e a Subaru acreditam<br \/>\nque seja necess\u00e1rio buscar um modelo de neg\u00f3cios que v\u00e1 al\u00e9m das<br \/>\nconven\u00e7\u00f5es, cruzando fronteiras industriais junto com v\u00e1rios tipos de<br \/>\noutras entidades que compartilhem suas aspira\u00e7\u00f5es. Como um primeiro<br \/>\npasso nessa dire\u00e7\u00e3o, ao acelerar a produ\u00e7\u00e3o reunindo tecnologias que<br \/>\nrepresentam os pontos fortes de cada empresa e cooperando sempre que<br \/>\nposs\u00edvel, as duas companhias desenvolver\u00e3o conjuntamente uma plataforma<br \/>\ndedicada ao BEV. A plataforma ser\u00e1 desenvolvida para ser amplamente<br \/>\naplic\u00e1vel a v\u00e1rios tipos de ve\u00edculos, incluindo sed\u00e3s e SUVs de<br \/>\nsegmento C e D, bem como ao desenvolvimento eficiente de modelos de<br \/>\nve\u00edculos derivados.<\/p>&nbsp;&nbsp;\n<p>Nota Subaru<\/p>\n<p>Ap\u00f3s este acordo com a Toyota, a Subaru agora mudar\u00e1 seus recursos de<br \/>\ndesenvolvimento de BEVs para este novo projeto conjunto. Dentro desta<br \/>\nnova estrutura, a Subaru continuar\u00e1 seus esfor\u00e7os para criar um<br \/>\natraente utilit\u00e1rio esportivo para os nossos clientes, melhorando as<br \/>\nefici\u00eancias em termos de engenharia, desenvolvimento, compras e outras<br \/>\n\u00e1reas atrav\u00e9s do novo projeto conjunto.<\/p>&nbsp;&nbsp;\n","protected":false},"excerpt":{"rendered":"<p>A Toyota Motor Corporation e a Subaru Corporation (Subaru) divulgaram ontem, 6 de junho, no&#8230;<\/p>\n","protected":false},"author":1,"featured_media":0,"comment_status":"open","ping_status":"open","sticky":false,"template":"","format":"standard","meta":{"fifu_image_url":"","fifu_image_alt":"","footnotes":""},"categories":[8427],"tags":[],"class_list":["post-74985","post","type-post","status-publish","format-standard","hentry","category-geral","wpcat-8427-id"],"_links":{"self":[{"href":"https:\/\/verde-amarelo.net\/verdeamarelo\/wp-json\/wp\/v2\/posts\/74985","targetHints":{"allow":["GET"]}}],"collection":[{"href":"https:\/\/verde-amarelo.net\/verdeamarelo\/wp-json\/wp\/v2\/posts"}],"about":[{"href":"https:\/\/verde-amarelo.net\/verdeamarelo\/wp-json\/wp\/v2\/types\/post"}],"author":[{"embeddable":true,"href":"https:\/\/verde-amarelo.net\/verdeamarelo\/wp-json\/wp\/v2\/users\/1"}],"replies":[{"embeddable":true,"href":"https:\/\/verde-amarelo.net\/verdeamarelo\/wp-json\/wp\/v2\/comments?post=74985"}],"version-history":[{"count":0,"href":"https:\/\/verde-amarelo.net\/verdeamarelo\/wp-json\/wp\/v2\/posts\/74985\/revisions"}],"wp:attachment":[{"href":"https:\/\/verde-amarelo.net\/verdeamarelo\/wp-json\/wp\/v2\/media?parent=74985"}],"wp:term":[{"taxonomy":"category","embeddable":true,"href":"https:\/\/verde-amarelo.net\/verdeamarelo\/wp-json\/wp\/v2\/categories?post=74985"},{"taxonomy":"post_tag","embeddable":true,"href":"https:\/\/verde-amarelo.net\/verdeamarelo\/wp-json\/wp\/v2\/tags?post=74985"}],"curies":[{"name":"wp","href":"https:\/\/api.w.org\/{rel}","templated":true}]}}