{"id":75194,"date":"2019-06-04T13:34:09","date_gmt":"2019-06-04T16:34:09","guid":{"rendered":"https:\/\/verde-amarelo.net\/verdeamarelo\/2019\/06\/exportacoes-brasileiras-crescem-56-em-maio\/"},"modified":"2019-06-04T13:34:09","modified_gmt":"2019-06-04T16:34:09","slug":"exportacoes-brasileiras-crescem-56-em-maio","status":"publish","type":"post","link":"https:\/\/verde-amarelo.net\/verdeamarelo\/2019\/06\/exportacoes-brasileiras-crescem-56-em-maio\/","title":{"rendered":"Exporta\u00e7\u00f5es brasileiras crescem 5,6% em maio"},"content":{"rendered":"<p><em>Importa\u00e7\u00f5es tiveram crescimento de 7,8% no m\u00eas, indicando melhora da atividade econ\u00f4mica<\/em><\/p>\n<p>O secret\u00e1rio de Com\u00e9rcio Exterior substituto do Minist\u00e9rio da Economia, Herlon Brand\u00e3o, comentou nesta segunda-feira (3\/6), em entrevista coletiva, os resultados da balan\u00e7a comercial de maio de 2019. \u201cTivemos crescimento da corrente de com\u00e9rcio, que \u00e9 a soma das exporta\u00e7\u00f5es e das importa\u00e7\u00f5es, e isso sinaliza uma melhora da atividade econ\u00f4mica, ao contr\u00e1rio do que vinha acontecendo nos \u00faltimos meses com as vendas externas em queda\u2019, afirmou Brand\u00e3o.<\/p>&nbsp;&nbsp;\n<p>Em maio de 2019, a exporta\u00e7\u00e3o alcan\u00e7ou US$ 21,394 bilh\u00f5es. Em rela\u00e7\u00e3o a maio de 2018, as vendas externas brasileiras tiveram crescimento de 5,6%; e em rela\u00e7\u00e3o a abril de 2019, o aumento foi de 3,7%, pela m\u00e9dia di\u00e1ria.<\/p>&nbsp;&nbsp;\n<p>As importa\u00e7\u00f5es em maio \u00faltimo totalizaram US$ 14,972 bilh\u00f5es. Sobre o mesmo per\u00edodo de 2018, as compras brasileiras no exterior tiveram crescimento de 7,8%, e de 4,9% sobre abril de 2019, tamb\u00e9m pela m\u00e9dia di\u00e1ria.<\/p>&nbsp;&nbsp;\n<p>Assim, a corrente de com\u00e9rcio, que \u00e9 a soma de exporta\u00e7\u00f5es e importa\u00e7\u00f5es, foi de US$ 36,366 bilh\u00f5es no per\u00edodo, o que representa um acr\u00e9scimo de 6,5%, em rela\u00e7\u00e3o a maio de 2018.&nbsp; J\u00e1 o saldo comercial do m\u00eas teve super\u00e1vit de US$ 6,422 bilh\u00f5es, valor 0,9% superior, pela m\u00e9dia di\u00e1ria, ao alcan\u00e7ado em igual per\u00edodo de 2018 (US$ 6,073 bilh\u00f5es).<\/p>&nbsp;&nbsp;\n<p><a href=\"http:\/\/www.mdic.gov.br\/comercio-exterior\/estatisticas-de-comercio-exterior\/balanca-comercial-brasileira-semanal\" target=\"_blank\" rel=\"noopener\">Acesse os&nbsp;dados completos da&nbsp;balan\u00e7a comercial brasileira de maio de 2019<\/a><\/p>\n<p>No acumulado do ano, as exporta\u00e7\u00f5es j\u00e1 chegam a US$ 93,543 bilh\u00f5es, com queda de 1,1%, pela m\u00e9dia di\u00e1ria, em rela\u00e7\u00e3o aos cinco primeiros meses do ano passado.<\/p>&nbsp;&nbsp;\n<p>De acordo com Herlon Brand\u00e3o, a pequena redu\u00e7\u00e3o da exporta\u00e7\u00e3o de janeiro a maio deste ano foi motivada pela queda dos pre\u00e7os internacionais, j\u00e1 que as quantidades exportadas foram maiores. Cresceram em quantidade as exporta\u00e7\u00f5es de petr\u00f3leo, min\u00e9rio de ferro e carnes, por exemplo.<\/p>&nbsp;&nbsp;\n<p>As importa\u00e7\u00f5es, nos cinco primeiros meses de 2019, somaram US$ 70,737 bilh\u00f5es. Houve aumento de 0,8%, pela m\u00e9dia di\u00e1ria, sobre o mesmo per\u00edodo anterior (US$ 69,476 bilh\u00f5es).<\/p>&nbsp;&nbsp;\n<p>J\u00e1 a corrente de com\u00e9rcio alcan\u00e7ou US$ 164,280 bilh\u00f5es, representando queda de 0,3% sobre o mesmo per\u00edodo anterior, pela m\u00e9dia di\u00e1ria, quando totalizou US$ 163,189 bilh\u00f5es.<\/p>&nbsp;&nbsp;\n<p>O saldo comercial est\u00e1 superavit\u00e1rio em US$ 22,806 bilh\u00f5es, valor 6,8% inferior, pela m\u00e9dia di\u00e1ria, ao alcan\u00e7ado em igual per\u00edodo de 2018 (US$ 24,237 bilh\u00f5es)<\/p>\n<p>Segundo Brand\u00e3o, o pequeno aumento das importa\u00e7\u00f5es foi reflexo da compra em maior quantidade de combust\u00edveis, insumos, al\u00e9m de adubos e fertilizantes. \u201cCerca de 80% das nossas importa\u00e7\u00f5es s\u00e3o referentes a insumos e outros bens ligados \u00e0 atividade produtiva\u201d, explicou o secret\u00e1rio de Com\u00e9rcio exterior substituto.<\/p>&nbsp;&nbsp;\n<p><strong>Compradores<\/strong><\/p>\n<p>Em rela\u00e7\u00e3o aos mercados compradores de produtos brasileiros, um dos principais destaques de maio foram os EUA. As vendas brasileiras para aquele mercado cresceram 60% em rela\u00e7\u00e3o a maio de 2018; e 18% em rela\u00e7\u00e3o aos cinco primeiros meses do ano passado.<\/p>&nbsp;&nbsp;\n<p>&nbsp;\u201cA rela\u00e7\u00e3o comercial do Brasil com os EUA \u00e9 muito forte. Os EUA s\u00e3o o maior destino dos bens industrializados que o Brasil produz. Exportamos para eles, principalmente, sider\u00fargicos, combust\u00edveis, avi\u00f5es e pe\u00e7as para avi\u00f5es\u201d, explicou Brand\u00e3o.<\/p>&nbsp;&nbsp;\n<p>Em maio, as importa\u00e7\u00f5es brasileiras dos EUA tamb\u00e9m aumentaram 25%, principalmente, por conta de motores e geradores el\u00e9tricos, gasolina e combust\u00edveis, j\u00e1 que o pa\u00eds \u00e9 o maior fornecedor externo do produto ao Brasil.<\/p>&nbsp;&nbsp;\n<p><img decoding=\"async\" src=\"data:image\/gif;base64,R0lGODlhAQABAIAAAAAAAP\/\/\/ywAAAAAAQABAAACAUwAOw==\" fifu-lazy=\"1\" fifu-data-sizes=\"auto\" fifu-data-srcset=\"https:\/\/i1.wp.com\/www.flickr.com\/photos\/155937897@N03\/albums\/72157708911454437?ssl=1&w=75&resize=75&ssl=1 75w, https:\/\/i1.wp.com\/www.flickr.com\/photos\/155937897@N03\/albums\/72157708911454437?ssl=1&w=100&resize=100&ssl=1 100w, https:\/\/i1.wp.com\/www.flickr.com\/photos\/155937897@N03\/albums\/72157708911454437?ssl=1&w=150&resize=150&ssl=1 150w, https:\/\/i1.wp.com\/www.flickr.com\/photos\/155937897@N03\/albums\/72157708911454437?ssl=1&w=240&resize=240&ssl=1 240w, https:\/\/i1.wp.com\/www.flickr.com\/photos\/155937897@N03\/albums\/72157708911454437?ssl=1&w=320&resize=320&ssl=1 320w, https:\/\/i1.wp.com\/www.flickr.com\/photos\/155937897@N03\/albums\/72157708911454437?ssl=1&w=500&resize=500&ssl=1 500w, https:\/\/i1.wp.com\/www.flickr.com\/photos\/155937897@N03\/albums\/72157708911454437?ssl=1&w=640&resize=640&ssl=1 640w, https:\/\/i1.wp.com\/www.flickr.com\/photos\/155937897@N03\/albums\/72157708911454437?ssl=1&w=800&resize=800&ssl=1 800w, https:\/\/i1.wp.com\/www.flickr.com\/photos\/155937897@N03\/albums\/72157708911454437?ssl=1&w=1024&resize=1024&ssl=1 1024w, https:\/\/i1.wp.com\/www.flickr.com\/photos\/155937897@N03\/albums\/72157708911454437?ssl=1&w=1280&resize=1280&ssl=1 1280w, https:\/\/i1.wp.com\/www.flickr.com\/photos\/155937897@N03\/albums\/72157708911454437?ssl=1&w=1600&resize=1600&ssl=1 1600w\" alt fifu-data-src=\"https:\/\/i1.wp.com\/www.flickr.com\/photos\/155937897@N03\/albums\/72157708911454437?ssl=1\"><\/p>\n<p><a href=\"http:\/\/www.investexportbrasil.gov.br\/exportacoes-brasileiras-crescem-56-em-maio\" target=\"_blank\" rel=\"noopener\">Mais em http:\/\/www.investexportbrasil.gov.br\/exportacoes-brasileiras-crescem-56-em-maio<\/a><\/p>\n","protected":false},"excerpt":{"rendered":"<p>Importa\u00e7\u00f5es tiveram crescimento de 7,8% no m\u00eas, indicando melhora da atividade econ\u00f4mica O secret\u00e1rio de&#8230;<\/p>\n","protected":false},"author":1,"featured_media":0,"comment_status":"open","ping_status":"open","sticky":false,"template":"","format":"standard","meta":{"fifu_image_url":"","fifu_image_alt":"","footnotes":""},"categories":[727],"tags":[],"class_list":["post-75194","post","type-post","status-publish","format-standard","hentry","category-noticias","wpcat-727-id"],"_links":{"self":[{"href":"https:\/\/verde-amarelo.net\/verdeamarelo\/wp-json\/wp\/v2\/posts\/75194","targetHints":{"allow":["GET"]}}],"collection":[{"href":"https:\/\/verde-amarelo.net\/verdeamarelo\/wp-json\/wp\/v2\/posts"}],"about":[{"href":"https:\/\/verde-amarelo.net\/verdeamarelo\/wp-json\/wp\/v2\/types\/post"}],"author":[{"embeddable":true,"href":"https:\/\/verde-amarelo.net\/verdeamarelo\/wp-json\/wp\/v2\/users\/1"}],"replies":[{"embeddable":true,"href":"https:\/\/verde-amarelo.net\/verdeamarelo\/wp-json\/wp\/v2\/comments?post=75194"}],"version-history":[{"count":0,"href":"https:\/\/verde-amarelo.net\/verdeamarelo\/wp-json\/wp\/v2\/posts\/75194\/revisions"}],"wp:attachment":[{"href":"https:\/\/verde-amarelo.net\/verdeamarelo\/wp-json\/wp\/v2\/media?parent=75194"}],"wp:term":[{"taxonomy":"category","embeddable":true,"href":"https:\/\/verde-amarelo.net\/verdeamarelo\/wp-json\/wp\/v2\/categories?post=75194"},{"taxonomy":"post_tag","embeddable":true,"href":"https:\/\/verde-amarelo.net\/verdeamarelo\/wp-json\/wp\/v2\/tags?post=75194"}],"curies":[{"name":"wp","href":"https:\/\/api.w.org\/{rel}","templated":true}]}}