{"id":75303,"date":"2019-07-12T22:22:41","date_gmt":"2019-07-13T01:22:41","guid":{"rendered":"https:\/\/verde-amarelo.net\/verdeamarelo\/2019\/07\/vendas-externas-do-agro-em-junho-somam-us-834-bi\/"},"modified":"2019-07-12T22:22:41","modified_gmt":"2019-07-13T01:22:41","slug":"vendas-externas-do-agro-em-junho-somam-us-834-bi","status":"publish","type":"post","link":"https:\/\/verde-amarelo.net\/verdeamarelo\/2019\/07\/vendas-externas-do-agro-em-junho-somam-us-834-bi\/","title":{"rendered":"Vendas externas do agro em junho somam US$ 8,34 bi"},"content":{"rendered":"<div><img decoding=\"async\" src=\"data:image\/gif;base64,R0lGODlhAQABAIAAAAAAAP\/\/\/ywAAAAAAQABAAACAUwAOw==\" fifu-lazy=\"1\" fifu-data-sizes=\"auto\" fifu-data-srcset=\"https:\/\/i0.wp.com\/www.truckbrasil.com.br\/wp\/wp-content\/uploads\/2019\/07\/vendas-externas-do-agro-em-junho-somam-us-834-bi.jpg?ssl=1&w=75&resize=75&ssl=1 75w, https:\/\/i0.wp.com\/www.truckbrasil.com.br\/wp\/wp-content\/uploads\/2019\/07\/vendas-externas-do-agro-em-junho-somam-us-834-bi.jpg?ssl=1&w=100&resize=100&ssl=1 100w, https:\/\/i0.wp.com\/www.truckbrasil.com.br\/wp\/wp-content\/uploads\/2019\/07\/vendas-externas-do-agro-em-junho-somam-us-834-bi.jpg?ssl=1&w=150&resize=150&ssl=1 150w, https:\/\/i0.wp.com\/www.truckbrasil.com.br\/wp\/wp-content\/uploads\/2019\/07\/vendas-externas-do-agro-em-junho-somam-us-834-bi.jpg?ssl=1&w=240&resize=240&ssl=1 240w, https:\/\/i0.wp.com\/www.truckbrasil.com.br\/wp\/wp-content\/uploads\/2019\/07\/vendas-externas-do-agro-em-junho-somam-us-834-bi.jpg?ssl=1&w=320&resize=320&ssl=1 320w, https:\/\/i0.wp.com\/www.truckbrasil.com.br\/wp\/wp-content\/uploads\/2019\/07\/vendas-externas-do-agro-em-junho-somam-us-834-bi.jpg?ssl=1&w=500&resize=500&ssl=1 500w, https:\/\/i0.wp.com\/www.truckbrasil.com.br\/wp\/wp-content\/uploads\/2019\/07\/vendas-externas-do-agro-em-junho-somam-us-834-bi.jpg?ssl=1&w=640&resize=640&ssl=1 640w, https:\/\/i0.wp.com\/www.truckbrasil.com.br\/wp\/wp-content\/uploads\/2019\/07\/vendas-externas-do-agro-em-junho-somam-us-834-bi.jpg?ssl=1&w=800&resize=800&ssl=1 800w, https:\/\/i0.wp.com\/www.truckbrasil.com.br\/wp\/wp-content\/uploads\/2019\/07\/vendas-externas-do-agro-em-junho-somam-us-834-bi.jpg?ssl=1&w=1024&resize=1024&ssl=1 1024w, https:\/\/i0.wp.com\/www.truckbrasil.com.br\/wp\/wp-content\/uploads\/2019\/07\/vendas-externas-do-agro-em-junho-somam-us-834-bi.jpg?ssl=1&w=1280&resize=1280&ssl=1 1280w, https:\/\/i0.wp.com\/www.truckbrasil.com.br\/wp\/wp-content\/uploads\/2019\/07\/vendas-externas-do-agro-em-junho-somam-us-834-bi.jpg?ssl=1&w=1600&resize=1600&ssl=1 1600w\" fifu-data-src=\"https:\/\/i0.wp.com\/www.truckbrasil.com.br\/wp\/wp-content\/uploads\/2019\/07\/vendas-externas-do-agro-em-junho-somam-us-834-bi.jpg?ssl=1\" class=\"ff-og-image-inserted\"><\/div>\n<p>Volume financeiro representa 46,3% da balan\u00e7a comercial do pa\u00eds; resultado reflete queda dos pre\u00e7os de produtos exportados pelo Brasil<\/p>\n<div id=\"viewlet-below-content-title\" readability=\"32\">\n<p><span class=\"documentPublished\"><span>publicado<\/span>: <span property=\"rnews:datePublished\">12\/07\/2019 19h22<\/span><\/span> <span class=\"documentModified\"><span>\u00faltima modifica\u00e7\u00e3o<\/span>: <span property=\"rnews:dateModified\">12\/07\/2019 19h22<\/span><\/span><\/p>\n<\/div>\n<div property=\"rnews:articleBody\" readability=\"138.42874573\">\n<p><span>As exporta\u00e7\u00f5es do agroneg\u00f3cio em junho foram puxadas pelos embarques das carnes (bovina, su\u00edna e de frango) e milho. De acordo com a Secretaria de Com\u00e9rcio e Rela\u00e7\u00f5es Internacionais (SCRI) do Minist\u00e9rio da Agricultura, Pecu\u00e1ria e Abastecimento (Mapa), as vendas representaram US$ 8,34 bilh\u00f5es, recuo de 8,9% nas divisas em rela\u00e7\u00e3o a junho de 2018, em fun\u00e7\u00e3o da queda de 9,5% no \u00edndice de pre\u00e7o dos produtos agropecu\u00e1rios exportados pelo Brasil. A participa\u00e7\u00e3o do agroneg\u00f3cio na balan\u00e7a comercial brasileira de junho ficou em 46,3%.<\/span><\/p>\n<p>As exporta\u00e7\u00f5es de carne tiveram forte eleva\u00e7\u00e3o em junho de 2019 na compara\u00e7\u00e3o com o mesmo m\u00eas de 2018. Foram exportadas US$ 1,32 bilh\u00e3o em carnes (+84,8%). Grande parte dessa expans\u00e3o ocorreu em fun\u00e7\u00e3o do aumento da quantidade de carne exportada (+72,2%) embora o pre\u00e7o m\u00e9dio de exporta\u00e7\u00e3o das carnes tamb\u00e9m tenha subido (+7,3%). Todas os principais tipos de carnes exportadas pelo Brasil tiveram eleva\u00e7\u00e3o no valor exportado, a exce\u00e7\u00e3o \u00e0s carnes de peru (-20,2%).<\/p>&nbsp;&nbsp;\n<p>A principal carne exportada foi a carne de frango, com US$ 629,95 milh\u00f5es (+76,7%). As vendas externas de carne bovina subiram 93%, atingindo US$ 514,41 milh\u00f5es (+93%). A carne su\u00edna teve o maior incremento dentre as carnes, subindo 112,1% e atingindo US$ 136,30 milh\u00f5es.<\/p>&nbsp;&nbsp;\n<p>O milho, com eleva\u00e7\u00e3o de 932% nas vendas, alcan\u00e7ou US$ 272 milh\u00f5es, com embarques de 1,4 milh\u00e3o de toneladas do gr\u00e3o. Os principais pa\u00edses compradores foram Vietn\u00e3 (US$ 85,1milh\u00f5es), Ir\u00e3 (US$ 78,2 milh\u00f5es) e Jap\u00e3o (US$ 24,4 milh\u00f5es).<\/p>&nbsp;&nbsp;\n<p><strong>Resultado do semestre<\/strong><\/p>\n<p>No semestre, as exporta\u00e7\u00f5es do agroneg\u00f3cio somaram US$ 47,69 bilh\u00f5es, 3,6% inferior ao que foi registrado de janeiro&nbsp; a junho de 2018, de US$ 49,48 bilh\u00f5es. As vendas para o exterior de carnes (bovina, su\u00edna e de frango) e milho tiveram relev\u00e2ncia no primeiro semestre do ano (janeiro a junho) com aumento do valor e da quantidade exportada.<\/p>&nbsp;&nbsp;\n<p>Segundo o boletim elaborado pela SCRI, as exporta\u00e7\u00f5es de carnes subiram de US$ 6,32 bilh\u00f5es para US$ 7,42 bilh\u00f5es (+17,5%), principalmente, para os destinos China (US$ 1,4 bilh\u00e3o), Hong Kong (US$ 947 milh\u00f5es) e Emirados \u00c1rabes Unidos (US$ 515,4 milh\u00f5es).<\/p>&nbsp;&nbsp;\n<p>O volume exportado de carne bovina registrou 826,1 mil toneladas ou o equivalente a US$ 3,11 bilh\u00f5es em vendas externas (+16,3%) no primeiro semestre deste ano.<\/p>&nbsp;&nbsp;\n<p>As exporta\u00e7\u00f5es de carne de frango, principal carne exportada pelo Brasil em valor, foram de US$ 3,39 bilh\u00f5es (+19%) entre janeiro e junho de 2019. J\u00e1 as vendas externas de carne su\u00edna atingiram US$ 698,53 milh\u00f5es (+26%) no mesmo per\u00edodo de an\u00e1lise.<\/p>&nbsp;&nbsp;\n<p>O Brasil exportou 9,3 milh\u00f5es de toneladas de milho no primeiro semestre, com divisas de US$ 1,7 bilh\u00e3o (+100%), principalmente, para o Ir\u00e3 (US$ 470,3 milh\u00f5es), Vietn\u00e3 (US$ 288,2 milh\u00f5es) e Taiwan (US$ 152,5 milh\u00f5es).<\/p>&nbsp;&nbsp;\n<p>As exporta\u00e7\u00f5es do agroneg\u00f3cio no primeiro semestre foram de US$ 47,69 milh\u00f5es, recuo de 3,6%. Trata-se do quinto maior valor exportado do agroneg\u00f3cio brasileiro para o per\u00edodo. O valor exportado entre janeiro e junho de 2019 foi ultrapassado somente nos seguintes anos: 2013 (US$ 49,55 bilh\u00f5es), 2014 (US$ 49,10 bilh\u00f5es), 2017 (US$ 48,13 bilh\u00f5es) e 2018 (US$ 49,48 bilh\u00f5es).<\/p>&nbsp;&nbsp;\n<p>Houve queda de 7,1% no \u00edndice de pre\u00e7os dos produtos do agroneg\u00f3cio exportados pelo Brasil e houve expans\u00e3o de 3,8% no \u00edndice de quantum das exporta\u00e7\u00f5es no per\u00edodo em estudo. Para os analistas da SCRI, parte da queda dos pre\u00e7os foi compensada pelo incremento do volume dos produtos exportados pelo Brasil.<\/p>&nbsp;&nbsp;\n<p>As importa\u00e7\u00f5es de produtos agropecu\u00e1rios tamb\u00e9m diminu\u00edram 1,2%, para US$ 6,96 bilh\u00f5es no primeiro semestre deste ano. O saldo da balan\u00e7a do agro no semestre foi superavit\u00e1rio em US$ 40,7 bilh\u00f5es. A participa\u00e7\u00e3o ficou em 43,4% do total das exporta\u00e7\u00f5es brasileiras.<\/p>&nbsp;&nbsp;\n<p>Confira a <a title href=\"http:\/\/www.agricultura.gov.br\/noticias\/vendas-externas-do-agro-em-junho-somam-us-8-34-bi\/Notaimprensajunhode2019.docx\" class=\"internal-link\" target=\"_self\" rel=\"noopener\"><strong>nota<\/strong><\/a> e o <strong><a title href=\"http:\/\/www.agricultura.gov.br\/noticias\/vendas-externas-do-agro-em-junho-somam-us-8-34-bi\/BalanaResumidajunho.xlsx\" class=\"internal-link\" target=\"_self\" rel=\"noopener\">resumo da Balan\u00e7a Comercial do Agroneg\u00f3cio<\/a><\/strong><\/p>\n<p>Confira o <a class=\"external-link\" href=\"http:\/\/sistemasweb.agricultura.gov.br\/pages\/AGROSTAT.html\" target=\"_self\" title rel=\"noopener\"><strong>Agrostat &#8211; Sistema de Estat\u00edsticas de Comercio Exterior do Agroneg\u00f3cio Brasileiro<\/strong><br \/><\/a><br \/><strong>Mais informa\u00e7\u00f5es \u00e0 imprensa:<\/strong><br \/>Coordena\u00e7\u00e3o-geral de Comunica\u00e7\u00e3o Social<br \/>Inez De Podest\u00e0<br \/>imprensa@agricultura.gov.br<\/p>\n<\/p><\/div>\n<p><a href=\"http:\/\/www.agricultura.gov.br\/noticias\/vendas-externas-do-agro-em-junho-somam-us-8-34-bi\" target=\"_blank\" rel=\"noopener\">Mais em http:\/\/www.agricultura.gov.br\/noticias\/vendas-externas-do-agro-em-junho-somam-us-8-34-bi<\/a><\/p>\n","protected":false},"excerpt":{"rendered":"<p>Volume financeiro representa 46,3% da balan\u00e7a comercial do pa\u00eds; resultado reflete queda dos pre\u00e7os de&#8230;<\/p>\n","protected":false},"author":1,"featured_media":0,"comment_status":"open","ping_status":"open","sticky":false,"template":"","format":"standard","meta":{"fifu_image_url":"","fifu_image_alt":"","footnotes":""},"categories":[727],"tags":[],"class_list":["post-75303","post","type-post","status-publish","format-standard","hentry","category-noticias","wpcat-727-id"],"_links":{"self":[{"href":"https:\/\/verde-amarelo.net\/verdeamarelo\/wp-json\/wp\/v2\/posts\/75303","targetHints":{"allow":["GET"]}}],"collection":[{"href":"https:\/\/verde-amarelo.net\/verdeamarelo\/wp-json\/wp\/v2\/posts"}],"about":[{"href":"https:\/\/verde-amarelo.net\/verdeamarelo\/wp-json\/wp\/v2\/types\/post"}],"author":[{"embeddable":true,"href":"https:\/\/verde-amarelo.net\/verdeamarelo\/wp-json\/wp\/v2\/users\/1"}],"replies":[{"embeddable":true,"href":"https:\/\/verde-amarelo.net\/verdeamarelo\/wp-json\/wp\/v2\/comments?post=75303"}],"version-history":[{"count":0,"href":"https:\/\/verde-amarelo.net\/verdeamarelo\/wp-json\/wp\/v2\/posts\/75303\/revisions"}],"wp:attachment":[{"href":"https:\/\/verde-amarelo.net\/verdeamarelo\/wp-json\/wp\/v2\/media?parent=75303"}],"wp:term":[{"taxonomy":"category","embeddable":true,"href":"https:\/\/verde-amarelo.net\/verdeamarelo\/wp-json\/wp\/v2\/categories?post=75303"},{"taxonomy":"post_tag","embeddable":true,"href":"https:\/\/verde-amarelo.net\/verdeamarelo\/wp-json\/wp\/v2\/tags?post=75303"}],"curies":[{"name":"wp","href":"https:\/\/api.w.org\/{rel}","templated":true}]}}