{"id":75339,"date":"2019-07-18T17:42:10","date_gmt":"2019-07-18T20:42:10","guid":{"rendered":"https:\/\/verde-amarelo.net\/verdeamarelo\/2019\/07\/mercedes-benz-classe-a-sedan-comeca-a-ser-vendido-no-brasil-por-iniciais-r-139-900\/"},"modified":"2019-07-18T17:42:10","modified_gmt":"2019-07-18T20:42:10","slug":"mercedes-benz-classe-a-sedan-comeca-a-ser-vendido-no-brasil-por-iniciais-r-139-900","status":"publish","type":"post","link":"https:\/\/verde-amarelo.net\/verdeamarelo\/2019\/07\/mercedes-benz-classe-a-sedan-comeca-a-ser-vendido-no-brasil-por-iniciais-r-139-900\/","title":{"rendered":"Mercedes-Benz Classe A Sedan come\u00e7a a ser vendido no Brasil por iniciais R$ 139.900"},"content":{"rendered":"<p>A Mercedes-Benz inicia as vendas do Classe A Sedan no Brasil nas vers\u00f5es A 200 Sedan Style e A 200 Sedan Advance. O modelo, apresentado no Sal\u00e3o do Autom\u00f3vel de S\u00e3o Paulo de 2018, completa a sua fam\u00edlia no Pa\u00eds, que agora comtempla as carrocerias hatch e sedan. Com motor quatro cilindros turbo de 163 cv, o autom\u00f3vel segue a nova linha de design da marca, refor\u00e7ando a sua jovialidade.<\/p>&nbsp;&nbsp;\n<p>O Classe A Sedan apresenta praticidade e foi projetado para proporcionar o m\u00e1ximo de conforto para o uso cotidiano. Com espa\u00e7o acima da m\u00e9dia para os ombros, cotovelos e cabe\u00e7a, o modelo tamb\u00e9m possui f\u00e1cil acesso \u00e0 traseira e est\u00e1 no topo do segmento devido ao seu espa\u00e7o superior, do assento at\u00e9 o teto, de 944 mm. O porta-malas cont\u00e9m 430 litros de capacidade, com abertura de 950 mm de largura e uma diagonal de 462 mm entre a fechadura e a borda inferior da janela traseira, facilitando a carga e descarga.<\/p>&nbsp;&nbsp;\n<p><a href=\"https:\/\/www.carpointnews.com.br\/mercedes-benz-classe-a-sedan-comeca-a-ser-vendido-no-brasil-por-iniciais-r-139-900\/mercedes-benz-classe-a-sedan-comeca-a-ser-vendido-no-brasil-2\/\" rel=\"attachment wp-att-73139\"><img \"alignnone size-full wp-image-73139&#8243; src=&#8221;https:\/\/www.carpointnews.com.br\/wp-content\/uploads\/2019\/07\/Mercedes-Benz-Classe-A-Sedan-come%C3%A7a-a-ser-vendido-no-Brasil-2.jpg&#8221; alt width=&#8221;1434&#8243; height=&#8221;813&#8243; srcset=&#8221;https:\/\/www.carpointnews.com.br\/wp-content\/uploads\/2019\/07\/Mercedes-Benz-Classe-A-Sedan-come\u00e7a-a-ser-vendido-no-Brasil-2.jpg 1434w, https:\/\/www.carpointnews.com.br\/wp-content\/uploads\/2019\/07\/Mercedes-Benz-Classe-A-Sedan-come\u00e7a-a-ser-vendido-no-Brasil-2-300&#215;170.jpg 300w, https:\/\/www.carpointnews.com.br\/wp-content\/uploads\/2019\/07\/Mercedes-Benz-Classe-A-Sedan-come\u00e7a-a-ser-vendido-no-Brasil-2-768&#215;435.jpg 768w, https:\/\/www.carpointnews.com.br\/wp-content\/uploads\/2019\/07\/Mercedes-Benz-Classe-A-Sedan-come\u00e7a-a-ser-vendido-no-Brasil-2-1024&#215;581.jpg 1024w, https:\/\/www.carpointnews.com.br\/wp-content\/uploads\/2019\/07\/Mercedes-Benz-Classe-A-Sedan-come\u00e7a-a-ser-vendido-no-Brasil-2-390&#215;220.jpg 390w, https:\/\/www.carpointnews.com.br\/wp-content\/uploads\/2019\/07\/Mercedes-Benz-Classe-A-Sedan-come\u00e7a-a-ser-vendido-no-Brasil-2-120&#215;68.jpg 120w&#8221; sizes=&#8221;(max-width: 1434px) 100vw, 1434px&#8221;><\/a><\/p>\n<p>O modelo oferece o sistema multim\u00eddia inteligente e intuitivo MBUX \u2013 Mercedes-Benz User Experience, com cockpit Widescreen de alta resolu\u00e7\u00e3o e diversas possibilidades de opera\u00e7\u00e3o. Na vers\u00e3o Advance, com duas telas integradas de 10,25 polegadas, as fun\u00e7\u00f5es podem ser acionadas por meio do volante multifuncional, do \u201ctouchpad\u201d no console central, via toque no pr\u00f3prio display de m\u00eddia ou pelo controle vocal inteligente com reconhecimento de fala, ativado por meio das palavras-chave \u201cOl\u00e1\u201d, \u201cOi\u201d ou \u201cE A\u00ed\u201d seguidas por \u201cMercedes\u201d. Fun\u00e7\u00f5es como ajuste do ar condicionado, escolha de uma esta\u00e7\u00e3o de r\u00e1dio e abertura da persiana do teto-solar podem ser facilmente acessadas por meio do comando de voz.<\/p>&nbsp;&nbsp;\n<p>A vers\u00e3o Advance traz o pacote Progressive, que adicionalmente oferece duas sa\u00eddas de escape vis\u00edveis, friso das janelas cromados, acabamento de painel em alum\u00ednio escovado, detalhes no volante e portas em alum\u00ednio, e assentos conforto totalmente em ARTICO, com duas op\u00e7\u00f5es de cores (preto ou bege). Al\u00e9m disso, o autom\u00f3vel conta com teto solar el\u00e9trico panor\u00e2mico e banco do motorista com ajustes el\u00e9tricos e mem\u00f3ria.<\/p>&nbsp;&nbsp;\n<p>Para a vers\u00e3o Style, que conta com duas telas integradas de sete polegadas, as fun\u00e7\u00f5es do MBUX tamb\u00e9m est\u00e3o dispon\u00edveis, com exce\u00e7\u00e3o do comando de voz. Al\u00e9m disso, o modelo conta com o pacote visual Style que traz a grade do radiador em formato diamante, com pinos pretos, para-choque dianteiro em formato \u201cA-wing\u201d, caracter\u00edstica de modelos AMG, e assentos conforto em tr\u00eas op\u00e7\u00f5es de cores com design arrojado (todo preto, todo azul escuro ou o bicolor cinza claro\/cinza escuro com costuras vermelhas).<\/p>&nbsp;&nbsp;\n<p>O novo Classe A Sedan oferece integra\u00e7\u00e3o com smartphone por meio dos sistemas Apple CarPlay e Android Auto, que possibilita a navega\u00e7\u00e3o com Waze. O modelo tamb\u00e9m possui c\u00e2mera traseira de alta resolu\u00e7\u00e3o com linhas auxiliares din\u00e2micas que oferecem apoio durante a manobra para estacionar, al\u00e9m de rodas de liga leve, com cinco raios de 18\u2019\u2019.<\/p>&nbsp;&nbsp;\n<p>Equipado com motor de quatro cilindros turbo de 163 cv e 250 Nm de torque, o autom\u00f3vel cont\u00e9m transmiss\u00e3o de dupla embreagem 7G-DCT de sete velocidades. Al\u00e9m disso, o motor a gasolina M 282 tem 1,33 litros de cilindrada e um sistema autom\u00e1tico de desativa\u00e7\u00e3o de cilindros: em baixa rota\u00e7\u00e3o, o motor atua somente com dois cilindros e em alta rota\u00e7\u00e3o com quatro cilindros, oferecendo uma maior efici\u00eancia de combust\u00edvel. O ve\u00edculo tamb\u00e9m possui o Assistente de Frenagem Ativo e, dependendo da situa\u00e7\u00e3o, pode reduzir as consequ\u00eancias de colis\u00f5es traseiras ou at\u00e9 mesmo evit\u00e1-las totalmente.<\/p>&nbsp;&nbsp;\n<p>O Classe A \u00e9 o primeiro modelo da Mercedes-Benz desenvolvido no Centro de Tecnologia para Seguran\u00e7a Veicular (TFS). Por esse motivo, o projeto das estruturas do ve\u00edculo incorpora descobertas da pesquisa de acidentes reais. Cada componente individual da estrutura da carroceria foi desenvolvido de acordo com as cargas e tens\u00f5es correspondentes \u00e0 geometria e espessura dos materiais, contemplando tecnologia e qualidade.<\/p>&nbsp;&nbsp;\n<p>Para refor\u00e7ar a seguran\u00e7a, o ve\u00edculo \u00e9 equipado com airbags dianteiros e laterais dianteiros para motorista e passageiro, e airbags laterais de janela, totalizando sete airbags. Diferente de outros modelos, o airbag de janela tamb\u00e9m cobre a coluna A, para uma prote\u00e7\u00e3o mais completa dos passageiros. Al\u00e9m disso, o autom\u00f3vel traz airbag de joelhos para o motorista, que proporciona prote\u00e7\u00e3o para as pernas em uma colis\u00e3o e estabilidade adicional para toda a estrutura f\u00edsica do condutor.<\/p>&nbsp;&nbsp;\n<p>A vers\u00e3o A 200 Sedan Style est\u00e1 dispon\u00edvel nos concession\u00e1rios da marca no Brasil por R$ 139.900. Enquanto o A 200 Sedan Advance \u00e9 o primeiro modelo do segmento premium, com sistema de comando por voz sem a necessidade de pressionar teclas, pelo pre\u00e7o sugerido de R$ 169.900.<\/p>&nbsp;&nbsp;\n<p>Fonte: https:\/\/www.mercedes-benz.com.br\/<\/p>\n","protected":false},"excerpt":{"rendered":"<p>A Mercedes-Benz inicia as vendas do Classe A Sedan no Brasil nas vers\u00f5es A 200&#8230;<\/p>\n","protected":false},"author":1,"featured_media":0,"comment_status":"open","ping_status":"open","sticky":false,"template":"","format":"standard","meta":{"fifu_image_url":"","fifu_image_alt":"","footnotes":""},"categories":[8699],"tags":[10071],"class_list":["post-75339","post","type-post","status-publish","format-standard","hentry","category-geralcarros","tag-a-200-sedan-style-e-a-200-sedan-advancecarrosmercedes-benz-classe-a-sedannoticias","wpcat-8699-id"],"_links":{"self":[{"href":"https:\/\/verde-amarelo.net\/verdeamarelo\/wp-json\/wp\/v2\/posts\/75339","targetHints":{"allow":["GET"]}}],"collection":[{"href":"https:\/\/verde-amarelo.net\/verdeamarelo\/wp-json\/wp\/v2\/posts"}],"about":[{"href":"https:\/\/verde-amarelo.net\/verdeamarelo\/wp-json\/wp\/v2\/types\/post"}],"author":[{"embeddable":true,"href":"https:\/\/verde-amarelo.net\/verdeamarelo\/wp-json\/wp\/v2\/users\/1"}],"replies":[{"embeddable":true,"href":"https:\/\/verde-amarelo.net\/verdeamarelo\/wp-json\/wp\/v2\/comments?post=75339"}],"version-history":[{"count":0,"href":"https:\/\/verde-amarelo.net\/verdeamarelo\/wp-json\/wp\/v2\/posts\/75339\/revisions"}],"wp:attachment":[{"href":"https:\/\/verde-amarelo.net\/verdeamarelo\/wp-json\/wp\/v2\/media?parent=75339"}],"wp:term":[{"taxonomy":"category","embeddable":true,"href":"https:\/\/verde-amarelo.net\/verdeamarelo\/wp-json\/wp\/v2\/categories?post=75339"},{"taxonomy":"post_tag","embeddable":true,"href":"https:\/\/verde-amarelo.net\/verdeamarelo\/wp-json\/wp\/v2\/tags?post=75339"}],"curies":[{"name":"wp","href":"https:\/\/api.w.org\/{rel}","templated":true}]}}