{"id":75399,"date":"2019-07-15T00:20:32","date_gmt":"2019-07-15T03:20:32","guid":{"rendered":"https:\/\/verde-amarelo.net\/verdeamarelo\/2019\/07\/em-minas-gerais-andre-marques-e-o-campeao-da-segunda-copa\/"},"modified":"2019-07-15T00:20:32","modified_gmt":"2019-07-15T03:20:32","slug":"em-minas-gerais-andre-marques-e-o-campeao-da-segunda-copa","status":"publish","type":"post","link":"https:\/\/verde-amarelo.net\/verdeamarelo\/2019\/07\/em-minas-gerais-andre-marques-e-o-campeao-da-segunda-copa\/","title":{"rendered":"Em Minas Gerais, Andr\u00e9 Marques \u00e9 o campe\u00e3o da Segunda Copa"},"content":{"rendered":"<p>Piloto que mais somou pontos em 2019 da Copa Truck, Andr\u00e9 Marques viu seu trabalho ser recompensado neste domingo em Minas Gerais com a conquista da Segunda Copa do ano, que consistiu das etapas 3 e 4 da temporada, em Londrina e Curvelo, respectivamente. O piloto da Mercedes-Benz levantou o trof\u00e9u de campe\u00e3o pela segunda vez na carreira e novamente em solo mineiro \u2013 no ano passado ele havia triunfado na Copa Sudeste, cuja decis\u00e3o tamb\u00e9m aconteceu no Circuito dos Cristais.<\/p>&nbsp;&nbsp;\n<p>O piloto do caminh\u00e3o #77 n\u00e3o conteve as l\u00e1grimas ap\u00f3s a bandeirada por conta das emo\u00e7\u00f5es que viveu no fim de semana, entre elas a desclassifica\u00e7\u00e3o na tomada de tempos por conta do excesso de fuma\u00e7a, que o fez ter de contruir seu resultado do zero ao ter de largar do fim do pelot\u00e3o. Com bastante cabe\u00e7a para evitar as confus\u00f5es e uma pilotagem consistente, Marques escalou para o s\u00e9timo lugar na corrida 1 e, mesmo sem o para-choques dianteiro, que tirou boa parte do equil\u00edbrio aerodin\u00e2mico de seu bruto, conseguiu tirar vantagem de largar na primeira fila por conta do grid invertido, permaneceu no topo do pelot\u00e3o e correu para o abra\u00e7o ao fim da corrida.<\/p>&nbsp;&nbsp;\n<p>\u201cFinal de semana foi bem dif\u00edcil. Tive problemas com fuma\u00e7a na classifica\u00e7\u00e3o e larguei atr\u00e1s. Hoje foi tudo na supera\u00e7\u00e3o. Fiz uma corrida com cabe\u00e7a e tive a felicidade de largar na frente na Corrida 2. Consegui me manter entre os primeiros a prova toda e no final meu caminh\u00e3o come\u00e7ou a esquentar muito. Preferi n\u00e3o for\u00e7ar, pensando mais no t\u00edtulo da Copa do que no resultado da corrida. Estou muito feliz pelo t\u00edtulo da segunda copa. Essa temporada est\u00e1 sendo uma supera\u00e7\u00e3o em cima da outra. Nosso trabalho \u00e9 muito forte na equipe, est\u00e3o todos de parab\u00e9ns\u201d, destacou o novo campe\u00e3o, que havia sido terceiro na primeira Copa e j\u00e1 estava classificado para a Grande Final, em dezembro no Aut\u00f3dromo de Interlagos.<\/p>&nbsp;&nbsp;\n<p>O vice-campeonato ficou com Roberval Andrade, que perdeu o t\u00edtulo por conta de um acr\u00e9scimo de 20 segundos em seu tempo final na corrida 2 por ter sido considerado culpado no toque com Paulo Salustiano na terceira volta da segunda corrida, caindo de segundo para sexto no resultado final. Beto Monteiro, o campe\u00e3o da Primeira Copa do ano, levou o Trof\u00e9u de Bronze e pontos extras importantes para a Grande Final. Al\u00e9m de Marques, Andrade e Monteiro, Felipe Giaffone tamb\u00e9m j\u00e1 est\u00e1 garantido na decis\u00e3o pelo vice-campeonato na Primeira Copa.<\/p>&nbsp;&nbsp;\n<p>Horas ap\u00f3s o t\u00e9rmino da etapa, os comiss\u00e1rios detectaram que Leandro Totti, vencedor das duas corridas na pista, havia competido sem o restritor de pot\u00eancia de seu caminh\u00e3o \u2013 uma falha admitida pela equipe PP ap\u00f3s a corrida. Por conta disso, Totti foi desclassificado das duas corridas e as vit\u00f3rias ficaram para Salustiano e Marques.<\/p>&nbsp;&nbsp;\n<p>A Copa Truck abre a disputa de mais uma Copa no dia 18 de agosto em Santa Cruz do Sul e define mais tr\u00eas finalistas no dia 1\u00ba de setembro, em Rivera, no Uruguai.<\/p>&nbsp;&nbsp;\n<p><strong>Corrida 1<\/strong><br \/>1. Paulo Salustiano (Volkswagen), 14 voltas em 25min44s797<br \/>2. Wellington Cirino (Mercedes-Benz), a 18s497<br \/>3. Roberval Andrade (Mercedes-Benz), a 19s178<br \/>4. Pedro Paulo Fernandes (Mercedes-Benz), 22s413<br \/>5. Beto Monteiro (Volkswagen), a 22s444<br \/>6. Regis Boessio (Volvo), a 24s115<br \/>7. Andr\u00e9 Marques (Mercedes-Benz), a 36s820<br \/>8. Jaidson Zini (Iveco), a 39s677<br \/>9. Renato Martins (Volkswagen), a 41s531<br \/>10. Debora Rodrigues (Mercedes-Benz), a 59s044<br \/>11. Luiz Carlos Zapelini (MAN), a 59s267<br \/>12. Djalma Foga\u00e7a (Ford), a 1min06s638<br \/>13. Jos\u00e9 Augusto Dias (Volkswagen), a 1min08s021<br \/>14. F\u00e1bio Foga\u00e7a (Ford), a 1min37s109<br \/>15. Hiro Yano (Mercedes-Benz), a 1min37s992<br \/>16. Clodoaldo Monteiro (MAN), a 1min38s266<br \/>17. Djalma Pivetta (Iveco), a 1min41s233<\/p>\n<p><span>N\u00e3o classificados<\/span><br \/>Felipe Giaffone (Iveco), a 10 voltas<br \/>Luiz Lopes (Iveco), a 14 voltas<br \/>Leandro Totti (Mercedes-Benz), desclassificado<\/p>\n<p><em>Melhor volta:<\/em>&nbsp;Paulo Salustiano, 1min48s190 (m\u00e9dia de 110,805 km\/h)<\/p>\n<p><strong>Corrida 2<\/strong><br \/>1. Andr\u00e9 Marques (Mercedes-Benz),14 voltas em 25min52s302<br \/>2. Regis Boessio (Volvo), a 14s781<br \/>3. Pedro Paulo Fernandes (Mercedes-Benz), a 15s338<br \/>4. Luiz Carlos Zapelini (MAN), a 27s137<br \/>5. Jaidson Zini (Iveco), a 29s760<br \/>6. Roberval Andrade (Mercedes-Benz), a 32s942<br \/>7. Beto Monteiro (Volkswagen), a 37s000<br \/>8. Djalma Pivetta (Iveco), a 1min07s266<br \/>9. Clodoaldo Monteiro (MAN), a 1min08s524<br \/>10. Renato Martins (Volkswagen), a 1 volta<br \/>11. Jos\u00e9 Augusto Dias (Volkswagen), a 1 volta<br \/>12. Paulo Salustiano (Volkswagen), a 4 voltas<\/p>\n<p><span>N\u00e3o classificados<\/span><br \/>D\u00e9bora Rodrigues (Mercedes-Benz), a 5 voltas<br \/>Wellington Cirino (Mercedes-Benz), a 6 voltas<br \/>Djalma Foga\u00e7a (Ford), a 6 voltas<br \/>Hiro Yano (Mercedes-Benz), a 6 voltas<br \/>Fabio Foga\u00e7a (Ford), a 9 voltas<br \/>Leandro Totti (Mercedes-Benz), desclassificado<\/p>\n<p><em>Melhor volta:<\/em>&nbsp;Paulo Salustiano, 1min48s730 (m\u00e9dia de 110,255 km\/h)<\/p>\n<p><strong>Classifica\u00e7\u00e3o da Segunda Copa<\/strong><\/p>\n<p>1. Andr\u00e9 Marques, 63<br \/>2. Roberval Andrade, 62<br \/>3. Beto Monteiro, 53<br \/>4. Renato Martins, 49<br \/>5. Paulo Salustiano e Luiz Carlos Zapelini, 44<br \/>7. Regis Boessio, 41<br \/>8. Pedro Paulo Fernadnes, 37<br \/>9. Jaidson Zini, 37<br \/>10. D\u00e9bora Rodrigues, 35<br \/>11. Adalberto Jardim, 25<br \/>12. Wellington Cirino, 24<br \/>13. Clodoaldo Monteiro, 23<br \/>14. F\u00e1bio Carvalho, 19<br \/>15. Jos\u00e9 Augusto Dias, 12<br \/>16. Luiz Lopes e Djalma Pivetta, 11<br \/>18. Djalma Foga\u00e7a, 8<br \/>19. F\u00e1bio Foga\u00e7a e Jo\u00e3o Maistro, 6<br \/>21. Hiro Yano, 5<br \/>Sem pontos: Felipe Giaffone, Maikon Lauck e Leandro Totti<\/p>\n<p><strong>Mais fotos para download: www.flickr.com\/copatruck&nbsp; &nbsp;<\/strong><\/p>\n<p><strong>Fique por dentro de nossas redes sociais<\/strong><br \/><strong>Instagram:&nbsp;<a href=\"http:\/\/www.instagram.com\/copatruck\">www.instagram.com\/copatruck<\/a>&nbsp;&nbsp;<\/strong><br \/><strong>Facebook:&nbsp;<a href=\"http:\/\/www.facebook.com\/copatruck\">www.facebook.com\/copatruck&nbsp;<\/a>&nbsp;<\/strong><br \/><strong>Twitter:&nbsp;<a href=\"http:\/\/www.twitter.com\/copatruck\">www.twitter.com\/copatruck<\/a>&nbsp;<\/strong><\/p>\n","protected":false},"excerpt":{"rendered":"<p>Piloto que mais somou pontos em 2019 da Copa Truck, Andr\u00e9 Marques viu seu trabalho&#8230;<\/p>\n","protected":false},"author":1,"featured_media":0,"comment_status":"open","ping_status":"open","sticky":false,"template":"","format":"standard","meta":{"fifu_image_url":"","fifu_image_alt":"","footnotes":""},"categories":[727],"tags":[10082],"class_list":["post-75399","post","type-post","status-publish","format-standard","hentry","category-noticias","tag-andre-marquescopa-truckcurvelonoticiassegunda-copatemporada-2019","wpcat-727-id"],"_links":{"self":[{"href":"https:\/\/verde-amarelo.net\/verdeamarelo\/wp-json\/wp\/v2\/posts\/75399","targetHints":{"allow":["GET"]}}],"collection":[{"href":"https:\/\/verde-amarelo.net\/verdeamarelo\/wp-json\/wp\/v2\/posts"}],"about":[{"href":"https:\/\/verde-amarelo.net\/verdeamarelo\/wp-json\/wp\/v2\/types\/post"}],"author":[{"embeddable":true,"href":"https:\/\/verde-amarelo.net\/verdeamarelo\/wp-json\/wp\/v2\/users\/1"}],"replies":[{"embeddable":true,"href":"https:\/\/verde-amarelo.net\/verdeamarelo\/wp-json\/wp\/v2\/comments?post=75399"}],"version-history":[{"count":0,"href":"https:\/\/verde-amarelo.net\/verdeamarelo\/wp-json\/wp\/v2\/posts\/75399\/revisions"}],"wp:attachment":[{"href":"https:\/\/verde-amarelo.net\/verdeamarelo\/wp-json\/wp\/v2\/media?parent=75399"}],"wp:term":[{"taxonomy":"category","embeddable":true,"href":"https:\/\/verde-amarelo.net\/verdeamarelo\/wp-json\/wp\/v2\/categories?post=75399"},{"taxonomy":"post_tag","embeddable":true,"href":"https:\/\/verde-amarelo.net\/verdeamarelo\/wp-json\/wp\/v2\/tags?post=75399"}],"curies":[{"name":"wp","href":"https:\/\/api.w.org\/{rel}","templated":true}]}}