{"id":75400,"date":"2019-07-13T16:59:24","date_gmt":"2019-07-13T19:59:24","guid":{"rendered":"https:\/\/verde-amarelo.net\/verdeamarelo\/2019\/07\/cirino-marca-sua-segunda-pole-do-ano-em-curvelo\/"},"modified":"2019-07-13T16:59:24","modified_gmt":"2019-07-13T19:59:24","slug":"cirino-marca-sua-segunda-pole-do-ano-em-curvelo","status":"publish","type":"post","link":"https:\/\/verde-amarelo.net\/verdeamarelo\/2019\/07\/cirino-marca-sua-segunda-pole-do-ano-em-curvelo\/","title":{"rendered":"Cirino marca sua segunda pole do ano em Curvelo"},"content":{"rendered":"<p>Wellington Cirino conquistou neste s\u00e1bado sua segunda pole position na temporada 2019 da Copa Truck e a segunda consecutiva no Circuito dos Cristais, em Curvelo (MG), que recebe neste fim de semana a quarta etapa do ano, que define mais tr\u00eas finalistas para a Grande Final de dezembro em Interlagos (SP).<\/p>&nbsp;&nbsp;\n<p>Com o tempo de 1min47s014, Cirino ficou somente 0s021 \u00e0 frente de Leandro Totti, na disputa particular dos paranaenses que correm de Mercedes-Benz que durou at\u00e9 a bandeirada final, quando Totti tentou dar o troco mas n\u00e3o conseguiu. \u201cA equipe est\u00e1 de parab\u00e9ns, pois pegamos as li\u00e7\u00f5es do ano passado e melhoramos mais o caminh\u00e3o. Que a gente consiga come\u00e7ar aqui nossa rea\u00e7\u00e3o na temporada\u201d, destaca o pole.<\/p>&nbsp;&nbsp;\n<p>A segunda fila ter\u00e1 o Volkswagen de Paulo Salustiano e o Iveco de Felipe Giaffone, que parou no fim do Q2 com problemas, seguido de Pedro Paulo Fernandes, em sua melhor participa\u00e7\u00e3o na Copa Truck com o quinto lugar, seguido de outra grata surpresa, R\u00e9gis Bo\u00e9ssio. Os dois l\u00edderes da Segunda Copa, Roberval Andrade (Mercedes-Benz) e Renato Martins (Volkswagen) dividem a quarta fila.<\/p>&nbsp;&nbsp;\n<p>J\u00e1 outros dois na briga direta pelo t\u00edtulo, Andr\u00e9 Marques (Mercedes-Benz) e Beto Monteiro (Volkswagen) tinham garantido na pista a vaga para o Q2, mas foram punidos com o excesso de fuma\u00e7a e, com isso, sair\u00e3o do fundo do grid. Ambos n\u00e3o conseguiram esconder a frustra\u00e7\u00e3o. \u201cRegras s\u00e3o regras, apesar de achar injusto, vamos acatar e repensar nossa estrat\u00e9gia, pois o caminh\u00e3o estava muito bom, mesmo com alguns pequenos probleminhas\u201d, resume Monteiro, campe\u00e3o da Primeira Copa do ano.<\/p>&nbsp;&nbsp;\n<p>Azar de uns, sorte de outros: com o problema de Monteiro e Beto, Luiz Carlos Zapelini e Debora Rodrigues subiram para o top 10 do grid de 21 caminh\u00f5es. Outro bom destaque foi o 12\u00ba lugar de F\u00e1bio Foga\u00e7a, que vem tendo uma temporada muito dif\u00edcil com o Ford de sua equipe, que vem passando por uma profunda reformula\u00e7\u00e3o. A quarta etapa da Copa Truck acontece neste domingo a partir das 14 horas (de Bras\u00edlia), com transmiss\u00e3o ao vivo e exclusiva do SporTV3.<\/p>&nbsp;&nbsp;\n","protected":false},"excerpt":{"rendered":"<p>Wellington Cirino conquistou neste s\u00e1bado sua segunda pole position na temporada 2019 da Copa Truck&#8230;<\/p>\n","protected":false},"author":1,"featured_media":0,"comment_status":"open","ping_status":"open","sticky":false,"template":"","format":"standard","meta":{"fifu_image_url":"","fifu_image_alt":"","footnotes":""},"categories":[727],"tags":[10083],"class_list":["post-75400","post","type-post","status-publish","format-standard","hentry","category-noticias","tag-copa-trucknoticiastemporada-2019","wpcat-727-id"],"_links":{"self":[{"href":"https:\/\/verde-amarelo.net\/verdeamarelo\/wp-json\/wp\/v2\/posts\/75400","targetHints":{"allow":["GET"]}}],"collection":[{"href":"https:\/\/verde-amarelo.net\/verdeamarelo\/wp-json\/wp\/v2\/posts"}],"about":[{"href":"https:\/\/verde-amarelo.net\/verdeamarelo\/wp-json\/wp\/v2\/types\/post"}],"author":[{"embeddable":true,"href":"https:\/\/verde-amarelo.net\/verdeamarelo\/wp-json\/wp\/v2\/users\/1"}],"replies":[{"embeddable":true,"href":"https:\/\/verde-amarelo.net\/verdeamarelo\/wp-json\/wp\/v2\/comments?post=75400"}],"version-history":[{"count":0,"href":"https:\/\/verde-amarelo.net\/verdeamarelo\/wp-json\/wp\/v2\/posts\/75400\/revisions"}],"wp:attachment":[{"href":"https:\/\/verde-amarelo.net\/verdeamarelo\/wp-json\/wp\/v2\/media?parent=75400"}],"wp:term":[{"taxonomy":"category","embeddable":true,"href":"https:\/\/verde-amarelo.net\/verdeamarelo\/wp-json\/wp\/v2\/categories?post=75400"},{"taxonomy":"post_tag","embeddable":true,"href":"https:\/\/verde-amarelo.net\/verdeamarelo\/wp-json\/wp\/v2\/tags?post=75400"}],"curies":[{"name":"wp","href":"https:\/\/api.w.org\/{rel}","templated":true}]}}