{"id":75560,"date":"2019-08-17T18:49:37","date_gmt":"2019-08-17T21:49:37","guid":{"rendered":"https:\/\/verde-amarelo.net\/verdeamarelo\/2019\/08\/beto-monteiro-surpreende-e-faz-pole-em-santa-cruz-do-sul\/"},"modified":"2019-08-17T18:49:37","modified_gmt":"2019-08-17T21:49:37","slug":"beto-monteiro-surpreende-e-faz-pole-em-santa-cruz-do-sul","status":"publish","type":"post","link":"https:\/\/verde-amarelo.net\/verdeamarelo\/2019\/08\/beto-monteiro-surpreende-e-faz-pole-em-santa-cruz-do-sul\/","title":{"rendered":"Beto Monteiro surpreende e faz pole em Santa Cruz do Sul"},"content":{"rendered":"<p>Conduzindo seu Volkswagen Constellation, Beto Monteiro deu o pulo do gato e surpreendeu a todos no grid ao conquistar a pole position para a etapa de Santa Cruz da Copa Truck. Esta \u00e9 sua segunda pole no ano e a primeira \u201cde verdade\u201d, uma vez que, em Londrina, ele herdou a posi\u00e7\u00e3o de honra ap\u00f3s a desclassifica\u00e7\u00e3o de Wellington Cirino.<\/p>&nbsp;&nbsp;\n<p>O feito de Beto ganha contornos mais fortes se for levado em conta que ele teve problemas em seu equipamento na sexta-feira e, em nenhum momento, havia mostrado potencial para brigar pela primeira posi\u00e7\u00e3o. Por\u00e9m, com uma volta voadora em sua pen\u00faltima tentativa, o pernambucano desbancou os favoritos Leandro Totti (por apenas 0s054)&nbsp;e Wellington Cirino.<\/p>&nbsp;&nbsp;\n<p>\u201cEstou muito feliz. Nem eu esperava essa pole por conta dos problemas que tive ontem. Estou em uma das melhores fases profissionais da minha vida e espero poder sair deste fim de semana com mais dois resultados positivos\u201d, destacou o pole position. Totti, que andou no fio da navalha e quase bateu duas vezes, ficou em terceiro a 0s124 da pole. \u201cSa\u00ed para a pista e vi que aconteceu algo e meu caminh\u00e3o come\u00e7ou a ter problemas.<\/p>&nbsp;&nbsp;\n<p>J\u00e1 Wellington Cirino saiu um pouco decepcionado da disputa, uma vez que era o favorito \u00e0 pole junto com Totti, mas acabou o s\u00e1bado em quarto, atr\u00e1s tamb\u00e9m do Volkswagen de Paulo Salustiano. \u201cErrei na minha volta r\u00e1pida. Mas temos uma corrida pela frente. Neste ano, quando larguei da pole fui mal na corrida; que seja o contr\u00e1rio desta vez\u201d, conclui o paranaense, que tem duas poles mas n\u00e3o conseguiu converter nenhuma delas em vit\u00f3ria.<\/p>&nbsp;&nbsp;\n<p>A largada para a primeira das duas provas acontece neste domingo \u00e0s 13h e tudo ser\u00e1 exibido ao vivo pelo SporTV2. Confira abaixo o grid de largada completo:<\/p>\n<p>1. Beto Monteiro (Volkswagen), 1min44s023<br \/>2. Leandro Totti (Mercedes-Benz), 1min44s147<br \/>3. Paulo Salustiano (Volkswagen), 1min44s231<br \/>4. Wellington Cirino (Mercedes-Benz), 1min44s352<br \/>5. Renato Martins (Volkswagen), 1min44s869<br \/>6. Andr\u00e9 Marques (Mercedes-Benz), 1min45s173<br \/>7. Felipe Giaffone (Iveco), 1min45s579<\/p>\n<p><em>Pilotos que ficaram fora do Top Qualifying<\/em><br \/>8. Debora Rodrigues (Mercedes-Benz), 1min45s465<br \/>9. Regis Boessio (Volvo), 1min46s304<br \/>10. Clodoaldo Monteiro (MAN), 1min46s580<br \/>11. Luiz Carlos Zapelini (MAN), 1min47s540<br \/>12. Luiz Lopes (Iveco), 1min47s631<br \/>13. Jaidson Zini (Iveco), 1min47s637<br \/>14. Witold Ramasauskas (Mercedes-Benz), 1min47s699<br \/>15. Djalma Foga\u00e7a (Ford), 1min48s376<br \/>16. Jos\u00e9 Augusto Dias (Volkswagen), 1min48s539<br \/>17. Danilo Alamini (Iveco), 1min49s594<br \/>18. Djalma Pivetta (Iveco), 1min49s973<br \/>19. Adalberto Jardim (Ford), sem tempo<br \/>20. Pedro Paulo Fernandes (Mercedes-Benz), sem tempo<br \/>21. F\u00e1bio Foga\u00e7a (Ford), sem tempo<\/p>\n<p><em>Desclassificado por irregularidade t\u00e9cnica<\/em><br \/>22. Roberval Andrade (Mercedes-Benz)<\/p>\n<p><strong>Programa\u00e7\u00e3o do fim de semana<\/strong><\/p>\n<p>Domingo, 18 de agosto<br \/>08h00 \u2013 08h15: CLA AMG e C250 \u2013 Warm Up<br \/>08h20 \u2013 08h35: Copa HB20- Warm Up<br \/>08h40 \u2013 08h55: Copa Truck \u2013 Warm Up<br \/>08h55 \u2013 09h45: A\u00e7\u00e3o Promocional Speed Truck<br \/>09h00 \u2013 09h45: Visita\u00e7\u00e3o aos Boxes\/Atra\u00e7\u00f5es de Pista<br \/>09h55 \u2013 10h15: Desfile dos Pilotos<br \/>10h40: Mercedes-Benz Challenge \u2013 corrida<br \/>12h00: Copa HB20 \u2013 Corrida 2<br \/>13h05: Copa Truck \u2013 Corrida 1<br \/>13h46: Copa Truck \u2013 Corrida 2<\/p>\n","protected":false},"excerpt":{"rendered":"<p>Conduzindo seu Volkswagen Constellation, Beto Monteiro deu o pulo do gato e surpreendeu a todos&#8230;<\/p>\n","protected":false},"author":1,"featured_media":0,"comment_status":"open","ping_status":"open","sticky":false,"template":"","format":"standard","meta":{"fifu_image_url":"","fifu_image_alt":"","footnotes":""},"categories":[727],"tags":[10117],"class_list":["post-75560","post","type-post","status-publish","format-standard","hentry","category-noticias","tag-beto-monteirocopa-trucknoticiassanta-cruz-do-sultemporada-2019","wpcat-727-id"],"_links":{"self":[{"href":"https:\/\/verde-amarelo.net\/verdeamarelo\/wp-json\/wp\/v2\/posts\/75560","targetHints":{"allow":["GET"]}}],"collection":[{"href":"https:\/\/verde-amarelo.net\/verdeamarelo\/wp-json\/wp\/v2\/posts"}],"about":[{"href":"https:\/\/verde-amarelo.net\/verdeamarelo\/wp-json\/wp\/v2\/types\/post"}],"author":[{"embeddable":true,"href":"https:\/\/verde-amarelo.net\/verdeamarelo\/wp-json\/wp\/v2\/users\/1"}],"replies":[{"embeddable":true,"href":"https:\/\/verde-amarelo.net\/verdeamarelo\/wp-json\/wp\/v2\/comments?post=75560"}],"version-history":[{"count":0,"href":"https:\/\/verde-amarelo.net\/verdeamarelo\/wp-json\/wp\/v2\/posts\/75560\/revisions"}],"wp:attachment":[{"href":"https:\/\/verde-amarelo.net\/verdeamarelo\/wp-json\/wp\/v2\/media?parent=75560"}],"wp:term":[{"taxonomy":"category","embeddable":true,"href":"https:\/\/verde-amarelo.net\/verdeamarelo\/wp-json\/wp\/v2\/categories?post=75560"},{"taxonomy":"post_tag","embeddable":true,"href":"https:\/\/verde-amarelo.net\/verdeamarelo\/wp-json\/wp\/v2\/tags?post=75560"}],"curies":[{"name":"wp","href":"https:\/\/api.w.org\/{rel}","templated":true}]}}